{"id":123508,"date":"2014-05-01T08:01:27","date_gmt":"2014-05-01T08:01:27","guid":{"rendered":"http:\/\/www.fuldaer-nachrichten.de\/?p=123508"},"modified":"2014-05-01T08:07:35","modified_gmt":"2014-05-01T08:07:35","slug":"ermann-gassner-jr-baut-mit-beifahrerin-ursula-mayrhofer-die-fuehrung-in-der-deutschen-rallye-meisterschaft-nach-spannendem-dreikampf-weiter-aus","status":"publish","type":"post","link":"https:\/\/www.fuldaernachrichten.de\/?p=123508","title":{"rendered":"Hermann Gassner jr. baut mit Beifahrerin Ursula Mayrhofer die F\u00fchrung in der Deutschen Rallye Meisterschaft nach spannendem Dreikampf weiter aus"},"content":{"rendered":"<p><a href=\"http:\/\/www.fuldaer-nachrichten.de\/wp-content\/uploads\/2014\/05\/GassnerJr_0414_RBHahn_Sprung.jpg\"><img decoding=\"async\" class=\"alignleft size-thumbnail wp-image-123509\" src=\"http:\/\/www.fuldaer-nachrichten.de\/wp-content\/uploads\/2014\/05\/GassnerJr_0414_RBHahn_Sprung-265x176.jpg\" alt=\"GassnerJr_0414_RBHahn_Sprung\" width=\"265\" height=\"176\" srcset=\"https:\/\/www.fuldaernachrichten.de\/wp-content\/uploads\/2014\/05\/GassnerJr_0414_RBHahn_Sprung-265x176.jpg 265w, https:\/\/www.fuldaernachrichten.de\/wp-content\/uploads\/2014\/05\/GassnerJr_0414_RBHahn_Sprung.jpg 600w\" sizes=\"(max-width: 265px) 100vw, 265px\" \/><\/a>Bei der Rallye Vogelsberg trafen erstmals alle bisherigen Rallyesieger der laufenden Saison zur Deutschen Rallye Meisterschaft (DRM) aufeinander. Neben Mark Wallenwein \/ Stefan Kopczyk auf Skoda und Ruben &amp;Thomas Zeltner auf Porsche trat auch das f\u00fchrende Team Hermann Gassner jr. \/ Ursula Mayrhofer auf Mitsubishi im hessischen Schlitz an. Bereits nach der Besichtigung war die Marschroute f\u00fcr Gassner jr. klar: \u201eAngriff! Wir werden jede Pr\u00fcfung ans Limit gehen m\u00fcssen, um hier ein W\u00f6rtchen um den Sieg mitreden zu k\u00f6nnen.\u201c<!--more--><\/p>\n<p>Gassner jr. wurde seiner Ansage gerecht, denn alle vier Freitagspr\u00fcfungen entschied er zu seinen Gunsten. Allerdings war der Abstand zum Zweitplatzierten denkbar klein. Wallenwein folgte mit nur 6,6 Sekunden R\u00fcckstand. \u201eSoweit ist alles in Ordnung. Unsere Taktik funktioniert, jedoch m\u00fcssen wir alles geben. Dem morgigen Tag blicken wir erwartungsvoll entgegen\u201c, gibt Beifahrerin Mayrhofer zu Protokoll.<\/p>\n<p>Die schnellen Landstra\u00dfen der Samstag-Vormittag-Schleife spielten Ruben Zeltner und seinem Porsche in die Karten. Er setzte drei Bestzeiten und schob sich knapp an Wallenwein auf den 2. Gesamtrang vor. An der Spitze behaupte sich Gassner jr. mit neun Sekunden Vorsprung. \u201eAm Nachmittag haben wir einen h\u00f6heren Schotteranteil, das sollte uns ein bisschen entgegen kommen\u201c, so Hermann im Service.<\/p>\n<p>Mit zwei weiteren Bestzeiten baute das deutsch \/ \u00f6sterreichische Duo im Laufe des Nachmittags die F\u00fchrung auf fast 19 Sekunden aus. Allerdings richteten alle Beteiligten ihre Blicke in Richtung Himmel. \u201eEs sieht nach Regen aus. Man sollte sich daher hinsichtlich des Endklassements noch nicht in Sicherheit wiegen.\u201c, sorgte sich der Leader. Wallenwein setzte alles auf eine Karte und w\u00e4hlte trotz aufziehender Regenwolken Slick-Reifen f\u00fcr die letzte Schleife. Gassner jr. setzte auf Intermed Reifen, einen Kompromiss aus Trocken- und Regenreifen. Diese Reifenvariante war die richtige Entscheidung und so konnte das Team den Gesamtsieg heimfahren.<\/p>\n<p>\u201eDie letzte Pr\u00fcfung verlangte uns noch einmal alles ab. Starker Regen, viel Aquaplaning und Schotterpassagen voller Schlamm. Ich bin froh jetzt im Ziel zu sein! Es freut mich sehr, dass wir unseren Vorsprung trotz der schwierigen Verh\u00e4ltnisse noch weiter ausbauen und die F\u00fchrung die gesamte Veranstaltung hindurch inne halten konnten.\u201c, sagte ein sichtlich zufriedener Gassner jr., \u201eDanke an mein Team, welches unser Auto wieder einmal mit gr\u00f6\u00dfter Routine, Perfektion und Sorgfalt betreut hat.\u201c<\/p>\n<p>Der Dreikampf um die Krone der Deutschen Rallyemeisterschaft setzt sich bereits diese Woche fort. In Sulingen findet der n\u00e4chste Lauf statt. Neben Gassner jr., Wallenwein und Zeltner werden auch zahlreiche hochkar\u00e4tige Gaststarter aus Holland mit PS-starken Boliden mitmischen. F\u00fcr das Team Gassner jr. \/ Mayrhofer gibt es nur eine Devise: \u201eVollgas!\u201c<\/p>\n<p><strong>Gesamtergebnis Hessen Rallye Vogelsberg<\/strong><\/p>\n<ol>\n<li>Gassner jr. \/ Mayrhofer, Mitsubishi Lancer Evo X<\/li>\n<li>Wallenwein \/ Kopczyk, Skoda Fabia S2000 \u00c2\u00a0\u00c2\u00a0\u00c2\u00a0\u00c2\u00a0\u00c2\u00a0\u00c2\u00a0\u00c2\u00a0\u00c2\u00a0 + 0:31,7 Minuten<\/li>\n<li>Zeltner \/ Zeltner, Porsche 911 GT3\u00c2\u00a0\u00c2\u00a0\u00c2\u00a0\u00c2\u00a0\u00c2\u00a0\u00c2\u00a0\u00c2\u00a0\u00c2\u00a0 \u00c2\u00a0\u00c2\u00a0\u00c2\u00a0\u00c2\u00a0\u00c2\u00a0\u00c2\u00a0\u00c2\u00a0\u00c2\u00a0 \u00c2\u00a0\u00c2\u00a0\u00c2\u00a0\u00c2\u00a0\u00c2\u00a0\u00c2\u00a0\u00c2\u00a0\u00c2\u00a0 + 1:27,8 Minuten<\/li>\n<li>Ga\u00dfner \/ Brock, Mitsubishi Lancer Evo X\u00c2\u00a0\u00c2\u00a0\u00c2\u00a0\u00c2\u00a0\u00c2\u00a0\u00c2\u00a0\u00c2\u00a0\u00c2\u00a0 + 2:49,1 Minuten<\/li>\n<li>Corazza \/ Gerlich, Mitsubishi Lancer Evo IX \u00c2\u00a0\u00c2\u00a0\u00c2\u00a0\u00c2\u00a0\u00c2\u00a0\u00c2\u00a0\u00c2\u00a0\u00c2\u00a0 + 3:38,0 Minuten<\/li>\n<\/ol>\n<p><strong>Stand Deutsche Rallye Meisterschaft nach 4 von 14 L\u00e4ufen<\/strong><\/p>\n<ol>\n<li>Gassner jr. \/ Mayrhofer \u00c2\u00a0\u00c2\u00a0\u00c2\u00a0\u00c2\u00a0\u00c2\u00a0\u00c2\u00a0\u00c2\u00a0\u00c2\u00a0 \u00c2\u00a0\u00c2\u00a0\u00c2\u00a0\u00c2\u00a0\u00c2\u00a0\u00c2\u00a0\u00c2\u00a0\u00c2\u00a0 Mitsubishi Evo X R4 \u00c2\u00a0\u00c2\u00a0\u00c2\u00a0\u00c2\u00a0\u00c2\u00a0\u00c2\u00a0\u00c2\u00a0\u00c2\u00a0 \u00c2\u00a0\u00c2\u00a0\u00c2\u00a0\u00c2\u00a0\u00c2\u00a0\u00c2\u00a0\u00c2\u00a0\u00c2\u00a0 75<\/li>\n<li>Gassner \/ Brock\u00c2\u00a0\u00c2\u00a0\u00c2\u00a0\u00c2\u00a0\u00c2\u00a0\u00c2\u00a0\u00c2\u00a0\u00c2\u00a0 \u00c2\u00a0\u00c2\u00a0\u00c2\u00a0\u00c2\u00a0\u00c2\u00a0\u00c2\u00a0\u00c2\u00a0\u00c2\u00a0 \u00c2\u00a0\u00c2\u00a0\u00c2\u00a0\u00c2\u00a0\u00c2\u00a0\u00c2\u00a0\u00c2\u00a0\u00c2\u00a0 Mitsubishi Evo X \u00c2\u00a0\u00c2\u00a0\u00c2\u00a0\u00c2\u00a0\u00c2\u00a0\u00c2\u00a0\u00c2\u00a0\u00c2\u00a0 \u00c2\u00a0\u00c2\u00a0\u00c2\u00a0\u00c2\u00a0\u00c2\u00a0\u00c2\u00a0\u00c2\u00a0\u00c2\u00a0 47<\/li>\n<li>Wallenwein \/ Kopczyk\u00c2\u00a0\u00c2\u00a0\u00c2\u00a0\u00c2\u00a0\u00c2\u00a0\u00c2\u00a0\u00c2\u00a0\u00c2\u00a0 \u00c2\u00a0\u00c2\u00a0\u00c2\u00a0\u00c2\u00a0\u00c2\u00a0\u00c2\u00a0\u00c2\u00a0\u00c2\u00a0 Skoda Fabia S2000\u00c2\u00a0\u00c2\u00a0\u00c2\u00a0\u00c2\u00a0\u00c2\u00a0\u00c2\u00a0\u00c2\u00a0\u00c2\u00a0 \u00c2\u00a0\u00c2\u00a0\u00c2\u00a0\u00c2\u00a0\u00c2\u00a0\u00c2\u00a0\u00c2\u00a0\u00c2\u00a0 46<\/li>\n<li>Zeltner \/ Zeltner\u00c2\u00a0\u00c2\u00a0\u00c2\u00a0\u00c2\u00a0\u00c2\u00a0\u00c2\u00a0\u00c2\u00a0\u00c2\u00a0 \u00c2\u00a0\u00c2\u00a0\u00c2\u00a0\u00c2\u00a0\u00c2\u00a0\u00c2\u00a0\u00c2\u00a0\u00c2\u00a0 \u00c2\u00a0\u00c2\u00a0\u00c2\u00a0\u00c2\u00a0\u00c2\u00a0\u00c2\u00a0\u00c2\u00a0\u00c2\u00a0 Porsche 997 GT 3 \u00c2\u00a0\u00c2\u00a0\u00c2\u00a0\u00c2\u00a0\u00c2\u00a0\u00c2\u00a0\u00c2\u00a0\u00c2\u00a0 \u00c2\u00a0\u00c2\u00a0\u00c2\u00a0\u00c2\u00a0\u00c2\u00a0\u00c2\u00a0\u00c2\u00a0\u00c2\u00a0 44<\/li>\n<li>Corazza \/ Gerlich\u00c2\u00a0\u00c2\u00a0\u00c2\u00a0\u00c2\u00a0\u00c2\u00a0\u00c2\u00a0\u00c2\u00a0\u00c2\u00a0 \u00c2\u00a0\u00c2\u00a0\u00c2\u00a0\u00c2\u00a0\u00c2\u00a0\u00c2\u00a0\u00c2\u00a0\u00c2\u00a0 \u00c2\u00a0\u00c2\u00a0\u00c2\u00a0\u00c2\u00a0\u00c2\u00a0\u00c2\u00a0\u00c2\u00a0\u00c2\u00a0 Mitsubishi Evo IX\u00c2\u00a0\u00c2\u00a0\u00c2\u00a0\u00c2\u00a0\u00c2\u00a0\u00c2\u00a0\u00c2\u00a0\u00c2\u00a0 \u00c2\u00a0\u00c2\u00a0\u00c2\u00a0\u00c2\u00a0\u00c2\u00a0\u00c2\u00a0\u00c2\u00a0\u00c2\u00a0 30<\/li>\n<\/ol>\n<p><strong>Die n\u00e4chsten Termine<\/strong><\/p>\n<p>02. \u2013 03.05.\u00c2\u00a0\u00c2\u00a0\u00c2\u00a0\u00c2\u00a0\u00c2\u00a0\u00c2\u00a0\u00c2\u00a0\u00c2\u00a0 27. ADAC Mobil Pegasus Rallye Sulinger Land (D)<\/p>\n<p>23. \u2013 24.05.\u00c2\u00a0\u00c2\u00a0\u00c2\u00a0\u00c2\u00a0\u00c2\u00a0\u00c2\u00a0\u00c2\u00a0\u00c2\u00a0 37. Rally Saturnus Rallye, Ljubljana (SLO)<\/p>\n","protected":false},"excerpt":{"rendered":"<div class=\"tmnf_excerpt\"><p>Bei der Rallye Vogelsberg trafen erstmals alle bisherigen Rallyesieger der laufenden Saison zur Deutschen Rallye Meisterschaft (DRM) aufeinander. Neben Mark Wallenwein \/ Stefan Kopczyk auf Skoda und Ruben &amp;Thomas Zeltner auf Porsche trat auch das f\u00fchrende Team Hermann Gassner jr. \/ Ursula Mayrhofer auf Mitsubishi im hessischen Schlitz an. Bereits nach der Besichtigung war die &hellip;<\/p>\n<\/div>","protected":false},"author":1,"featured_media":0,"comment_status":"closed","ping_status":"closed","sticky":false,"template":"","format":"standard","meta":{"footnotes":""},"categories":[1,35],"tags":[],"class_list":["post-123508","post","type-post","status-publish","format-standard","hentry","category-startseite","category-auto"],"_links":{"self":[{"href":"https:\/\/www.fuldaernachrichten.de\/index.php?rest_route=\/wp\/v2\/posts\/123508","targetHints":{"allow":["GET"]}}],"collection":[{"href":"https:\/\/www.fuldaernachrichten.de\/index.php?rest_route=\/wp\/v2\/posts"}],"about":[{"href":"https:\/\/www.fuldaernachrichten.de\/index.php?rest_route=\/wp\/v2\/types\/post"}],"author":[{"embeddable":true,"href":"https:\/\/www.fuldaernachrichten.de\/index.php?rest_route=\/wp\/v2\/users\/1"}],"replies":[{"embeddable":true,"href":"https:\/\/www.fuldaernachrichten.de\/index.php?rest_route=%2Fwp%2Fv2%2Fcomments&post=123508"}],"version-history":[{"count":2,"href":"https:\/\/www.fuldaernachrichten.de\/index.php?rest_route=\/wp\/v2\/posts\/123508\/revisions"}],"predecessor-version":[{"id":123519,"href":"https:\/\/www.fuldaernachrichten.de\/index.php?rest_route=\/wp\/v2\/posts\/123508\/revisions\/123519"}],"wp:attachment":[{"href":"https:\/\/www.fuldaernachrichten.de\/index.php?rest_route=%2Fwp%2Fv2%2Fmedia&parent=123508"}],"wp:term":[{"taxonomy":"category","embeddable":true,"href":"https:\/\/www.fuldaernachrichten.de\/index.php?rest_route=%2Fwp%2Fv2%2Fcategories&post=123508"},{"taxonomy":"post_tag","embeddable":true,"href":"https:\/\/www.fuldaernachrichten.de\/index.php?rest_route=%2Fwp%2Fv2%2Ftags&post=123508"}],"curies":[{"name":"wp","href":"https:\/\/api.w.org\/{rel}","templated":true}]}}