{"id":123504,"date":"2014-05-01T07:58:28","date_gmt":"2014-05-01T07:58:28","guid":{"rendered":"http:\/\/www.fuldaer-nachrichten.de\/?p=123504"},"modified":"2014-05-01T07:58:28","modified_gmt":"2014-05-01T07:58:28","slug":"jaguar-und-land-rover-bringen-sportliche-modelle-und-ein-offroad-camp-nach-leipzig","status":"publish","type":"post","link":"https:\/\/www.fuldaernachrichten.de\/?p=123504","title":{"rendered":"Jaguar und Land Rover bringen sportliche Modelle und ein Offroad-Camp nach Leipzig"},"content":{"rendered":"<p><span style=\"font-size: 1em; line-height: 1.2;\"><a href=\"http:\/\/www.fuldaer-nachrichten.de\/wp-content\/uploads\/2014\/05\/xf-rs_sportbrake_001-dynamisch_LowRes.jpg\"><img decoding=\"async\" class=\"alignleft size-thumbnail wp-image-123505\" src=\"http:\/\/www.fuldaer-nachrichten.de\/wp-content\/uploads\/2014\/05\/xf-rs_sportbrake_001-dynamisch_LowRes-265x176.jpg\" alt=\"xf-rs_sportbrake_001-dynamisch_LowRes\" width=\"265\" height=\"176\" srcset=\"https:\/\/www.fuldaernachrichten.de\/wp-content\/uploads\/2014\/05\/xf-rs_sportbrake_001-dynamisch_LowRes-265x176.jpg 265w, https:\/\/www.fuldaernachrichten.de\/wp-content\/uploads\/2014\/05\/xf-rs_sportbrake_001-dynamisch_LowRes.jpg 600w\" sizes=\"(max-width: 265px) 100vw, 265px\" \/><\/a>Schwalbach. Die gr\u00f6\u00dfte Automesse Deutschlands h\u00f6rt in diesem Jahr auf den Namen AMI Auto Mobil International. Im Leipziger Messegel\u00e4nde pr\u00e4sentiert die Branche vom 31. Mai bis 8. Juni ihre Neuheiten und Highlights. Jaguar und Land Rover sind mit einer prominent besetzten Pr\u00e4sentation in Halle 2 und im Freigel\u00e4nde vertreten. Besonders heraus ragen dabei die Deutschlandpremiere des High-Performance-Sportkombis Jaguar XFR-S Sportbrake und neue R-Sport-Packs f\u00fcr den Jaguar XF. Land Rover wiederum bringt neben aktuellen Modellen gleich ein ganzes Offroad-Camp mit nach Leipzig: W\u00e4hrend der gesamten Messetage haben Besucher die M\u00f6glichkeit, sich f\u00fcr die Land Rover Experience Tour 2015 zu bewerben und zu qualifizieren. Als Lohn winkt ein echtes Traumziel &#8211; die Weite und Wildnis des Northern Territory in Australien.<\/span><!--more--><\/p>\n<p><span style=\"font-size: 1em; line-height: 1.2;\">Mit dem neuen XFR-S Sportbrake hat die britische Premiummarke Jaguar ein Modell auf die R\u00e4der gestellt, das so gut wie nichts mit den transporter\u00e4hnlichen Kombimodellen fr\u00fcherer Generationen gemeinsam hat &#8211; au\u00dfer dem gro\u00dfen Platzgebot im Gep\u00e4ckabteil. Der Jaguar XFR-S Sportbrake verbindet dies mit Fahrleistungen der Extraklasse: In gerade einmal 4,8 Sekunden beschleunigt er von 0 auf 100 km\/h &#8211; erst bei 300 km\/h H\u00f6chstgeschwindigkeit wird der sportliche Kombi elektronisch abgeregelt. Von den \u00fcbrigen Sportbrake-Versionen der XF-Reihe unterscheidet sich der neue, ab Juli in Deutschland erh\u00e4ltliche XFR-S unter anderem mit einem neu abgestimmten Fahrwerk und dezenten \u00c4nderungen am dynamischen Karosseriedesign.<\/span><\/p>\n<p><span style=\"font-size: 1em; line-height: 1.2;\">Optisch betonte Sportlichkeit beweisen auch die neuen R-Sport-Packs f\u00fcr Jaguar XF und XF Sportbrake. Diese neu entwickelte Ausstattungslinie l\u00e4sst die sportlichen Jaguar-Gene von au\u00dfen noch deutlicher aufscheinen &#8211; etwa mit aerodynamisch optimierten Frontsto\u00dff\u00e4ngern, Heckspoilern und gr\u00f6\u00dferen Seitenschwellern sowie besonders edlen Materialien im Innenraum. Abgerundet wird die Jaguar-Pr\u00e4sentation in Leipzig schlie\u00dflich vom neuen Jaguar F-TYPE Coup\u00e9, das seit 12. April bei den deutschen Jaguar H\u00e4ndlern erh\u00e4ltlich ist.<\/span><\/p>\n<p><span style=\"font-size: 1em; line-height: 1.2;\">Modern und edel gestylte Modelle sind ebenfalls ein Markenzeichen der Schwestermarke Land Rover. Der 4&#215;4-Spezialist aus Gro\u00dfbritannien beweist dies auf dem AMI-Stand beispielsweise mit der Pr\u00e4sentation des kompakten SUV-Verkaufsschlagers Range Rover Evoque, der sich mit seinen neuen Technologien wie z.B. der effizienten 9-Stufen Automatik pr\u00e4sentiert. Ein weiterer Hingucker ist der Range Rover Sport Dieselhybrid, der einen\u00c2\u00a0 modernen, 215 kW (292 PS) leistenden 3,0-Liter-SDV6 mit einem 35 kW (48 PS) starken Elektromotor und einer Achtstufenautomatik zu einem besonders effizienten Paket kombiniert.<\/span><\/p>\n<p><span style=\"font-size: 1em; line-height: 1.2;\"><a href=\"http:\/\/www.fuldaer-nachrichten.de\/wp-content\/uploads\/2014\/05\/RR_Evoque_14MY_Range_Drive_061113_06.jpg\"><img decoding=\"async\" class=\"alignleft size-thumbnail wp-image-123506\" src=\"http:\/\/www.fuldaer-nachrichten.de\/wp-content\/uploads\/2014\/05\/RR_Evoque_14MY_Range_Drive_061113_06-265x176.jpg\" alt=\"RR_Evoque_14MY_Range_Drive_061113_06\" width=\"265\" height=\"176\" srcset=\"https:\/\/www.fuldaernachrichten.de\/wp-content\/uploads\/2014\/05\/RR_Evoque_14MY_Range_Drive_061113_06-265x176.jpg 265w, https:\/\/www.fuldaernachrichten.de\/wp-content\/uploads\/2014\/05\/RR_Evoque_14MY_Range_Drive_061113_06.jpg 600w\" sizes=\"(max-width: 265px) 100vw, 265px\" \/><\/a>Die Modelle aus dem Haus Land Rover k\u00f6nnen in Leipzig jedoch nicht nur im Scheinwerferlicht bestaunt werden. Im Freigel\u00e4nde des Messegel\u00e4ndes bauen die Briten vielmehr ihr erstes Qualifikationscamp f\u00fcr die Land Rover Experience Tour auf, die 2015 in den spannenden Norden Australiens f\u00fchrt. W\u00e4hrend der gesamten Messetage haben Abenteuerlustige in Leipzig die Chance, ihre Tauglichkeit f\u00fcr die legend\u00e4re Offroad-Tour zu beweisen. Dabei gilt es nat\u00fcrlich u.a. einen anspruchsvollen Gel\u00e4ndeparcours am Steuer eines Land Rover zu bezwingen. Bewerbungen f\u00fcr das Qualifikationscamp sind direkt auf der AMI Leipzig m\u00f6glich. <\/span><\/p>\n<p><span style=\"font-size: 1em; line-height: 1.2;\">Ansonsten kann man sich f\u00fcr die bis September laufende Qualifikationsphase zur Land Rover Experience Tour 2015 bei den Land Rover-Vertragsh\u00e4ndlern oder \u00fcber die Homepage www.landrover-experience-tour.de anmelden.<\/span><\/p>\n","protected":false},"excerpt":{"rendered":"<div class=\"tmnf_excerpt\"><p>Schwalbach. Die gr\u00f6\u00dfte Automesse Deutschlands h\u00f6rt in diesem Jahr auf den Namen AMI Auto Mobil International. Im Leipziger Messegel\u00e4nde pr\u00e4sentiert die Branche vom 31. Mai bis 8. Juni ihre Neuheiten und Highlights. Jaguar und Land Rover sind mit einer prominent besetzten Pr\u00e4sentation in Halle 2 und im Freigel\u00e4nde vertreten. Besonders heraus ragen dabei die Deutschlandpremiere &hellip;<\/p>\n<\/div>","protected":false},"author":1,"featured_media":0,"comment_status":"closed","ping_status":"closed","sticky":false,"template":"","format":"standard","meta":{"footnotes":""},"categories":[1,35],"tags":[],"class_list":["post-123504","post","type-post","status-publish","format-standard","hentry","category-startseite","category-auto"],"_links":{"self":[{"href":"https:\/\/www.fuldaernachrichten.de\/index.php?rest_route=\/wp\/v2\/posts\/123504","targetHints":{"allow":["GET"]}}],"collection":[{"href":"https:\/\/www.fuldaernachrichten.de\/index.php?rest_route=\/wp\/v2\/posts"}],"about":[{"href":"https:\/\/www.fuldaernachrichten.de\/index.php?rest_route=\/wp\/v2\/types\/post"}],"author":[{"embeddable":true,"href":"https:\/\/www.fuldaernachrichten.de\/index.php?rest_route=\/wp\/v2\/users\/1"}],"replies":[{"embeddable":true,"href":"https:\/\/www.fuldaernachrichten.de\/index.php?rest_route=%2Fwp%2Fv2%2Fcomments&post=123504"}],"version-history":[{"count":1,"href":"https:\/\/www.fuldaernachrichten.de\/index.php?rest_route=\/wp\/v2\/posts\/123504\/revisions"}],"predecessor-version":[{"id":123507,"href":"https:\/\/www.fuldaernachrichten.de\/index.php?rest_route=\/wp\/v2\/posts\/123504\/revisions\/123507"}],"wp:attachment":[{"href":"https:\/\/www.fuldaernachrichten.de\/index.php?rest_route=%2Fwp%2Fv2%2Fmedia&parent=123504"}],"wp:term":[{"taxonomy":"category","embeddable":true,"href":"https:\/\/www.fuldaernachrichten.de\/index.php?rest_route=%2Fwp%2Fv2%2Fcategories&post=123504"},{"taxonomy":"post_tag","embeddable":true,"href":"https:\/\/www.fuldaernachrichten.de\/index.php?rest_route=%2Fwp%2Fv2%2Ftags&post=123504"}],"curies":[{"name":"wp","href":"https:\/\/api.w.org\/{rel}","templated":true}]}}