{"id":123500,"date":"2014-05-01T00:52:40","date_gmt":"2014-05-01T00:52:40","guid":{"rendered":"http:\/\/www.fuldaer-nachrichten.de\/?p=123500"},"modified":"2014-05-01T07:55:13","modified_gmt":"2014-05-01T07:55:13","slug":"123500","status":"publish","type":"post","link":"https:\/\/www.fuldaernachrichten.de\/?p=123500","title":{"rendered":"Abschied nach 40 Jahren Erwachsenenbildung \/ vhs-Zweigstellenleiterin Lotte R\u00fcppel geht in den Ruhestand"},"content":{"rendered":"<p><a href=\"http:\/\/www.fuldaer-nachrichten.de\/wp-content\/uploads\/2014\/05\/188-LotteRueppel.jpg\"><img fetchpriority=\"high\" decoding=\"async\" class=\"alignnone size-full wp-image-123501\" src=\"http:\/\/www.fuldaer-nachrichten.de\/wp-content\/uploads\/2014\/05\/188-LotteRueppel.jpg\" alt=\"188-LotteRueppel\" width=\"560\" height=\"400\" \/><\/a><\/p>\n<p>Tann-Wendershausen. Fast vier Jahrzehnte hat Lotte R\u00fcppel die Zweigstelle der Volkshochschule des Landkreises Fulda in Tann geleitet. Anfang April wurde die 78-J\u00e4hrige von ihren Kolleginnen und Kollegen aus dem aktiven Dienst verabschiedet. Lotte R\u00fcppel war nicht nur die erste Frau in der Riege der Zweigstellenleiter, sie brachte auch leitende und unterrichtende T\u00e4tigkeiten unter einen Hut.<!--more--><\/p>\n<p>\u201eAngefangen hat alles im Jahr 1971 mit einem im Fernsehen ausgestrahlten Franz\u00f6sischkurs des Hessischen Volkshochschulverbandes. Man hatte mir damals die p\u00e4dagogische Betreuung des Kurses angeboten\u201c, erz\u00e4hlt die Seniorin, die in den 1950er Jahren in Mainz und Berlin Germanistik und Romanistik studiert hat.<\/p>\n<p>Nach beruflichen Zwischenstationen in Paris, Melsungen, Kassel und Ziegenhain wurde 1967 Tann zur Wahlheimat der geb\u00fcrtigen Wiesbadenerin. Lotte R\u00fcppel war damals ihrem Ehemann in das beschauliche Rh\u00f6nst\u00e4dtchen gefolgt. W\u00e4hrend Hans R\u00fcppel eine Pfarrstelle in Tann antrat und dort auch die vhs-Zweigstellenleitung \u00fcbernahm, unterrichtete Lotte zun\u00e4chst an der Ulstertalschule Hilders.<\/p>\n<p>Doch Familie und Beruf lie\u00dfen sich immer schwerer vereinbaren, deshalb entschied die zweifache Mutter, aus ihrem Beruf auszusteigen. \u201eDas Angebot, den Franz\u00f6sischkurs zu leiten, nahm ich dankbar an, denn ich wollte nicht nur im Hausfrauenjob aufgehen\u201c, erkl\u00e4rt die Seniorin, die noch viele weitere Kurse gab, bis sie 1975 schlie\u00dflich die Leitung der Zweigstelle \u00fcbernahm.<\/p>\n<p>\u201eNach der Einsparung einer Pfarrstelle in Tann konnte mein Mann mit R\u00fccksicht auf seinen Hauptberuf nicht mehr als Zweigstellenleiter t\u00e4tig sein, und so \u00fcbernahm ich diese Aufgabe\u201c, berichtet die 78-J\u00e4hrige, die sich noch lebhaft an ihre erste Zweigstellenleiterversammlung erinnern kann. \u201eIch war damals leicht schockiert, denn da sa\u00dfen nur M\u00e4nner in der Runde. Ich war die erste Frau. Heute ist eher die Frage, ob man nicht bald \u00fcber eine M\u00e4nnerquote nachdenken sollte.\u201c<\/p>\n<p>Dass sich die Zeiten in der Erwachsenenbildung ge\u00e4ndert haben, zeigt nicht nur der aktuelle \u201eFrauen\u00fcberhang\u201c. Wenn Lotte R\u00fcppel zur\u00fcck blickt, dann fallen ihr zuerst die Lichtbildervortr\u00e4ge ein, die immer mehr in Vergessenheit geraten sind. \u00dcber den Kurs \u201eSpinnen f\u00fcr Anf\u00e4nger und Fortgeschrittene\u201c kann sie heute noch schmunzeln. Es war wohl einer der originellsten Kurse in ihrer Karriere.<\/p>\n<p>Kurse einzurichten, das Programm vor Ort publik zu machen, die Kursleiterinnen und -leiter zu betreuen und bei der Durchf\u00fchrung des Unterrichts zu unterst\u00fctzen &#8211; diese und weitere T\u00e4tigkeiten geh\u00f6rten zum Aufgabenspektrum der Zweigstellenleiterin. Dar\u00fcber hinaus hat Lotte R\u00fcppel lange Jahre selbst Franz\u00f6sisch-Kurse und zuletzt sogar einen Kurs \u201eDeutsch als Fremdsprache\u201c f\u00fcr Asylbewerber gegeben.<\/p>\n<p>Besonders stolz ist sie auf die Konzertreihe, die sie und ihr musikbegeisterter Mann 1969 aus der Taufe gehoben haben. Die Musikreihe, die heute als \u201eTanner Musiksommer\u201c \u00fcber die Region hinaus bekannt ist, wurde von Beginn an von der Volkshochschule des Landkreises Fulda finanziell unterst\u00fctzt.<\/p>\n<p>\u201eLotte R\u00fcppel hat sich immer f\u00fcr die Institution Volkshochschule und die Erwachsenenbildung eingesetzt. Dies betrifft neben der allgemeinen auch und vor allem die kulturelle Bildung. Das kulturelle Leben in und um Tann hat sie entscheidend mitgepr\u00e4gt\u201c, formulierte Dr. Klaus Listmann, stellvertretender Leiter der Volkshochschule des Landkreises Fulda, in seiner Laudatio zum Abschied der Zweigstellenleiterin.<\/p>\n<p>\u201eAu revoir\u201c zu sagen, ist Lotte R\u00fcppel aber nicht schwer gefallen. \u201eIm Gegenteil: Ich habe mit Alice Gansen-Liorzou eine sehr nette Nachfolgerin, nehme viele gute Erinnerungen mit und genie\u00dfe jetzt erstmal die Ruhe.\u201c Wenn in n\u00e4chster Zeit wieder ein Franz\u00f6sisch-Konversationskurs in Tann zustande k\u00e4me, dann k\u00f6nnte Lotte R\u00fcppel sich durchaus vorstellen, den \u201ebeliebten\u201c Grammatik-Teil zu \u00fcbernehmen. Doch bevor es soweit ist, wird erstmal das eigene Wissen aufgefrischt. Und zwar in der Provence! (Dorit Heydenreich)<\/p>\n","protected":false},"excerpt":{"rendered":"<div class=\"tmnf_excerpt\"><p>Tann-Wendershausen. Fast vier Jahrzehnte hat Lotte R\u00fcppel die Zweigstelle der Volkshochschule des Landkreises Fulda in Tann geleitet. Anfang April wurde die 78-J\u00e4hrige von ihren Kolleginnen und Kollegen aus dem aktiven Dienst verabschiedet. Lotte R\u00fcppel war nicht nur die erste Frau in der Riege der Zweigstellenleiter, sie brachte auch leitende und unterrichtende T\u00e4tigkeiten unter einen Hut.<\/p>\n<\/div>","protected":false},"author":1,"featured_media":0,"comment_status":"closed","ping_status":"closed","sticky":false,"template":"","format":"standard","meta":{"footnotes":""},"categories":[1,53,78],"tags":[],"class_list":["post-123500","post","type-post","status-publish","format-standard","hentry","category-startseite","category-bildung","category-topthema"],"_links":{"self":[{"href":"https:\/\/www.fuldaernachrichten.de\/index.php?rest_route=\/wp\/v2\/posts\/123500","targetHints":{"allow":["GET"]}}],"collection":[{"href":"https:\/\/www.fuldaernachrichten.de\/index.php?rest_route=\/wp\/v2\/posts"}],"about":[{"href":"https:\/\/www.fuldaernachrichten.de\/index.php?rest_route=\/wp\/v2\/types\/post"}],"author":[{"embeddable":true,"href":"https:\/\/www.fuldaernachrichten.de\/index.php?rest_route=\/wp\/v2\/users\/1"}],"replies":[{"embeddable":true,"href":"https:\/\/www.fuldaernachrichten.de\/index.php?rest_route=%2Fwp%2Fv2%2Fcomments&post=123500"}],"version-history":[{"count":2,"href":"https:\/\/www.fuldaernachrichten.de\/index.php?rest_route=\/wp\/v2\/posts\/123500\/revisions"}],"predecessor-version":[{"id":123503,"href":"https:\/\/www.fuldaernachrichten.de\/index.php?rest_route=\/wp\/v2\/posts\/123500\/revisions\/123503"}],"wp:attachment":[{"href":"https:\/\/www.fuldaernachrichten.de\/index.php?rest_route=%2Fwp%2Fv2%2Fmedia&parent=123500"}],"wp:term":[{"taxonomy":"category","embeddable":true,"href":"https:\/\/www.fuldaernachrichten.de\/index.php?rest_route=%2Fwp%2Fv2%2Fcategories&post=123500"},{"taxonomy":"post_tag","embeddable":true,"href":"https:\/\/www.fuldaernachrichten.de\/index.php?rest_route=%2Fwp%2Fv2%2Ftags&post=123500"}],"curies":[{"name":"wp","href":"https:\/\/api.w.org\/{rel}","templated":true}]}}