{"id":123496,"date":"2014-05-01T07:50:52","date_gmt":"2014-05-01T07:50:52","guid":{"rendered":"http:\/\/www.fuldaer-nachrichten.de\/?p=123496"},"modified":"2014-05-01T07:50:52","modified_gmt":"2014-05-01T07:50:52","slug":"marie-luise-weber-haareschoenheit-eroeffnet-an-der-neuen-ortsmitte-in-kuenzell","status":"publish","type":"post","link":"https:\/\/www.fuldaernachrichten.de\/?p=123496","title":{"rendered":"Marie-Luise Weber Haare&#038;Sch\u00f6nheit er\u00f6ffnet an der neuen Ortsmitte in K\u00fcnzell"},"content":{"rendered":"<p><a href=\"http:\/\/www.fuldaer-nachrichten.de\/wp-content\/uploads\/2014\/05\/P1110944.jpg\"><img fetchpriority=\"high\" decoding=\"async\" class=\"alignleft size-thumbnail wp-image-123497\" src=\"http:\/\/www.fuldaer-nachrichten.de\/wp-content\/uploads\/2014\/05\/P1110944-265x198.jpg\" alt=\"P1110944\" width=\"265\" height=\"198\" srcset=\"https:\/\/www.fuldaernachrichten.de\/wp-content\/uploads\/2014\/05\/P1110944-265x198.jpg 265w, https:\/\/www.fuldaernachrichten.de\/wp-content\/uploads\/2014\/05\/P1110944.jpg 600w\" sizes=\"(max-width: 265px) 100vw, 265px\" \/><\/a>K\u00fcnzell. Einen tollen Er\u00f6ffnungstag verlebte Marie-Luise Weber mit ihrem Team im neuen Salon am neuen K\u00fcnzeller Ortsmittelpunkt. Die hellen R\u00e4ume bieten eine perfekte Wohlf\u00fchlatmosph\u00e4re, in der sich die Kunden die neusten Frisurentrends verpassen lassen k\u00f6nnen. Neu\u00c2\u00a0 ist auch ein Kosmetikbereich f\u00fcr die Damen und Herren.<!--more--><\/p>\n<p>In 2009 er\u00f6ffnete Marie-Luise Weber ihren Salon in der Turmstrasse. Damit erf\u00fcllte sie sich ihren Traum. Da die R\u00e4umlichkeiten dort zu klein wurden, hatte sich Weber entschlossen, einen zweiten Salon an der neuen Ortsmitte zu er\u00f6ffnen.<br \/>\nGro\u00dfe helle R\u00e4ume und viel Holz mischen sich mit Mintfarbenen Materialien und einer Mischung aus Alt und Neu: Mit sehr viel Liebe zu Detail wurden historische M\u00f6belst\u00fccke aufbereitet, um den Salon zu dekorieren.<\/p>\n<p><a href=\"http:\/\/www.fuldaer-nachrichten.de\/wp-content\/uploads\/2014\/05\/P1110972.jpg\"><img decoding=\"async\" class=\"alignleft size-thumbnail wp-image-123498\" src=\"http:\/\/www.fuldaer-nachrichten.de\/wp-content\/uploads\/2014\/05\/P1110972-265x353.jpg\" alt=\"P1110972\" width=\"265\" height=\"353\" srcset=\"https:\/\/www.fuldaernachrichten.de\/wp-content\/uploads\/2014\/05\/P1110972-265x353.jpg 265w, https:\/\/www.fuldaernachrichten.de\/wp-content\/uploads\/2014\/05\/P1110972-198x265.jpg 198w, https:\/\/www.fuldaernachrichten.de\/wp-content\/uploads\/2014\/05\/P1110972-450x600.jpg 450w, https:\/\/www.fuldaernachrichten.de\/wp-content\/uploads\/2014\/05\/P1110972.jpg 600w\" sizes=\"(max-width: 265px) 100vw, 265px\" \/><\/a>Dort wurde am Samstag bei der Er\u00f6ffnung kr\u00e4ftig gefeiert. Zur Feierlichkeit war ein Stylist\u00c2\u00a0 von Loreal Professionell angereist , um den G\u00e4sten verschiedene Stylings zu verpassen. Die ESG-Band aus Wiesbaden sorgte f\u00fcr musikalische Unterst\u00fctzung, w\u00e4hrend die G\u00e4ste die R\u00e4umlichkeiten begutachteten. F\u00fcr ein reichhaltiges Buffet wurde nat\u00fcrlich auch gesorgt. Weber veranstaltete noch eine Tombola, deren Erl\u00f6s an den Verein K\u00e4nguru geht. Zahlreiche G\u00e4ste kamen zur Feier.<\/p>\n<p>Kostenlose Parkpl\u00e4tze finden sich in attraktiver Lage rund um den Ortsmittelpunkt.<br \/>\nNeu ist ein exklusiver Herrenbereich , in dem nun auch Rasuren nach alter Tradition angeboten werden. Ein Kosmetikbereich l\u00e4dt Frauen und M\u00e4nner zum Verw\u00f6hnen und entspannen ein. Eine \u00c4nderung gab es zur Ladener\u00f6ffnung auch in Sachen Logo.<\/p>\n<p>&#8220;Im neuen Look, mit neuer Farbe pr\u00e4sentieren wir unser neue Logo&#8221;, so Marie-Luise Weber, deren beiden Salons, auch in der Turmstrasse nun unter dem Namen &#8220;Marie-Luise Weber Haare &amp; Sch\u00f6nheit&#8221; laufen. Termine k\u00f6nnen unter 0661\/ 38021690 vereinbart werden.<br \/>\nMarie-Luise Weber<br \/>\nHaare&amp;Sch\u00f6nheit<br \/>\nHahlweg 39<br \/>\n36093 K\u00fcnzell<\/p>\n","protected":false},"excerpt":{"rendered":"<div class=\"tmnf_excerpt\"><p>K\u00fcnzell. Einen tollen Er\u00f6ffnungstag verlebte Marie-Luise Weber mit ihrem Team im neuen Salon am neuen K\u00fcnzeller Ortsmittelpunkt. Die hellen R\u00e4ume bieten eine perfekte Wohlf\u00fchlatmosph\u00e4re, in der sich die Kunden die neusten Frisurentrends verpassen lassen k\u00f6nnen. Neu\u00c2\u00a0 ist auch ein Kosmetikbereich f\u00fcr die Damen und Herren.<\/p>\n<\/div>","protected":false},"author":1,"featured_media":0,"comment_status":"closed","ping_status":"closed","sticky":false,"template":"","format":"standard","meta":{"footnotes":""},"categories":[1,29],"tags":[],"class_list":["post-123496","post","type-post","status-publish","format-standard","hentry","category-startseite","category-politik"],"_links":{"self":[{"href":"https:\/\/www.fuldaernachrichten.de\/index.php?rest_route=\/wp\/v2\/posts\/123496","targetHints":{"allow":["GET"]}}],"collection":[{"href":"https:\/\/www.fuldaernachrichten.de\/index.php?rest_route=\/wp\/v2\/posts"}],"about":[{"href":"https:\/\/www.fuldaernachrichten.de\/index.php?rest_route=\/wp\/v2\/types\/post"}],"author":[{"embeddable":true,"href":"https:\/\/www.fuldaernachrichten.de\/index.php?rest_route=\/wp\/v2\/users\/1"}],"replies":[{"embeddable":true,"href":"https:\/\/www.fuldaernachrichten.de\/index.php?rest_route=%2Fwp%2Fv2%2Fcomments&post=123496"}],"version-history":[{"count":1,"href":"https:\/\/www.fuldaernachrichten.de\/index.php?rest_route=\/wp\/v2\/posts\/123496\/revisions"}],"predecessor-version":[{"id":123499,"href":"https:\/\/www.fuldaernachrichten.de\/index.php?rest_route=\/wp\/v2\/posts\/123496\/revisions\/123499"}],"wp:attachment":[{"href":"https:\/\/www.fuldaernachrichten.de\/index.php?rest_route=%2Fwp%2Fv2%2Fmedia&parent=123496"}],"wp:term":[{"taxonomy":"category","embeddable":true,"href":"https:\/\/www.fuldaernachrichten.de\/index.php?rest_route=%2Fwp%2Fv2%2Fcategories&post=123496"},{"taxonomy":"post_tag","embeddable":true,"href":"https:\/\/www.fuldaernachrichten.de\/index.php?rest_route=%2Fwp%2Fv2%2Ftags&post=123496"}],"curies":[{"name":"wp","href":"https:\/\/api.w.org\/{rel}","templated":true}]}}