{"id":123494,"date":"2014-05-01T07:39:29","date_gmt":"2014-05-01T07:39:29","guid":{"rendered":"http:\/\/www.fuldaer-nachrichten.de\/?p=123494"},"modified":"2014-05-01T07:39:29","modified_gmt":"2014-05-01T07:39:29","slug":"kfz-wunschkennzeichen-bestellung-nur-ueber-die-kreis-homepage","status":"publish","type":"post","link":"https:\/\/www.fuldaernachrichten.de\/?p=123494","title":{"rendered":"Kfz-Wunschkennzeichen: Bestellung nur \u00fcber die Kreis-Homepage"},"content":{"rendered":"<p>Vogelsbergkreis. Wer f\u00fcr sein neues Auto ein Wunschkennzeichen im Internet bestellen m\u00f6chte, sollte dies direkt \u00fcber die Homepage der Kreisverwaltung tun. Darauf macht die Kreispressestelle aufmerksam und reagiert damit auf Beschwerden von B\u00fcrgern und B\u00fcrgerinnen, die \u00fcber Suchmaschinen im Internet bei Kennzeichen-Anbietern landen, mit denen der Landkreis nichts zu tun hat. Hier k\u00f6nnen \u00fcber die eigentliche Geb\u00fchr hinaus Kosten entstehen, die vermeidbar sind, wenn man das Kennzeichen \u00fcber die Rubrik \u201eWohnen und Fahren\u201c (linke Spalte unten) bzw. unter der Haupt\u00fcberschrift \u201eSchlagzeilen\u201c ordert. www.vogelsbergkreis.de<\/p>\n","protected":false},"excerpt":{"rendered":"<div class=\"tmnf_excerpt\"><p>Vogelsbergkreis. Wer f\u00fcr sein neues Auto ein Wunschkennzeichen im Internet bestellen m\u00f6chte, sollte dies direkt \u00fcber die Homepage der Kreisverwaltung tun. Darauf macht die Kreispressestelle aufmerksam und reagiert damit auf Beschwerden von B\u00fcrgern und B\u00fcrgerinnen, die \u00fcber Suchmaschinen im Internet bei Kennzeichen-Anbietern landen, mit denen der Landkreis nichts zu tun hat. Hier k\u00f6nnen \u00fcber die &hellip;<\/p>\n<\/div>","protected":false},"author":1,"featured_media":0,"comment_status":"closed","ping_status":"closed","sticky":false,"template":"","format":"standard","meta":{"footnotes":""},"categories":[1],"tags":[],"class_list":["post-123494","post","type-post","status-publish","format-standard","hentry","category-startseite"],"_links":{"self":[{"href":"https:\/\/www.fuldaernachrichten.de\/index.php?rest_route=\/wp\/v2\/posts\/123494","targetHints":{"allow":["GET"]}}],"collection":[{"href":"https:\/\/www.fuldaernachrichten.de\/index.php?rest_route=\/wp\/v2\/posts"}],"about":[{"href":"https:\/\/www.fuldaernachrichten.de\/index.php?rest_route=\/wp\/v2\/types\/post"}],"author":[{"embeddable":true,"href":"https:\/\/www.fuldaernachrichten.de\/index.php?rest_route=\/wp\/v2\/users\/1"}],"replies":[{"embeddable":true,"href":"https:\/\/www.fuldaernachrichten.de\/index.php?rest_route=%2Fwp%2Fv2%2Fcomments&post=123494"}],"version-history":[{"count":1,"href":"https:\/\/www.fuldaernachrichten.de\/index.php?rest_route=\/wp\/v2\/posts\/123494\/revisions"}],"predecessor-version":[{"id":123495,"href":"https:\/\/www.fuldaernachrichten.de\/index.php?rest_route=\/wp\/v2\/posts\/123494\/revisions\/123495"}],"wp:attachment":[{"href":"https:\/\/www.fuldaernachrichten.de\/index.php?rest_route=%2Fwp%2Fv2%2Fmedia&parent=123494"}],"wp:term":[{"taxonomy":"category","embeddable":true,"href":"https:\/\/www.fuldaernachrichten.de\/index.php?rest_route=%2Fwp%2Fv2%2Fcategories&post=123494"},{"taxonomy":"post_tag","embeddable":true,"href":"https:\/\/www.fuldaernachrichten.de\/index.php?rest_route=%2Fwp%2Fv2%2Ftags&post=123494"}],"curies":[{"name":"wp","href":"https:\/\/api.w.org\/{rel}","templated":true}]}}