{"id":123411,"date":"2014-04-30T00:09:04","date_gmt":"2014-04-30T00:09:04","guid":{"rendered":"http:\/\/www.fuldaer-nachrichten.de\/?p=123411"},"modified":"2014-04-29T13:17:57","modified_gmt":"2014-04-29T13:17:57","slug":"knaller-reloaded-das-showereignis-des-jahres-aus-fulda-innovative-kleinkunstgala-in-der-orangerie-begeistert-publikum","status":"publish","type":"post","link":"https:\/\/www.fuldaernachrichten.de\/?p=123411","title":{"rendered":"\u201eKnaller reloaded\u201c das Showereignis des Jahres aus Fulda &#8211; Innovative Kleinkunstgala in der Orangerie begeistert Publikum"},"content":{"rendered":"<p><a href=\"http:\/\/www.fuldaer-nachrichten.de\/wp-content\/uploads\/2014\/04\/50_Schilderwald-nach-dem-Abspann.jpg\"><img fetchpriority=\"high\" decoding=\"async\" class=\"alignnone size-full wp-image-123460\" src=\"http:\/\/www.fuldaer-nachrichten.de\/wp-content\/uploads\/2014\/04\/50_Schilderwald-nach-dem-Abspann.jpg\" alt=\"50_Schilderwald nach dem Abspann\" width=\"560\" height=\"359\" \/><\/a><\/p>\n<p>Fulda. Nach langer Vorank\u00fcndigung war es endlich soweit. Zwei Jahre nach der ersten Kleinkunstgala \u201eKnaller\u201c folgte an diesem Wochenende die Fortf\u00fchrung \u201eKnaller reloaded\u201c, an der \u00fcber drei\u00dfig K\u00fcnstler aus der Region teilnahmen. Der erste \u201eKnaller\u201c im Jahr 2011\/2012 war ein so gro\u00dfer Erfolg, dass es schwer werden w\u00fcrde, diese Veranstaltung noch einmal zu toppen. Doch wer die Schafferin der Show, die bekannte S\u00e4ngerin und Entertainerin Marianne Blum kennt, wei\u00df, dass sie mit ihrer Leidenschaft zur Kunst und Musik, ihrer Kreativit\u00e4t und ihrem Netzwerk zu K\u00fcnstlern verschiedenster Genres zu allem f\u00e4hig ist.<!--more--><\/p>\n<p><a href=\"http:\/\/www.fuldaer-nachrichten.de\/wp-content\/uploads\/2014\/04\/27_Die-Regisseurin-beh\u00e4lt-von-hinten-den-Saal-im-Griff.jpg\"><img decoding=\"async\" class=\"alignleft size-thumbnail wp-image-123437\" src=\"http:\/\/www.fuldaer-nachrichten.de\/wp-content\/uploads\/2014\/04\/27_Die-Regisseurin-beh\u00e4lt-von-hinten-den-Saal-im-Griff-265x176.jpg\" alt=\"27_Die Regisseurin beh\u00e4lt von hinten den Saal im Griff\" width=\"265\" height=\"176\" \/><\/a>Wer eine Gala mit einem typischen Ablauf nach Programmpunkten erwartete, wurde \u00fcberrascht. Alle Kunstformen des Abends wurden in eine witzige Rahmengeschichte verpackt. Und so fanden sich nicht nur die K\u00fcnstler, sondern auch das Publikum selbst in einer fiktiven Filmproduktion wieder. Und was k\u00f6nnte spannender sein als ein Teil eines James Bond- Filmes zu sein. Jeder Show-Act wurde geschickt in die Geschichte integriert und das Publikum war nicht nur Zuschauer, es wurde kurzerhand zu Statisten. Kameram\u00e4nner flitzten durch die G\u00e4nge und sorgten f\u00fcr die n\u00f6tige Stimmung am Set. Die Geschichte war gepr\u00e4gt von einem bissigen und sarkastischen Schlagabtausch zwischen Blum alias Frau Rosenkohl, der Regisseurin und der ukrainischen Produzentin und Geldgeberin Gajda alias Frau Brokkoli, die von der Qualit\u00e4t der mitwirkenden K\u00fcnstler noch mal \u00fcberzeugt werden musste.<\/p>\n<p>Schon im ersten Set betraten nahezu alle K\u00fcnstler wie zuf\u00e4llig die B\u00fchne. Die Geschichte lie\u00df zu, dass alle Kunstformen des Abends aufeinandertrafen, miteinander agierten, sich wieder Raum lie\u00dfen, um sich dann wiederum neu zu formieren.<\/p>\n<p><a href=\"http:\/\/www.fuldaer-nachrichten.de\/wp-content\/uploads\/2014\/04\/36_Jetzt-nimm-ihn-halt-fest1.jpg\"><img decoding=\"async\" class=\"alignleft size-thumbnail wp-image-123462\" src=\"http:\/\/www.fuldaer-nachrichten.de\/wp-content\/uploads\/2014\/04\/36_Jetzt-nimm-ihn-halt-fest1-265x176.jpg\" alt=\"36_Jetzt nimm ihn halt fest!\" width=\"265\" height=\"176\" srcset=\"https:\/\/www.fuldaernachrichten.de\/wp-content\/uploads\/2014\/04\/36_Jetzt-nimm-ihn-halt-fest1-265x176.jpg 265w, https:\/\/www.fuldaernachrichten.de\/wp-content\/uploads\/2014\/04\/36_Jetzt-nimm-ihn-halt-fest1.jpg 600w\" sizes=\"(max-width: 265px) 100vw, 265px\" \/><\/a>K\u00f6ller war der wirkliche James Bond des Abends. Mit einer geh\u00f6rigen Portion Charme, Smoking und dem Schalk in den Augen brillierte er nicht nur als Zauberk\u00fcnstler sondern auch als reizender Entertainer. Seine Nummern sind publikumsnah, seine Zauberei wirkte magisch und unverbraucht. Trotz vieler Argusaugen konnte keiner seiner Tricks entlarvt werden. So kam es, dass K\u00f6ller seinen Widersacher Martin Caba von den Rh\u00f6ner S\u00e4uw\u00e4ntzt kurzerhand verschwinden lie\u00df, w\u00e4hrend er bei Bedarf sein entz\u00fcckendes Bond-Girl Gudrun Richter herzauberte, mal in Abendrobe, mal ganz \u00fcberrascht im Bademantel.<\/p>\n<p>Gott sei dank hielt der Zauber um Caba nicht lange an und so war er immer wieder in verschiedenen Szenen zur Stelle, sorgte mit seiner gespielten, humorvollen, Rh\u00f6ner Schlichtheit f\u00fcr Heiterkeit und versorgte das Publikum mit heimischer Mundart. Au\u00dferdem starb er den wohl sch\u00f6nsten Tod des Abends, auch wenn dieser nur kurzweilig war, n\u00e4mlich den im Kreise dutzender leicht bekleideter Damen, die sich sorgenvoll \u00fcber ihn beugten.<\/p>\n<p><a href=\"http:\/\/www.fuldaer-nachrichten.de\/wp-content\/uploads\/2014\/04\/47_Du-host-so-sch\u00f6nne-Auche-be-e-Koh.jpg\"><img loading=\"lazy\" decoding=\"async\" class=\"alignleft size-thumbnail wp-image-123461\" src=\"http:\/\/www.fuldaer-nachrichten.de\/wp-content\/uploads\/2014\/04\/47_Du-host-so-sch\u00f6nne-Auche-be-e-Koh-265x176.jpg\" alt=\"47_Du host so sch\u00f6nne Auche be e Koh\" width=\"265\" height=\"176\" \/><\/a>Marina Gajda alias Brokkoli wurde im Laufe der Show von Christoph Leipold, dem Tod pers\u00f6nlich so bezirzt, dass sie sich vor lauter Hingabe in ein leidenschaftliches virtuoses Klaviersolo verlor. Ja, Frau Brokkoli hatte sich verliebt, denn beim \u201eTod pers\u00f6nlich\u201c f\u00fchlte sie sich gut aufgehoben \u201e\u00e2\u20ac\u00a6 denn da kann man das Ende absehen.\u201c<\/p>\n<p>Besondere Aufmerksamkeit bekam der Breakdancer Markus Becker, auch \u201eMa be\u201c genannt. Er wurde von den Clowns Kasper und Gaya im Rahmen der Geschichte als Kampfmaschine eingesetzt. Mit einer Mischung aus Street- Style, Breakdance und Robodance verbl\u00fcffte er das Publikum mit ausgefallenen und exakt ausgef\u00fchrten Moves, damit brachte er einen nicht ganz so popul\u00e4ren Tanzstil dem Zuschauer n\u00e4her.<\/p>\n<p><a href=\"http:\/\/www.fuldaer-nachrichten.de\/wp-content\/uploads\/2014\/04\/05_Kaspar-Gaya.jpg\"><img loading=\"lazy\" decoding=\"async\" class=\"alignleft size-thumbnail wp-image-123417\" src=\"http:\/\/www.fuldaer-nachrichten.de\/wp-content\/uploads\/2014\/04\/05_Kaspar-Gaya-265x176.jpg\" alt=\"05_Kaspar &amp; Gaya\" width=\"265\" height=\"176\" srcset=\"https:\/\/www.fuldaernachrichten.de\/wp-content\/uploads\/2014\/04\/05_Kaspar-Gaya-265x176.jpg 265w, https:\/\/www.fuldaernachrichten.de\/wp-content\/uploads\/2014\/04\/05_Kaspar-Gaya.jpg 600w\" sizes=\"(max-width: 265px) 100vw, 265px\" \/><\/a>Kasper und Gaya betrieben ihre Clownerie auf einem Spitzen-Niveau. Mit bizarren Clownsgemurmel, vermischt mit franz\u00f6sischen Versatzst\u00fccken und schw\u00e4bischer Mundart, betraten sie immer wieder die B\u00fchne, agierten mit anderen K\u00fcnstlern, mischten sich ein und sorgten mit ihren athletischen Einlagen und kurzweiligen Nummern f\u00fcr \u201edas Salz in der Suppe\u201c oder \u201ef\u00fcr die Kugel im Lauf\u201c.<\/p>\n<p>Die Ballettt\u00e4nzer Jan-Andreas H\u00f6nscher und Jackson Ortega traten mit einer Mischung aus klassischem und modernem Tanz auf. Sie unterst\u00fctzen mit ihrer Titelauswahl, einem typischen Bond-Thema, Lichteffekten und Nebel echtes Bond-Feeling.<\/p>\n<p><a href=\"http:\/\/www.fuldaer-nachrichten.de\/wp-content\/uploads\/2014\/04\/21_Der-TSG-trauert-um-Martin-Caba.jpg\"><img loading=\"lazy\" decoding=\"async\" class=\"alignleft size-thumbnail wp-image-123433\" src=\"http:\/\/www.fuldaer-nachrichten.de\/wp-content\/uploads\/2014\/04\/21_Der-TSG-trauert-um-Martin-Caba-265x176.jpg\" alt=\"21_Der TSG trauert um Martin Caba\" width=\"265\" height=\"176\" srcset=\"https:\/\/www.fuldaernachrichten.de\/wp-content\/uploads\/2014\/04\/21_Der-TSG-trauert-um-Martin-Caba-265x176.jpg 265w, https:\/\/www.fuldaernachrichten.de\/wp-content\/uploads\/2014\/04\/21_Der-TSG-trauert-um-Martin-Caba.jpg 600w\" sizes=\"(max-width: 265px) 100vw, 265px\" \/><\/a>Die T\u00e4nzer und T\u00e4nzerinnen von der Tanzsportgemeinschaft TSG K\u00fcnzell sorgten mit Ausz\u00fcgen ihrer Interpretation des Broadway Musicals Chicago f\u00fcr den n\u00f6tigen Sexappeal auf der B\u00fchne. Sie bet\u00f6rten nicht nur mit ihren Kost\u00fcmen sondern konnten t\u00e4nzerisch mit Stil und Ausdruck \u00fcberzeugen. Die Choreographien waren innovativ, dynamisch, einfach hinrei\u00dfend und trieben nicht nur den T\u00e4nzern die Schwei\u00dfperlen auf die Stirn.<\/p>\n<p><a href=\"http:\/\/www.fuldaer-nachrichten.de\/wp-content\/uploads\/2014\/04\/16_TSG-in-Nahaufnahme.jpg\"><img loading=\"lazy\" decoding=\"async\" class=\"alignleft size-thumbnail wp-image-123429\" src=\"http:\/\/www.fuldaer-nachrichten.de\/wp-content\/uploads\/2014\/04\/16_TSG-in-Nahaufnahme-265x176.jpg\" alt=\"16_TSG in Nahaufnahme\" width=\"265\" height=\"176\" srcset=\"https:\/\/www.fuldaernachrichten.de\/wp-content\/uploads\/2014\/04\/16_TSG-in-Nahaufnahme-265x176.jpg 265w, https:\/\/www.fuldaernachrichten.de\/wp-content\/uploads\/2014\/04\/16_TSG-in-Nahaufnahme.jpg 600w\" sizes=\"(max-width: 265px) 100vw, 265px\" \/><\/a>An dieser Stelle sei erw\u00e4hnt, dass die verschiedenen Tanzeinlagen nicht nur mit Einspielern versorgt wurden. Die grandiose Knallerband, bestehend aus Danny M\u00fcller (Piano), Christoph Herber (Drums) und Julian Schnorr (Gitarre) spielte auf den Punkt und lieferte eine perfekte Zusammenarbeit mit den verschiedenen T\u00e4nzern und deren Darbietungen.<\/p>\n<p>Frau Blum man\u00f6vrierte die ganze Schar vom Zuschauerraum aus, stets das Megaphon zur Hand und hatte sowohl ihre K\u00fcnstler als auch das Publikum stets im Auge. Nur einmal verschwand sie, um im goldenen Abendkleid ihre Version des Bondklassikers \u201eGoldfinger\u201c zu performen und damit ebenfalls f\u00fcr den n\u00f6tigen Glamourfaktor zu sorgen.<\/p>\n<p><a href=\"http:\/\/www.fuldaer-nachrichten.de\/wp-content\/uploads\/2014\/04\/00_gro\u00dfe-Kulisse.jpg\"><img loading=\"lazy\" decoding=\"async\" class=\"alignleft size-thumbnail wp-image-123412\" src=\"http:\/\/www.fuldaer-nachrichten.de\/wp-content\/uploads\/2014\/04\/00_gro\u00dfe-Kulisse-265x176.jpg\" alt=\"00_gro\u00dfe Kulisse\" width=\"265\" height=\"176\" \/><\/a>Nach fast dreist\u00fcndigem Entertainment auf h\u00f6chstem Niveau bewies Frau Blum einmal mehr, was die Region an Kunst zu bieten hat. Ob Magie, Musik, Tanz oder Clownerie; alle K\u00fcnstler pr\u00e4sentierten sich souver\u00e4n, routiniert und zauberten aus einer Kleinkunstgala eine ganz \u201egro\u00dfe\u201c Gala. Mit der Ballade \u201eFor your eyes only\u201c im Duett mit Martin Caba verabschiedete Marianne Blum K\u00fcnstler und Publikum, dass mit ausgelassenem Applaus dankte. (Text: Sabine Wittich, Fotos: Christian Reinhardt)<br \/>\n<a href=\"http:\/\/www.fuldaer-nachrichten.de\/wp-content\/uploads\/2014\/04\/07_Kaspar-steckt-in-der-Tonne-fest.jpg\"><img loading=\"lazy\" decoding=\"async\" class=\"alignleft size-thumbnail wp-image-123419\" src=\"http:\/\/www.fuldaer-nachrichten.de\/wp-content\/uploads\/2014\/04\/07_Kaspar-steckt-in-der-Tonne-fest-265x176.jpg\" alt=\"07_Kaspar steckt in der Tonne fest\" width=\"265\" height=\"176\" srcset=\"https:\/\/www.fuldaernachrichten.de\/wp-content\/uploads\/2014\/04\/07_Kaspar-steckt-in-der-Tonne-fest-265x176.jpg 265w, https:\/\/www.fuldaernachrichten.de\/wp-content\/uploads\/2014\/04\/07_Kaspar-steckt-in-der-Tonne-fest.jpg 600w\" sizes=\"(max-width: 265px) 100vw, 265px\" \/><\/a> <a href=\"http:\/\/www.fuldaer-nachrichten.de\/wp-content\/uploads\/2014\/04\/06_Kaspar-Gaya-2.jpg\"><img loading=\"lazy\" decoding=\"async\" class=\"alignleft size-thumbnail wp-image-123418\" src=\"http:\/\/www.fuldaer-nachrichten.de\/wp-content\/uploads\/2014\/04\/06_Kaspar-Gaya-2-265x176.jpg\" alt=\"06_Kaspar &amp; Gaya (2)\" width=\"265\" height=\"176\" srcset=\"https:\/\/www.fuldaernachrichten.de\/wp-content\/uploads\/2014\/04\/06_Kaspar-Gaya-2-265x176.jpg 265w, https:\/\/www.fuldaernachrichten.de\/wp-content\/uploads\/2014\/04\/06_Kaspar-Gaya-2.jpg 600w\" sizes=\"(max-width: 265px) 100vw, 265px\" \/><\/a><a href=\"http:\/\/www.fuldaer-nachrichten.de\/wp-content\/uploads\/2014\/04\/11_Die-Regisseurin-erkl\u00e4rt-die-Story1.jpg\"><img loading=\"lazy\" decoding=\"async\" class=\"alignleft size-thumbnail wp-image-123424\" src=\"http:\/\/www.fuldaer-nachrichten.de\/wp-content\/uploads\/2014\/04\/11_Die-Regisseurin-erkl\u00e4rt-die-Story1-265x176.jpg\" alt=\"11_Die Regisseurin erkl\u00e4rt die Story\" width=\"265\" height=\"176\" \/><\/a><a href=\"http:\/\/www.fuldaer-nachrichten.de\/wp-content\/uploads\/2014\/04\/12_Kampfszene-in-Zeitlupe.jpg\"><img loading=\"lazy\" decoding=\"async\" class=\"alignleft size-thumbnail wp-image-123425\" src=\"http:\/\/www.fuldaer-nachrichten.de\/wp-content\/uploads\/2014\/04\/12_Kampfszene-in-Zeitlupe-265x176.jpg\" alt=\"12_Kampfszene in Zeitlupe\" width=\"265\" height=\"176\" srcset=\"https:\/\/www.fuldaernachrichten.de\/wp-content\/uploads\/2014\/04\/12_Kampfszene-in-Zeitlupe-265x176.jpg 265w, https:\/\/www.fuldaernachrichten.de\/wp-content\/uploads\/2014\/04\/12_Kampfszene-in-Zeitlupe.jpg 600w\" sizes=\"(max-width: 265px) 100vw, 265px\" \/><\/a><a href=\"http:\/\/www.fuldaer-nachrichten.de\/wp-content\/uploads\/2014\/04\/10_MA-BE-ist-ein-K\u00f6nner-seines-Fachs.jpg\"><img loading=\"lazy\" decoding=\"async\" class=\"alignleft size-thumbnail wp-image-123422\" src=\"http:\/\/www.fuldaer-nachrichten.de\/wp-content\/uploads\/2014\/04\/10_MA-BE-ist-ein-K\u00f6nner-seines-Fachs-265x176.jpg\" alt=\"10_MA BE ist ein K\u00f6nner seines Fachs\" width=\"265\" height=\"176\" \/><\/a><a href=\"http:\/\/www.fuldaer-nachrichten.de\/wp-content\/uploads\/2014\/04\/09_Killermaschine-im-Nebel.jpg\"><img loading=\"lazy\" decoding=\"async\" class=\"alignleft size-thumbnail wp-image-123421\" src=\"http:\/\/www.fuldaer-nachrichten.de\/wp-content\/uploads\/2014\/04\/09_Killermaschine-im-Nebel-265x176.jpg\" alt=\"09_Killermaschine im Nebel\" width=\"265\" height=\"176\" srcset=\"https:\/\/www.fuldaernachrichten.de\/wp-content\/uploads\/2014\/04\/09_Killermaschine-im-Nebel-265x176.jpg 265w, https:\/\/www.fuldaernachrichten.de\/wp-content\/uploads\/2014\/04\/09_Killermaschine-im-Nebel.jpg 600w\" sizes=\"(max-width: 265px) 100vw, 265px\" \/><\/a><a href=\"http:\/\/www.fuldaer-nachrichten.de\/wp-content\/uploads\/2014\/04\/08_Die-Killermaschine-in-Action.jpg\"><img loading=\"lazy\" decoding=\"async\" class=\"alignleft size-thumbnail wp-image-123420\" src=\"http:\/\/www.fuldaer-nachrichten.de\/wp-content\/uploads\/2014\/04\/08_Die-Killermaschine-in-Action-265x176.jpg\" alt=\"08_Die Killermaschine in Action\" width=\"265\" height=\"176\" srcset=\"https:\/\/www.fuldaernachrichten.de\/wp-content\/uploads\/2014\/04\/08_Die-Killermaschine-in-Action-265x176.jpg 265w, https:\/\/www.fuldaernachrichten.de\/wp-content\/uploads\/2014\/04\/08_Die-Killermaschine-in-Action.jpg 600w\" sizes=\"(max-width: 265px) 100vw, 265px\" \/><\/a><a href=\"http:\/\/www.fuldaer-nachrichten.de\/wp-content\/uploads\/2014\/04\/07_Kaspar-steckt-in-der-Tonne-fest.jpg\"><img loading=\"lazy\" decoding=\"async\" class=\"alignleft size-thumbnail wp-image-123419\" src=\"http:\/\/www.fuldaer-nachrichten.de\/wp-content\/uploads\/2014\/04\/07_Kaspar-steckt-in-der-Tonne-fest-265x176.jpg\" alt=\"07_Kaspar steckt in der Tonne fest\" width=\"265\" height=\"176\" srcset=\"https:\/\/www.fuldaernachrichten.de\/wp-content\/uploads\/2014\/04\/07_Kaspar-steckt-in-der-Tonne-fest-265x176.jpg 265w, https:\/\/www.fuldaernachrichten.de\/wp-content\/uploads\/2014\/04\/07_Kaspar-steckt-in-der-Tonne-fest.jpg 600w\" sizes=\"(max-width: 265px) 100vw, 265px\" \/><\/a><a href=\"http:\/\/www.fuldaer-nachrichten.de\/wp-content\/uploads\/2014\/04\/06_Kaspar-Gaya-2.jpg\"><img loading=\"lazy\" decoding=\"async\" class=\"alignleft size-thumbnail wp-image-123418\" src=\"http:\/\/www.fuldaer-nachrichten.de\/wp-content\/uploads\/2014\/04\/06_Kaspar-Gaya-2-265x176.jpg\" alt=\"06_Kaspar &amp; Gaya (2)\" width=\"265\" height=\"176\" srcset=\"https:\/\/www.fuldaernachrichten.de\/wp-content\/uploads\/2014\/04\/06_Kaspar-Gaya-2-265x176.jpg 265w, https:\/\/www.fuldaernachrichten.de\/wp-content\/uploads\/2014\/04\/06_Kaspar-Gaya-2.jpg 600w\" sizes=\"(max-width: 265px) 100vw, 265px\" \/><\/a><a href=\"http:\/\/www.fuldaer-nachrichten.de\/wp-content\/uploads\/2014\/04\/05_Kaspar-Gaya.jpg\"><img loading=\"lazy\" decoding=\"async\" class=\"alignleft size-thumbnail wp-image-123417\" src=\"http:\/\/www.fuldaer-nachrichten.de\/wp-content\/uploads\/2014\/04\/05_Kaspar-Gaya-265x176.jpg\" alt=\"05_Kaspar &amp; Gaya\" width=\"265\" height=\"176\" srcset=\"https:\/\/www.fuldaernachrichten.de\/wp-content\/uploads\/2014\/04\/05_Kaspar-Gaya-265x176.jpg 265w, https:\/\/www.fuldaernachrichten.de\/wp-content\/uploads\/2014\/04\/05_Kaspar-Gaya.jpg 600w\" sizes=\"(max-width: 265px) 100vw, 265px\" \/><\/a><a href=\"http:\/\/www.fuldaer-nachrichten.de\/wp-content\/uploads\/2014\/04\/04_He-du-bo-k\u00f6mmsten-du-h\u00e4.jpg\"><img loading=\"lazy\" decoding=\"async\" class=\"alignleft size-thumbnail wp-image-123416\" src=\"http:\/\/www.fuldaer-nachrichten.de\/wp-content\/uploads\/2014\/04\/04_He-du-bo-k\u00f6mmsten-du-h\u00e4-265x176.jpg\" alt=\"04_He du bo k\u00f6mmsten du h\u00e4\" width=\"265\" height=\"176\" \/><\/a><a href=\"http:\/\/www.fuldaer-nachrichten.de\/wp-content\/uploads\/2014\/04\/03_Die-Filmproduzentin-Marina-Brokoli-auf-ihrem-Balkon.jpg\"><img loading=\"lazy\" decoding=\"async\" class=\"alignleft size-thumbnail wp-image-123415\" src=\"http:\/\/www.fuldaer-nachrichten.de\/wp-content\/uploads\/2014\/04\/03_Die-Filmproduzentin-Marina-Brokoli-auf-ihrem-Balkon-265x176.jpg\" alt=\"03_Die Filmproduzentin Marina Brokoli auf ihrem Balkon\" width=\"265\" height=\"176\" srcset=\"https:\/\/www.fuldaernachrichten.de\/wp-content\/uploads\/2014\/04\/03_Die-Filmproduzentin-Marina-Brokoli-auf-ihrem-Balkon-265x176.jpg 265w, https:\/\/www.fuldaernachrichten.de\/wp-content\/uploads\/2014\/04\/03_Die-Filmproduzentin-Marina-Brokoli-auf-ihrem-Balkon.jpg 600w\" sizes=\"(max-width: 265px) 100vw, 265px\" \/><\/a><a href=\"http:\/\/www.fuldaer-nachrichten.de\/wp-content\/uploads\/2014\/04\/02_...und-Action.jpg\"><img loading=\"lazy\" decoding=\"async\" class=\"alignleft size-thumbnail wp-image-123414\" src=\"http:\/\/www.fuldaer-nachrichten.de\/wp-content\/uploads\/2014\/04\/02_...und-Action-265x176.jpg\" alt=\"02_...und Action\" width=\"265\" height=\"176\" srcset=\"https:\/\/www.fuldaernachrichten.de\/wp-content\/uploads\/2014\/04\/02_...und-Action-265x176.jpg 265w, https:\/\/www.fuldaernachrichten.de\/wp-content\/uploads\/2014\/04\/02_...und-Action.jpg 600w\" sizes=\"(max-width: 265px) 100vw, 265px\" \/><\/a><a href=\"http:\/\/www.fuldaer-nachrichten.de\/wp-content\/uploads\/2014\/04\/01_Auftakt.jpg\"><img loading=\"lazy\" decoding=\"async\" class=\"alignleft size-thumbnail wp-image-123413\" src=\"http:\/\/www.fuldaer-nachrichten.de\/wp-content\/uploads\/2014\/04\/01_Auftakt-265x176.jpg\" alt=\"01_Auftakt\" width=\"265\" height=\"176\" srcset=\"https:\/\/www.fuldaernachrichten.de\/wp-content\/uploads\/2014\/04\/01_Auftakt-265x176.jpg 265w, https:\/\/www.fuldaernachrichten.de\/wp-content\/uploads\/2014\/04\/01_Auftakt.jpg 600w\" sizes=\"(max-width: 265px) 100vw, 265px\" \/><\/a><a href=\"http:\/\/www.fuldaer-nachrichten.de\/wp-content\/uploads\/2014\/04\/20_Der-Tod-pustet-ihm-das-Lichtlein-aus.jpg\"><img loading=\"lazy\" decoding=\"async\" class=\"alignleft size-thumbnail wp-image-123432\" src=\"http:\/\/www.fuldaer-nachrichten.de\/wp-content\/uploads\/2014\/04\/20_Der-Tod-pustet-ihm-das-Lichtlein-aus-265x176.jpg\" alt=\"20_Der Tod pustet ihm das Lichtlein aus\" width=\"265\" height=\"176\" srcset=\"https:\/\/www.fuldaernachrichten.de\/wp-content\/uploads\/2014\/04\/20_Der-Tod-pustet-ihm-das-Lichtlein-aus-265x176.jpg 265w, https:\/\/www.fuldaernachrichten.de\/wp-content\/uploads\/2014\/04\/20_Der-Tod-pustet-ihm-das-Lichtlein-aus.jpg 600w\" sizes=\"(max-width: 265px) 100vw, 265px\" \/><\/a><a href=\"http:\/\/www.fuldaer-nachrichten.de\/wp-content\/uploads\/2014\/04\/19_Martin-stirbt-sehr-dramatisch.jpg\"><img loading=\"lazy\" decoding=\"async\" class=\"alignleft size-thumbnail wp-image-123431\" src=\"http:\/\/www.fuldaer-nachrichten.de\/wp-content\/uploads\/2014\/04\/19_Martin-stirbt-sehr-dramatisch-265x176.jpg\" alt=\"19_Martin stirbt sehr dramatisch\" width=\"265\" height=\"176\" srcset=\"https:\/\/www.fuldaernachrichten.de\/wp-content\/uploads\/2014\/04\/19_Martin-stirbt-sehr-dramatisch-265x176.jpg 265w, https:\/\/www.fuldaernachrichten.de\/wp-content\/uploads\/2014\/04\/19_Martin-stirbt-sehr-dramatisch.jpg 600w\" sizes=\"(max-width: 265px) 100vw, 265px\" \/><\/a><a href=\"http:\/\/www.fuldaer-nachrichten.de\/wp-content\/uploads\/2014\/04\/17_Gleich-f\u00e4llt-ein-Schuss.jpg\"><img loading=\"lazy\" decoding=\"async\" class=\"alignleft size-thumbnail wp-image-123430\" src=\"http:\/\/www.fuldaer-nachrichten.de\/wp-content\/uploads\/2014\/04\/17_Gleich-f\u00e4llt-ein-Schuss-265x176.jpg\" alt=\"17_Gleich f\u00e4llt ein Schuss\" width=\"265\" height=\"176\" \/><\/a><a href=\"http:\/\/www.fuldaer-nachrichten.de\/wp-content\/uploads\/2014\/04\/15_TSG-Szene-3.jpg\"><img loading=\"lazy\" decoding=\"async\" class=\"alignleft size-thumbnail wp-image-123428\" src=\"http:\/\/www.fuldaer-nachrichten.de\/wp-content\/uploads\/2014\/04\/15_TSG-Szene-3-265x176.jpg\" alt=\"15_TSG Szene 3\" width=\"265\" height=\"176\" srcset=\"https:\/\/www.fuldaernachrichten.de\/wp-content\/uploads\/2014\/04\/15_TSG-Szene-3-265x176.jpg 265w, https:\/\/www.fuldaernachrichten.de\/wp-content\/uploads\/2014\/04\/15_TSG-Szene-3.jpg 600w\" sizes=\"(max-width: 265px) 100vw, 265px\" \/><\/a><a href=\"http:\/\/www.fuldaer-nachrichten.de\/wp-content\/uploads\/2014\/04\/14_TSG-Szene-2.jpg\"><img loading=\"lazy\" decoding=\"async\" class=\"alignleft size-thumbnail wp-image-123427\" src=\"http:\/\/www.fuldaer-nachrichten.de\/wp-content\/uploads\/2014\/04\/14_TSG-Szene-2-265x176.jpg\" alt=\"14_TSG Szene 2\" width=\"265\" height=\"176\" srcset=\"https:\/\/www.fuldaernachrichten.de\/wp-content\/uploads\/2014\/04\/14_TSG-Szene-2-265x176.jpg 265w, https:\/\/www.fuldaernachrichten.de\/wp-content\/uploads\/2014\/04\/14_TSG-Szene-2.jpg 600w\" sizes=\"(max-width: 265px) 100vw, 265px\" \/><\/a><a href=\"http:\/\/www.fuldaer-nachrichten.de\/wp-content\/uploads\/2014\/04\/13_TSG-Szene.jpg\"><img loading=\"lazy\" decoding=\"async\" class=\"alignleft size-thumbnail wp-image-123426\" src=\"http:\/\/www.fuldaer-nachrichten.de\/wp-content\/uploads\/2014\/04\/13_TSG-Szene-265x176.jpg\" alt=\"13_TSG-Szene\" width=\"265\" height=\"176\" srcset=\"https:\/\/www.fuldaernachrichten.de\/wp-content\/uploads\/2014\/04\/13_TSG-Szene-265x176.jpg 265w, https:\/\/www.fuldaernachrichten.de\/wp-content\/uploads\/2014\/04\/13_TSG-Szene.jpg 600w\" sizes=\"(max-width: 265px) 100vw, 265px\" \/><\/a><a href=\"http:\/\/www.fuldaer-nachrichten.de\/wp-content\/uploads\/2014\/04\/11_Die-Regisseurin-erkl\u00e4rt-die-Story.jpg\"><img loading=\"lazy\" decoding=\"async\" class=\"alignleft size-thumbnail wp-image-123423\" src=\"http:\/\/www.fuldaer-nachrichten.de\/wp-content\/uploads\/2014\/04\/11_Die-Regisseurin-erkl\u00e4rt-die-Story-265x176.jpg\" alt=\"11_Die Regisseurin erkl\u00e4rt die Story\" width=\"265\" height=\"176\" \/><\/a><a href=\"http:\/\/www.fuldaer-nachrichten.de\/wp-content\/uploads\/2014\/04\/25_Schr\u00fcnnesch-das-wird-auch-f\u00fcr-dich-nicht-gut-ausgehen.jpg\"><img loading=\"lazy\" decoding=\"async\" class=\"alignleft size-thumbnail wp-image-123435\" src=\"http:\/\/www.fuldaer-nachrichten.de\/wp-content\/uploads\/2014\/04\/25_Schr\u00fcnnesch-das-wird-auch-f\u00fcr-dich-nicht-gut-ausgehen-265x176.jpg\" alt=\"25_Schr\u00fcnnesch, das wird auch f\u00fcr dich nicht gut ausgehen!\" width=\"265\" height=\"176\" \/><\/a><a href=\"http:\/\/www.fuldaer-nachrichten.de\/wp-content\/uploads\/2014\/04\/24_Der-TSG-umtanzt-Christoph-Leipold.jpg\"><img loading=\"lazy\" decoding=\"async\" class=\"alignleft size-thumbnail wp-image-123434\" src=\"http:\/\/www.fuldaer-nachrichten.de\/wp-content\/uploads\/2014\/04\/24_Der-TSG-umtanzt-Christoph-Leipold-265x176.jpg\" alt=\"24_Der TSG umtanzt Christoph Leipold\" width=\"265\" height=\"176\" srcset=\"https:\/\/www.fuldaernachrichten.de\/wp-content\/uploads\/2014\/04\/24_Der-TSG-umtanzt-Christoph-Leipold-265x176.jpg 265w, https:\/\/www.fuldaernachrichten.de\/wp-content\/uploads\/2014\/04\/24_Der-TSG-umtanzt-Christoph-Leipold.jpg 600w\" sizes=\"(max-width: 265px) 100vw, 265px\" \/><\/a><a href=\"http:\/\/www.fuldaer-nachrichten.de\/wp-content\/uploads\/2014\/04\/26_Martin-Caba-muss-dran-glauben.jpg\"><img loading=\"lazy\" decoding=\"async\" class=\"alignleft size-thumbnail wp-image-123436\" src=\"http:\/\/www.fuldaer-nachrichten.de\/wp-content\/uploads\/2014\/04\/26_Martin-Caba-muss-dran-glauben-265x176.jpg\" alt=\"26_Martin Caba muss dran glauben\" width=\"265\" height=\"176\" srcset=\"https:\/\/www.fuldaernachrichten.de\/wp-content\/uploads\/2014\/04\/26_Martin-Caba-muss-dran-glauben-265x176.jpg 265w, https:\/\/www.fuldaernachrichten.de\/wp-content\/uploads\/2014\/04\/26_Martin-Caba-muss-dran-glauben.jpg 600w\" sizes=\"(max-width: 265px) 100vw, 265px\" \/><\/a><a href=\"http:\/\/www.fuldaer-nachrichten.de\/wp-content\/uploads\/2014\/04\/27_Die-Regisseurin-beh\u00e4lt-von-hinten-den-Saal-im-Griff.jpg\"><img decoding=\"async\" class=\"alignleft size-thumbnail wp-image-123437\" src=\"http:\/\/www.fuldaer-nachrichten.de\/wp-content\/uploads\/2014\/04\/27_Die-Regisseurin-beh\u00e4lt-von-hinten-den-Saal-im-Griff-265x176.jpg\" alt=\"27_Die Regisseurin beh\u00e4lt von hinten den Saal im Griff\" width=\"265\" height=\"176\" \/><\/a><a href=\"http:\/\/www.fuldaer-nachrichten.de\/wp-content\/uploads\/2014\/04\/28_Autakt-zum-2.-Set-mit-La-Danse.jpg\"><img loading=\"lazy\" decoding=\"async\" class=\"alignleft size-thumbnail wp-image-123438\" src=\"http:\/\/www.fuldaer-nachrichten.de\/wp-content\/uploads\/2014\/04\/28_Autakt-zum-2.-Set-mit-La-Danse-265x176.jpg\" alt=\"28_Autakt zum 2. Set mit La Danse\" width=\"265\" height=\"176\" srcset=\"https:\/\/www.fuldaernachrichten.de\/wp-content\/uploads\/2014\/04\/28_Autakt-zum-2.-Set-mit-La-Danse-265x176.jpg 265w, https:\/\/www.fuldaernachrichten.de\/wp-content\/uploads\/2014\/04\/28_Autakt-zum-2.-Set-mit-La-Danse.jpg 600w\" sizes=\"(max-width: 265px) 100vw, 265px\" \/><\/a><a href=\"http:\/\/www.fuldaer-nachrichten.de\/wp-content\/uploads\/2014\/04\/29_Ballett-als-Angriffstanz.jpg\"><img loading=\"lazy\" decoding=\"async\" class=\"alignleft size-thumbnail wp-image-123439\" src=\"http:\/\/www.fuldaer-nachrichten.de\/wp-content\/uploads\/2014\/04\/29_Ballett-als-Angriffstanz-265x176.jpg\" alt=\"29_Ballett als Angriffstanz\" width=\"265\" height=\"176\" srcset=\"https:\/\/www.fuldaernachrichten.de\/wp-content\/uploads\/2014\/04\/29_Ballett-als-Angriffstanz-265x176.jpg 265w, https:\/\/www.fuldaernachrichten.de\/wp-content\/uploads\/2014\/04\/29_Ballett-als-Angriffstanz.jpg 600w\" sizes=\"(max-width: 265px) 100vw, 265px\" \/><\/a><a href=\"http:\/\/www.fuldaer-nachrichten.de\/wp-content\/uploads\/2014\/04\/30_Jan-Andreas-H\u00f6nscher.jpg\"><img loading=\"lazy\" decoding=\"async\" class=\"alignleft size-thumbnail wp-image-123440\" src=\"http:\/\/www.fuldaer-nachrichten.de\/wp-content\/uploads\/2014\/04\/30_Jan-Andreas-H\u00f6nscher-265x176.jpg\" alt=\"30_Jan-Andreas H\u00f6nscher\" width=\"265\" height=\"176\" \/><\/a><a href=\"http:\/\/www.fuldaer-nachrichten.de\/wp-content\/uploads\/2014\/04\/31_Die-Bombe-z\u00fcndet.jpg\"><img loading=\"lazy\" decoding=\"async\" class=\"alignleft size-thumbnail wp-image-123441\" src=\"http:\/\/www.fuldaer-nachrichten.de\/wp-content\/uploads\/2014\/04\/31_Die-Bombe-z\u00fcndet-265x176.jpg\" alt=\"31_Die Bombe z\u00fcndet\" width=\"265\" height=\"176\" \/><\/a><a href=\"http:\/\/www.fuldaer-nachrichten.de\/wp-content\/uploads\/2014\/04\/32_Bond-und-Bond-Girl-auf-der-Suche-nach-dem-T\u00e4ter.jpg\"><img loading=\"lazy\" decoding=\"async\" class=\"alignleft size-thumbnail wp-image-123442\" src=\"http:\/\/www.fuldaer-nachrichten.de\/wp-content\/uploads\/2014\/04\/32_Bond-und-Bond-Girl-auf-der-Suche-nach-dem-T\u00e4ter-265x176.jpg\" alt=\"32_Bond und Bond-Girl auf der Suche nach dem T\u00e4ter\" width=\"265\" height=\"176\" \/><\/a><a href=\"http:\/\/www.fuldaer-nachrichten.de\/wp-content\/uploads\/2014\/04\/33_Marianne-Blum-singt-Goldfinger-Bond-tanzt-mit-seinem-Girl-bis-die-Polizei-kommt.jpg\"><img loading=\"lazy\" decoding=\"async\" class=\"alignleft size-thumbnail wp-image-123443\" src=\"http:\/\/www.fuldaer-nachrichten.de\/wp-content\/uploads\/2014\/04\/33_Marianne-Blum-singt-Goldfinger-Bond-tanzt-mit-seinem-Girl-bis-die-Polizei-kommt-265x176.jpg\" alt=\"33_Marianne Blum singt Goldfinger Bond tanzt mit seinem Girl bis die Polizei kommt\" width=\"265\" height=\"176\" srcset=\"https:\/\/www.fuldaernachrichten.de\/wp-content\/uploads\/2014\/04\/33_Marianne-Blum-singt-Goldfinger-Bond-tanzt-mit-seinem-Girl-bis-die-Polizei-kommt-265x176.jpg 265w, https:\/\/www.fuldaernachrichten.de\/wp-content\/uploads\/2014\/04\/33_Marianne-Blum-singt-Goldfinger-Bond-tanzt-mit-seinem-Girl-bis-die-Polizei-kommt.jpg 600w\" sizes=\"(max-width: 265px) 100vw, 265px\" \/><\/a><a href=\"http:\/\/www.fuldaer-nachrichten.de\/wp-content\/uploads\/2014\/04\/34_Untersuchung-des-Tatorts.jpg\"><img loading=\"lazy\" decoding=\"async\" class=\"alignleft size-thumbnail wp-image-123444\" src=\"http:\/\/www.fuldaer-nachrichten.de\/wp-content\/uploads\/2014\/04\/34_Untersuchung-des-Tatorts-265x176.jpg\" alt=\"34_Untersuchung des Tatorts\" width=\"265\" height=\"176\" srcset=\"https:\/\/www.fuldaernachrichten.de\/wp-content\/uploads\/2014\/04\/34_Untersuchung-des-Tatorts-265x176.jpg 265w, https:\/\/www.fuldaernachrichten.de\/wp-content\/uploads\/2014\/04\/34_Untersuchung-des-Tatorts.jpg 600w\" sizes=\"(max-width: 265px) 100vw, 265px\" \/><\/a><a href=\"http:\/\/www.fuldaer-nachrichten.de\/wp-content\/uploads\/2014\/04\/35_Es-gibt-einen-Verd\u00e4chtigen.jpg\"><img loading=\"lazy\" decoding=\"async\" class=\"alignleft size-thumbnail wp-image-123445\" src=\"http:\/\/www.fuldaer-nachrichten.de\/wp-content\/uploads\/2014\/04\/35_Es-gibt-einen-Verd\u00e4chtigen-265x176.jpg\" alt=\"35_Es gibt einen Verd\u00e4chtigen!\" width=\"265\" height=\"176\" \/><\/a><a href=\"http:\/\/www.fuldaer-nachrichten.de\/wp-content\/uploads\/2014\/04\/36_Jetzt-nimm-ihn-halt-fest.jpg\"><img loading=\"lazy\" decoding=\"async\" class=\"alignleft size-thumbnail wp-image-123446\" src=\"http:\/\/www.fuldaer-nachrichten.de\/wp-content\/uploads\/2014\/04\/36_Jetzt-nimm-ihn-halt-fest-265x176.jpg\" alt=\"36_Jetzt nimm ihn halt fest!\" width=\"265\" height=\"176\" srcset=\"https:\/\/www.fuldaernachrichten.de\/wp-content\/uploads\/2014\/04\/36_Jetzt-nimm-ihn-halt-fest-265x176.jpg 265w, https:\/\/www.fuldaernachrichten.de\/wp-content\/uploads\/2014\/04\/36_Jetzt-nimm-ihn-halt-fest.jpg 600w\" sizes=\"(max-width: 265px) 100vw, 265px\" \/><\/a><a href=\"http:\/\/www.fuldaer-nachrichten.de\/wp-content\/uploads\/2014\/04\/37_Der-Zauberer-l\u00e4sst-sich-fesseln.jpg\"><img loading=\"lazy\" decoding=\"async\" class=\"alignleft size-thumbnail wp-image-123447\" src=\"http:\/\/www.fuldaer-nachrichten.de\/wp-content\/uploads\/2014\/04\/37_Der-Zauberer-l\u00e4sst-sich-fesseln-265x176.jpg\" alt=\"37_Der Zauberer l\u00e4sst sich fesseln\" width=\"265\" height=\"176\" \/><\/a><a href=\"http:\/\/www.fuldaer-nachrichten.de\/wp-content\/uploads\/2014\/04\/38_Das-Publikum-kontrolliert-die-Fesselung.jpg\"><img loading=\"lazy\" decoding=\"async\" class=\"alignleft size-thumbnail wp-image-123448\" src=\"http:\/\/www.fuldaer-nachrichten.de\/wp-content\/uploads\/2014\/04\/38_Das-Publikum-kontrolliert-die-Fesselung-265x176.jpg\" alt=\"38_Das Publikum kontrolliert die Fesselung\" width=\"265\" height=\"176\" srcset=\"https:\/\/www.fuldaernachrichten.de\/wp-content\/uploads\/2014\/04\/38_Das-Publikum-kontrolliert-die-Fesselung-265x176.jpg 265w, https:\/\/www.fuldaernachrichten.de\/wp-content\/uploads\/2014\/04\/38_Das-Publikum-kontrolliert-die-Fesselung.jpg 600w\" sizes=\"(max-width: 265px) 100vw, 265px\" \/><\/a><a href=\"http:\/\/www.fuldaer-nachrichten.de\/wp-content\/uploads\/2014\/04\/39_So-jetzt-sind-die-Statisten-dran.jpg\"><img loading=\"lazy\" decoding=\"async\" class=\"alignleft size-thumbnail wp-image-123449\" src=\"http:\/\/www.fuldaer-nachrichten.de\/wp-content\/uploads\/2014\/04\/39_So-jetzt-sind-die-Statisten-dran-265x176.jpg\" alt=\"39_So, jetzt sind die Statisten dran\" width=\"265\" height=\"176\" srcset=\"https:\/\/www.fuldaernachrichten.de\/wp-content\/uploads\/2014\/04\/39_So-jetzt-sind-die-Statisten-dran-265x176.jpg 265w, https:\/\/www.fuldaernachrichten.de\/wp-content\/uploads\/2014\/04\/39_So-jetzt-sind-die-Statisten-dran.jpg 600w\" sizes=\"(max-width: 265px) 100vw, 265px\" \/><\/a><a href=\"http:\/\/www.fuldaer-nachrichten.de\/wp-content\/uploads\/2014\/04\/39_Verfolgungsjagd.jpg\"><img loading=\"lazy\" decoding=\"async\" class=\"alignleft size-thumbnail wp-image-123450\" src=\"http:\/\/www.fuldaer-nachrichten.de\/wp-content\/uploads\/2014\/04\/39_Verfolgungsjagd-265x176.jpg\" alt=\"39_Verfolgungsjagd\" width=\"265\" height=\"176\" srcset=\"https:\/\/www.fuldaernachrichten.de\/wp-content\/uploads\/2014\/04\/39_Verfolgungsjagd-265x176.jpg 265w, https:\/\/www.fuldaernachrichten.de\/wp-content\/uploads\/2014\/04\/39_Verfolgungsjagd.jpg 600w\" sizes=\"(max-width: 265px) 100vw, 265px\" \/><\/a><a href=\"http:\/\/www.fuldaer-nachrichten.de\/wp-content\/uploads\/2014\/04\/40_Geld.jpg\"><img loading=\"lazy\" decoding=\"async\" class=\"alignleft size-thumbnail wp-image-123451\" src=\"http:\/\/www.fuldaer-nachrichten.de\/wp-content\/uploads\/2014\/04\/40_Geld-265x176.jpg\" alt=\"40_Geld!\" width=\"265\" height=\"176\" srcset=\"https:\/\/www.fuldaernachrichten.de\/wp-content\/uploads\/2014\/04\/40_Geld-265x176.jpg 265w, https:\/\/www.fuldaernachrichten.de\/wp-content\/uploads\/2014\/04\/40_Geld.jpg 600w\" sizes=\"(max-width: 265px) 100vw, 265px\" \/><\/a><a href=\"http:\/\/www.fuldaer-nachrichten.de\/wp-content\/uploads\/2014\/04\/41_Marina-und-ihr-Lieblingstod.jpg\"><img loading=\"lazy\" decoding=\"async\" class=\"alignleft size-thumbnail wp-image-123452\" src=\"http:\/\/www.fuldaer-nachrichten.de\/wp-content\/uploads\/2014\/04\/41_Marina-und-ihr-Lieblingstod-265x176.jpg\" alt=\"41_Marina und ihr Lieblingstod\" width=\"265\" height=\"176\" srcset=\"https:\/\/www.fuldaernachrichten.de\/wp-content\/uploads\/2014\/04\/41_Marina-und-ihr-Lieblingstod-265x176.jpg 265w, https:\/\/www.fuldaernachrichten.de\/wp-content\/uploads\/2014\/04\/41_Marina-und-ihr-Lieblingstod.jpg 600w\" sizes=\"(max-width: 265px) 100vw, 265px\" \/><\/a><a href=\"http:\/\/www.fuldaer-nachrichten.de\/wp-content\/uploads\/2014\/04\/42_Die-Clowns-verfolgen-gebannt-das-Geschehen.jpg\"><img loading=\"lazy\" decoding=\"async\" class=\"alignleft size-thumbnail wp-image-123453\" src=\"http:\/\/www.fuldaer-nachrichten.de\/wp-content\/uploads\/2014\/04\/42_Die-Clowns-verfolgen-gebannt-das-Geschehen-265x176.jpg\" alt=\"42_Die Clowns verfolgen gebannt das Geschehen\" width=\"265\" height=\"176\" srcset=\"https:\/\/www.fuldaernachrichten.de\/wp-content\/uploads\/2014\/04\/42_Die-Clowns-verfolgen-gebannt-das-Geschehen-265x176.jpg 265w, https:\/\/www.fuldaernachrichten.de\/wp-content\/uploads\/2014\/04\/42_Die-Clowns-verfolgen-gebannt-das-Geschehen.jpg 600w\" sizes=\"(max-width: 265px) 100vw, 265px\" \/><\/a><a href=\"http:\/\/www.fuldaer-nachrichten.de\/wp-content\/uploads\/2014\/04\/43_Liebesszene-mit-Bond-und-seinem-Girl.jpg\"><img loading=\"lazy\" decoding=\"async\" class=\"alignleft size-thumbnail wp-image-123454\" src=\"http:\/\/www.fuldaer-nachrichten.de\/wp-content\/uploads\/2014\/04\/43_Liebesszene-mit-Bond-und-seinem-Girl-265x176.jpg\" alt=\"43_Liebesszene mit Bond und seinem Girl\" width=\"265\" height=\"176\" srcset=\"https:\/\/www.fuldaernachrichten.de\/wp-content\/uploads\/2014\/04\/43_Liebesszene-mit-Bond-und-seinem-Girl-265x176.jpg 265w, https:\/\/www.fuldaernachrichten.de\/wp-content\/uploads\/2014\/04\/43_Liebesszene-mit-Bond-und-seinem-Girl.jpg 600w\" sizes=\"(max-width: 265px) 100vw, 265px\" \/><\/a><a href=\"http:\/\/www.fuldaer-nachrichten.de\/wp-content\/uploads\/2014\/04\/06_Kaspar-Gaya-2.jpg\"><\/p>\n<p><\/a><\/p>\n<p>&nbsp;<\/p>\n<p>&nbsp;<\/p>\n","protected":false},"excerpt":{"rendered":"<div class=\"tmnf_excerpt\"><p>Fulda. Nach langer Vorank\u00fcndigung war es endlich soweit. Zwei Jahre nach der ersten Kleinkunstgala \u201eKnaller\u201c folgte an diesem Wochenende die Fortf\u00fchrung \u201eKnaller reloaded\u201c, an der \u00fcber drei\u00dfig K\u00fcnstler aus der Region teilnahmen. Der erste \u201eKnaller\u201c im Jahr 2011\/2012 war ein so gro\u00dfer Erfolg, dass es schwer werden w\u00fcrde, diese Veranstaltung noch einmal zu toppen. Doch &hellip;<\/p>\n<\/div>","protected":false},"author":1,"featured_media":0,"comment_status":"closed","ping_status":"closed","sticky":false,"template":"","format":"standard","meta":{"footnotes":""},"categories":[1,44,78],"tags":[],"class_list":["post-123411","post","type-post","status-publish","format-standard","hentry","category-startseite","category-kultur","category-topthema"],"_links":{"self":[{"href":"https:\/\/www.fuldaernachrichten.de\/index.php?rest_route=\/wp\/v2\/posts\/123411","targetHints":{"allow":["GET"]}}],"collection":[{"href":"https:\/\/www.fuldaernachrichten.de\/index.php?rest_route=\/wp\/v2\/posts"}],"about":[{"href":"https:\/\/www.fuldaernachrichten.de\/index.php?rest_route=\/wp\/v2\/types\/post"}],"author":[{"embeddable":true,"href":"https:\/\/www.fuldaernachrichten.de\/index.php?rest_route=\/wp\/v2\/users\/1"}],"replies":[{"embeddable":true,"href":"https:\/\/www.fuldaernachrichten.de\/index.php?rest_route=%2Fwp%2Fv2%2Fcomments&post=123411"}],"version-history":[{"count":4,"href":"https:\/\/www.fuldaernachrichten.de\/index.php?rest_route=\/wp\/v2\/posts\/123411\/revisions"}],"predecessor-version":[{"id":123465,"href":"https:\/\/www.fuldaernachrichten.de\/index.php?rest_route=\/wp\/v2\/posts\/123411\/revisions\/123465"}],"wp:attachment":[{"href":"https:\/\/www.fuldaernachrichten.de\/index.php?rest_route=%2Fwp%2Fv2%2Fmedia&parent=123411"}],"wp:term":[{"taxonomy":"category","embeddable":true,"href":"https:\/\/www.fuldaernachrichten.de\/index.php?rest_route=%2Fwp%2Fv2%2Fcategories&post=123411"},{"taxonomy":"post_tag","embeddable":true,"href":"https:\/\/www.fuldaernachrichten.de\/index.php?rest_route=%2Fwp%2Fv2%2Ftags&post=123411"}],"curies":[{"name":"wp","href":"https:\/\/api.w.org\/{rel}","templated":true}]}}