{"id":123179,"date":"2014-04-24T00:10:18","date_gmt":"2014-04-24T00:10:18","guid":{"rendered":"http:\/\/www.fuldaer-nachrichten.de\/?p=123179"},"modified":"2014-04-24T08:45:10","modified_gmt":"2014-04-24T08:45:10","slug":"spass-und-erfolge-im-sport-bei-passendem-bewegungsprofil-am-groessten","status":"publish","type":"post","link":"https:\/\/www.fuldaernachrichten.de\/?p=123179","title":{"rendered":"Spa\u00df und Erfolge im Sport bei passendem Bewegungsprofil am gr\u00f6\u00dften"},"content":{"rendered":"<p><a href=\"http:\/\/www.fuldaer-nachrichten.de\/wp-content\/uploads\/2014\/04\/179-Bewegungscheck.jpg\"><img fetchpriority=\"high\" decoding=\"async\" class=\"alignnone size-full wp-image-123180\" src=\"http:\/\/www.fuldaer-nachrichten.de\/wp-content\/uploads\/2014\/04\/179-Bewegungscheck.jpg\" alt=\"179-Bewegungscheck\" width=\"560\" height=\"359\" \/><\/a><\/p>\n<p>Fulda. Der Fuldaer Bewegungs- und Talentcheck, mit dem inzwischen kreisweit fast alle Zweitkl\u00e4ssler auf ihre sportmotorische Leistungsf\u00e4higkeit getestet werden, finden Nachahmer in anderen Teilen Deutschlands. J\u00fcngstes Beispiel sind drei Berliner Be-zirke, in denen ein \u00e4hnlicher Ansatz verfolgt wird. Mittlerweile ist auch der Deutsche Olympische Sportbund auf den Bewegungs- und Talentcheck aufmerksam geworden und sieht darin ein Testverfahren mit Modellcharakter f\u00fcr die zielgerichtete Nachwuchsf\u00f6rderung im Leistungssport.<\/p>\n<p>Foto: Max Colin Heydenreich<!--more--><\/p>\n<p>Dieses Lob aus dem Munde der Verantwortlichen f\u00fcr den deutschen Spitzensport freut Professor Andreas Hohmann von der Universit\u00e4t Bayreuth, der den Fuldaer Bewegungs- und Talentcheck im Auftrag von Landkreis und Stadt Fulda seit 2010 durchf\u00fchrt, reicht ihm aber nicht. Aufgrund der in den letzten Jahren gesammelten Erfahrungen bestehe Nachbesserungsbedarf vor allem beim Transfer von sportlich begabten und hochbegabten Kindern in Vereine, St\u00fctzpunkte und Talentf\u00f6rdergruppen. \u201eHingegen sind wir mit unserem Angebot des kostenlosen Bewegungstrainings f\u00fcr motorisch schw\u00e4chere Kinder bereits sehr gut aufgestellt.\u201c<\/p>\n<p>Das Testverfahren ist zweistufig aufgebaut. Zun\u00e4chst nehmen alle Kinder am Bewegungscheck teil und bekommen eine R\u00fcckmeldung \u00fcber ihr Abschneiden im Vergleich zum Altersdurchschnitt sowie ein Bewegungsprofil, aus dem hervorgeht, wo ihre motorischen Begabungsschwerpunkte liegen. Dieses Profil kann, muss aber nicht mit den tats\u00e4chlichen sportlichen Aktivit\u00e4ten \u00fcbereinstimmen. Der Spa\u00df an der Bewegung und die Erfolgsaussichten sind jedoch beim passenden Profil am gr\u00f6\u00dften. Motorisch besonders begabte Kinder werden dann noch einmal im Talentcheck getestet und erhalten gezielte Empfehlungen f\u00fcr bestimmte Sportarten.<\/p>\n<p>Bei den bisherigen Durchg\u00e4ngen des Fuldaer Bewegungs- und Talentchecks hat sich gezeigt, dass die Sch\u00fclerinnen und Sch\u00fcler aus dem Landkreis und Stadt sowohl im nationalen als auch im internationalen Vergleich ein \u00fcberdurchschnittliches Bewegungspotential aufweisen und besondere bei der Ausdauer und der Koordination gut abschneiden. Dies gilt vor allem in den Stadtrandgemeinden. Dabei hat einen entscheidenden Einfluss auf die Testergebnisse, ob jemand im Verein Sport treibt. Teilweise scheint es sogar so zu sein, dass die Sportvereine den R\u00fcckgang der \u00e4u\u00dferlichen Bewegungserfahrungen kompensieren m\u00fcssen.<\/p>\n<p>K\u00fcnftig soll der Bewegungs- und Talentcheck noch st\u00e4rker mit der Nachwuchsarbeit der Vereine verzahnt werden. Auf Anfrage k\u00f6nnen diese von der Koordinierungsstelle bei der Kreisverwaltung, Telefon (0661)6006-301, die Namen und Adressen der Kinder erhalten, die f\u00fcr die jeweilige Sportart besonders geeignet sind, um mit ihnen Kontakt aufzunehmen und sie beispielsweise zu einem Probetraining einzuladen. Auch m\u00f6chte man die Zusammenarbeit mit den St\u00fctzpunkten weiter intensivieren, um auch auf diese Weise zu erreichen, dass die Talente in der \u201erichtigen\u201c Sportart landen und dort optimal gef\u00f6rdert werden.<\/p>\n<p>Ferner sind zwei Forschungsprojekte im Zusammenhang mit dem Bewegungs- und Talentcheck geplant, den bislang rund 6.000 Zweitkl\u00e4ssler aus dem Landkreis und der Stadt Fulda durchlaufen haben. Zum einen soll \u00fcberpr\u00fcft werden, wer den Empfehlungen des Bewegungsprofils gefolgt ist und wie sich die weitere sportliche Laufbahn der getesteten Kinder gestaltet hat. Zum anderen geht es die Erstellung einer motorischen Landkarte f\u00fcr die Region, bei der das sportliche Leistungsverm\u00f6gen in Abh\u00e4ngigkeit von soziokulturellen Einflussgr\u00f6\u00dfen wie Schichtzugeh\u00f6rigkeit, Migrationshintergrund oder Einwohnerdichte untersucht wird.<\/p>\n","protected":false},"excerpt":{"rendered":"<div class=\"tmnf_excerpt\"><p>Fulda. Der Fuldaer Bewegungs- und Talentcheck, mit dem inzwischen kreisweit fast alle Zweitkl\u00e4ssler auf ihre sportmotorische Leistungsf\u00e4higkeit getestet werden, finden Nachahmer in anderen Teilen Deutschlands. J\u00fcngstes Beispiel sind drei Berliner Be-zirke, in denen ein \u00e4hnlicher Ansatz verfolgt wird. Mittlerweile ist auch der Deutsche Olympische Sportbund auf den Bewegungs- und Talentcheck aufmerksam geworden und sieht darin &hellip;<\/p>\n<\/div>","protected":false},"author":1,"featured_media":0,"comment_status":"closed","ping_status":"closed","sticky":false,"template":"","format":"standard","meta":{"footnotes":""},"categories":[1,46,78],"tags":[],"class_list":["post-123179","post","type-post","status-publish","format-standard","hentry","category-startseite","category-sport","category-topthema"],"_links":{"self":[{"href":"https:\/\/www.fuldaernachrichten.de\/index.php?rest_route=\/wp\/v2\/posts\/123179","targetHints":{"allow":["GET"]}}],"collection":[{"href":"https:\/\/www.fuldaernachrichten.de\/index.php?rest_route=\/wp\/v2\/posts"}],"about":[{"href":"https:\/\/www.fuldaernachrichten.de\/index.php?rest_route=\/wp\/v2\/types\/post"}],"author":[{"embeddable":true,"href":"https:\/\/www.fuldaernachrichten.de\/index.php?rest_route=\/wp\/v2\/users\/1"}],"replies":[{"embeddable":true,"href":"https:\/\/www.fuldaernachrichten.de\/index.php?rest_route=%2Fwp%2Fv2%2Fcomments&post=123179"}],"version-history":[{"count":3,"href":"https:\/\/www.fuldaernachrichten.de\/index.php?rest_route=\/wp\/v2\/posts\/123179\/revisions"}],"predecessor-version":[{"id":123250,"href":"https:\/\/www.fuldaernachrichten.de\/index.php?rest_route=\/wp\/v2\/posts\/123179\/revisions\/123250"}],"wp:attachment":[{"href":"https:\/\/www.fuldaernachrichten.de\/index.php?rest_route=%2Fwp%2Fv2%2Fmedia&parent=123179"}],"wp:term":[{"taxonomy":"category","embeddable":true,"href":"https:\/\/www.fuldaernachrichten.de\/index.php?rest_route=%2Fwp%2Fv2%2Fcategories&post=123179"},{"taxonomy":"post_tag","embeddable":true,"href":"https:\/\/www.fuldaernachrichten.de\/index.php?rest_route=%2Fwp%2Fv2%2Ftags&post=123179"}],"curies":[{"name":"wp","href":"https:\/\/api.w.org\/{rel}","templated":true}]}}