{"id":123102,"date":"2014-04-18T00:23:56","date_gmt":"2014-04-18T00:23:56","guid":{"rendered":"http:\/\/www.fuldaer-nachrichten.de\/?p=123102"},"modified":"2014-04-18T09:26:08","modified_gmt":"2014-04-18T09:26:08","slug":"foerstina-startet-mit-neuen-durstloeschern-in-die-saison-waldmeister-und-iso-limette","status":"publish","type":"post","link":"https:\/\/www.fuldaernachrichten.de\/?p=123102","title":{"rendered":"F\u00f6rstina startet mit neuen Durstl\u00f6schern in die Saison: Waldmeister und Iso-Limette"},"content":{"rendered":"<div id=\"attachment_123103\" style=\"width: 570px\" class=\"wp-caption alignnone\"><a href=\"http:\/\/www.fuldaer-nachrichten.de\/wp-content\/uploads\/2014\/04\/tegut-Marktleiter-Hasan-Akdeniz-und-Promoterin-Bettina-Irgel-Mitte-schenken-die-neuen-F\u00f6rstina-Produkte-an-Kunden-aus.jpg\"><img fetchpriority=\"high\" decoding=\"async\" aria-describedby=\"caption-attachment-123103\" class=\"size-full wp-image-123103\" alt=\"Bildunterschrift: tegut-Marktleiter Hasan Akdeniz und F\u00f6rstina-Promoterin Bettina Irgel (Mitte) schenken die neuen F\u00f6rstina Produkte im neuen tegut-Markt in Schl\u00fcchtern an Kunden aus.\" src=\"http:\/\/www.fuldaer-nachrichten.de\/wp-content\/uploads\/2014\/04\/tegut-Marktleiter-Hasan-Akdeniz-und-Promoterin-Bettina-Irgel-Mitte-schenken-die-neuen-F\u00f6rstina-Produkte-an-Kunden-aus.jpg\" width=\"560\" height=\"728\" \/><\/a><p id=\"caption-attachment-123103\" class=\"wp-caption-text\">Bildunterschrift: tegut-Marktleiter Hasan Akdeniz und F\u00f6rstina-Promoterin Bettina Irgel (Mitte) schenken die neuen F\u00f6rstina Produkte im neuen tegut-Markt in Schl\u00fcchtern an Kunden aus.<\/p><\/div>\n<p>L\u00fctter. \u201eDie Verbraucher m\u00f6chten immer wieder Neues probieren \u2013 und geschmacklich auch \u00fcberrascht werden. Das bedeutet f\u00fcr uns Mineralbrunnen die Notwendigkeit, immer neue Ideen zu generieren und neue Produkte auf den Markt zu bringen\u201c, erkl\u00e4rt Ulrich Ehrhardt. P\u00fcnktlich mit den ersten Fr\u00fchlingstagen steht der Eichenzeller Mineralbrunnen F\u00f6rstina Sprudel daher mit zwei neuen, innovativen Produkten in den Getr\u00e4nkemarkten und Verkaufsregalen.<\/p>\n<p>Um immer wieder geschmacklich am Puls der Zeit zu liegen, sind regelm\u00e4\u00dfig Innovationen notwendig: Bei immer k\u00fcrzeren Produktlebenszyklen verstehen es die Verantwortlichen bei F\u00f6rstina immer wieder den Geschmack der Verbraucher zu treffen. So geh\u00f6rt F\u00f6rstina seit Jahren zu den Top-20-Brunnenbetrieben in Deutschland \u2013 und das obwohl die Eichenzeller einen strikt regionalen Vermarktungsansatz verfolgen: Produkte aus Eichenzell findet man in einem Umkreis von rund 250 Kilometern. Ambitionen, bundesweit zu vermarkten, gibt es nicht: \u201eSchon alleine aus Aspekten des Umweltschutzes. Aus diesem Grund f\u00fcllen wir auch nur in Mehrweggebinde, Glas oder PET, ab\u201c, f\u00fchrt der gesch\u00e4ftsf\u00fchrende Gesellschafter Ulrich Ehrhardt aus.<\/p>\n<p>Als \u201edie Neuentdeckung eines einzigartigen Genusses wie aus Kindheitstagen\u201c bezeichnet F\u00f6rstina-Marketingleiter Peter Seufert Innovation Nummer eins: F\u00f6rstina Waldmeister-Limonade. Der Inhalt: Aromatisch-erfrischend und einfach der typische Geschmack des heimischen Waldmeisters. \u201eDer Trend geht eindeutig zu hochwertigen Premium-Limonaden. Waldmeister kennt man als Brause, aber in dieser hohen Qualit\u00e4t sind wir die Ersten auf dem Markt. Ein perfektes Getr\u00e4nk, um f\u00fcr geschmackliche Abwechslung zu sorgen\u201c, erkl\u00e4rt Seufert. Mit \u201eISO Limette\u201c positioniert sich F\u00f6rstina mit einem weiteren Produkt im Wachstumsmarkt der Iso-Aktiv-Getr\u00e4nke. \u201eWir bieten hier f\u00fcr die Zielgruppe der Sportler und Ern\u00e4hrungsbewussten, die Brennwert und Kaloriengehalt im Auge haben, eine geschmackliche und optische Alternative, kalorienreduziert und isotonisch\u201c, erl\u00e4utert Seufert.<\/p>\n<p>Mit diesen Innovationen w\u00e4chst die F\u00f6rstina-Produktpalette nun auf \u00fcber 70 Getr\u00e4nke an. \u201eDie zwei neuen Limonaden sind zus\u00e4tzliche Produkte, das hei\u00dft, wir nehmen daf\u00fcr nichts anderes aus dem Programm\u201c, schlie\u00dft Ulrich Ehrhardt ab und erg\u00e4nzt: \u201eAllerdings hat jede Region ihre eigenen Gesetze und Geschm\u00e4cker \u2013 weswegen nicht alle unsere Produkte im gesamten Verkaufsgebiet erh\u00e4ltlich sind.\u201c<\/p>\n<p>&nbsp;<\/p>\n","protected":false},"excerpt":{"rendered":"<div class=\"tmnf_excerpt\"><p>L\u00fctter. \u201eDie Verbraucher m\u00f6chten immer wieder Neues probieren \u2013 und geschmacklich auch \u00fcberrascht werden. Das bedeutet f\u00fcr uns Mineralbrunnen die Notwendigkeit, immer neue Ideen zu generieren und neue Produkte auf den Markt zu bringen\u201c, erkl\u00e4rt Ulrich Ehrhardt. P\u00fcnktlich mit den ersten Fr\u00fchlingstagen steht der Eichenzeller Mineralbrunnen F\u00f6rstina Sprudel daher mit zwei neuen, innovativen Produkten in &hellip;<\/p>\n<\/div>","protected":false},"author":1,"featured_media":0,"comment_status":"closed","ping_status":"closed","sticky":false,"template":"","format":"standard","meta":{"footnotes":""},"categories":[1,29,78],"tags":[],"class_list":["post-123102","post","type-post","status-publish","format-standard","hentry","category-startseite","category-politik","category-topthema"],"_links":{"self":[{"href":"https:\/\/www.fuldaernachrichten.de\/index.php?rest_route=\/wp\/v2\/posts\/123102","targetHints":{"allow":["GET"]}}],"collection":[{"href":"https:\/\/www.fuldaernachrichten.de\/index.php?rest_route=\/wp\/v2\/posts"}],"about":[{"href":"https:\/\/www.fuldaernachrichten.de\/index.php?rest_route=\/wp\/v2\/types\/post"}],"author":[{"embeddable":true,"href":"https:\/\/www.fuldaernachrichten.de\/index.php?rest_route=\/wp\/v2\/users\/1"}],"replies":[{"embeddable":true,"href":"https:\/\/www.fuldaernachrichten.de\/index.php?rest_route=%2Fwp%2Fv2%2Fcomments&post=123102"}],"version-history":[{"count":1,"href":"https:\/\/www.fuldaernachrichten.de\/index.php?rest_route=\/wp\/v2\/posts\/123102\/revisions"}],"predecessor-version":[{"id":123104,"href":"https:\/\/www.fuldaernachrichten.de\/index.php?rest_route=\/wp\/v2\/posts\/123102\/revisions\/123104"}],"wp:attachment":[{"href":"https:\/\/www.fuldaernachrichten.de\/index.php?rest_route=%2Fwp%2Fv2%2Fmedia&parent=123102"}],"wp:term":[{"taxonomy":"category","embeddable":true,"href":"https:\/\/www.fuldaernachrichten.de\/index.php?rest_route=%2Fwp%2Fv2%2Fcategories&post=123102"},{"taxonomy":"post_tag","embeddable":true,"href":"https:\/\/www.fuldaernachrichten.de\/index.php?rest_route=%2Fwp%2Fv2%2Ftags&post=123102"}],"curies":[{"name":"wp","href":"https:\/\/api.w.org\/{rel}","templated":true}]}}