{"id":12305,"date":"2008-09-26T00:21:57","date_gmt":"2008-09-25T22:21:57","guid":{"rendered":"http:\/\/www.schoene-nachrichten.de\/?p=12305"},"modified":"2008-09-25T22:59:55","modified_gmt":"2008-09-25T20:59:55","slug":"adoptionsvermittlungsstelle-zieht-positive-bilanz","status":"publish","type":"post","link":"https:\/\/www.fuldaernachrichten.de\/?p=12305","title":{"rendered":"Adoptionsvermittlungsstelle zieht positive Bilanz"},"content":{"rendered":"<p><!--[if gte mso 9]><xml> Normal   0         21         false   false   false      DE   X-NONE   X-NONE                                                     MicrosoftInternetExplorer4 <\/xml><![endif]--><!--[if gte mso 9]><xml> <\/xml><![endif]--> <!--[if gte mso 10]>\n\n\n\n<style>\n&nbsp;\/* Style Definitions *\/\n&nbsp;table.MsoNormalTable\n&nbsp;{mso-style-name:\"Normale Tabelle\";\n&nbsp;mso-tstyle-rowband-size:0;\n&nbsp;mso-tstyle-colband-size:0;\n&nbsp;mso-style-noshow:yes;\n&nbsp;mso-style-priority:99;\n&nbsp;mso-style-qformat:yes;\n&nbsp;mso-style-parent:\"\";\n&nbsp;mso-padding-alt:0cm 5.4pt 0cm 5.4pt;\n&nbsp;mso-para-margin:0cm;\n&nbsp;mso-para-margin-bottom:.0001pt;\n&nbsp;mso-pagination:widow-orphan;\n&nbsp;font-size:11.0pt;\n&nbsp;font-family:\"Calibri\",\"sans-serif\";\n&nbsp;mso-ascii-font-family:Calibri;\n&nbsp;mso-ascii-theme-font:minor-latin;\n&nbsp;mso-fareast-font-family:\"Times New Roman\";\n&nbsp;mso-fareast-theme-font:minor-fareast;\n&nbsp;mso-hansi-font-family:Calibri;\n&nbsp;mso-hansi-theme-font:minor-latin;\n&nbsp;mso-bidi-font-family:\"Times New Roman\";\n&nbsp;mso-bidi-theme-font:minor-bidi;}\n<\/style>\n\n<![endif]--><\/p>\n<p><a rel=\"lightbox[roadtrip]\" href=\"http:\/\/www.schoene-nachrichten.de\/wp-content\/uploads\/2008\/09\/080925-adoption.jpg\" target=\"_blank\"><img decoding=\"async\" class=\"alignnone size-medium wp-image-12306\" title=\"080925-adoption\" src=\"http:\/\/www.schoene-nachrichten.de\/wp-content\/uploads\/2008\/09\/080925-adoption-96x128.jpg\" alt=\"\" hspace=\"5\" width=\"96\" height=\"128\" align=\"left\" srcset=\"https:\/\/www.fuldaernachrichten.de\/wp-content\/uploads\/2008\/09\/080925-adoption-96x128.jpg 96w, https:\/\/www.fuldaernachrichten.de\/wp-content\/uploads\/2008\/09\/080925-adoption.jpg 451w\" sizes=\"(max-width: 96px) 100vw, 96px\" \/><\/a><strong>Fulda. <\/strong>Durchweg positiv beurteilen Erster Kreisbeigeordneter Dr. Heiko Wingenfeld, B\u00fcrgermeister Dr. Wolfgang Dippel und Jugendamtsleiter Klaus-Dieter Raub als Vertreter des Landkreises Hersfeld-Rotenburg die Arbeit der gemeinsamen Adoptionsvermittlungsstelle. Diese b\u00fcndele Fachwissen, f\u00fchre zu effizienteren Verwaltungsstrukturen und komme durch eine qualitative Aufwertung der Adoptionsbetreuung den Betroffenen unmittelbar zu Gute. Damit verbinde sich auch die Hoffnung auf eine wieder steigende Zahl von Adoptionen. In gewisser Weise stehe die gemeinsame Adoptionsvermittlungsstelle beispielhaft f\u00fcr die Chancen interkommunaler Zusammenarbeit \u00fcber den Bereich der Jugendhilfe hinaus.<!--more--><!--[if gte mso 9]><xml> Normal   0         21         false   false   false      DE   X-NONE   X-NONE                                                     MicrosoftInternetExplorer4 <\/xml><![endif]--><!--[if gte mso 9]><xml> <\/xml><![endif]--> <!--[if gte mso 10]>\n\n\n\n<style>\n \/* Style Definitions *\/\n table.MsoNormalTable\n\t{mso-style-name:\"Normale Tabelle\";\n\tmso-tstyle-rowband-size:0;\n\tmso-tstyle-colband-size:0;\n\tmso-style-noshow:yes;\n\tmso-style-priority:99;\n\tmso-style-qformat:yes;\n\tmso-style-parent:\"\";\n\tmso-padding-alt:0cm 5.4pt 0cm 5.4pt;\n\tmso-para-margin:0cm;\n\tmso-para-margin-bottom:.0001pt;\n\tmso-pagination:widow-orphan;\n\tfont-size:11.0pt;\n\tfont-family:\"Calibri\",\"sans-serif\";\n\tmso-ascii-font-family:Calibri;\n\tmso-ascii-theme-font:minor-latin;\n\tmso-fareast-font-family:\"Times New Roman\";\n\tmso-fareast-theme-font:minor-fareast;\n\tmso-hansi-font-family:Calibri;\n\tmso-hansi-theme-font:minor-latin;\n\tmso-bidi-font-family:\"Times New Roman\";\n\tmso-bidi-theme-font:minor-bidi;}\n<\/style>\n\n<![endif]--><\/p>\n<p>Nach dem Adoptionsvermittlungsgesetz m\u00fcssen die kommunalen Jugendhilfetr\u00e4ger Adoptionsvermittlungsstellen einrichten, die f\u00fcr Inlandsadoptionen sowie die Adoptionsbegleitung auch bei Auslandsadoptionen zust\u00e4ndig sind. Die gemeinsame Adoptionsvermittlungsstelle der Landkreises Fulda und Hersfeld-Rotenburg sowie der Stadt Fulda hat am 1. August 2007 ihre T\u00e4tigkeit aufgenommen und ist bei der Au\u00dfenstelle der Kreisverwaltung in H\u00fcnfeld angesiedelt. Die Finanzierung der Personal- und Sachkosten erfolgt durch die drei Jugendhilfetr\u00e4ger im Verh\u00e4ltnis zur Einwohnerzahl. Die Adoptionsvermittlungsstelle ist mit der Sozialp\u00e4dagogin Ines George und der Sozialarbeiterin Irmgard Plappert, die in Teilzeit arbeiten, besetzt.<\/p>\n<p><strong>125 Personen beraten<\/strong><\/p>\n<p>Die beiden Fachkr\u00e4fte ziehen eine positive Jahresbilanz und k\u00f6nnen dies mit konkreten Zahlen belegen. Insgesamt hat die gemeinsame Adoptionsvermittlungsstelle 125 Personen beraten. Davon kamen 79 aus dem Landkreis Fulda, 32 aus dem Landkreis Hersfeld-Rotenburg und 14 aus der Stadt Fulda. In 68 F\u00e4llen gab es gutacherliche Stellungnahmen der Fachberater gegen\u00fcber den Vormundschaftsgerichten. Dabei ging es um die Frage der Adoption von Stiefkindern, die immer mehr an Bedeutung zunimmt. 42 Stellungnahmen betrafen minderj\u00e4hrige und 26 Stellungnahmen vollj\u00e4hrige Kinder. 29 Stiefkindadoptionen wurden erfolgreich abgeschlossen, wobei sich das Verfahren \u00fcber mehrere Monate erstrecken kann.<\/p>\n<p>Auch gab es vier Fremdadoptionen, davon zwei im Landkreis Fulda und je eine in der Stadt Fulda sowie im Landkreis Hersfeld-Rotenburg. Der Fremdadoption geht ein l\u00e4ngeres Verfahren voraus, in dem sich die Bewerber nach ersten Kontaktaufnahmen \u00fcber ihren Adoptionswunsch klar werden k\u00f6nnen. Neben Fragebogen, Einzelgespr\u00e4chen und Hausbesuchen wird eine Bewerberschulung in vier Modulen angeboten. Am Ende stehen ein Eignungsbericht und im positiven Fall die Er\u00f6ffnung eines Kindervorschlags, woran sich eine unter Umst\u00e4nden mehrj\u00e4hrige Wartezeit anschlie\u00dfen kann. Aber auch nach dem Vollzug der Adoption findet eine Begleitung der Adoptionsfamilie statt. Durch Beratung sollen die Kompetenzen der Adoptiveltern gest\u00e4rkt werden, damit die Adoption ein Leben lang gelingen kann.<\/p>\n<p><strong>39 Bewerber registriert<\/strong><\/p>\n<p>Zurzeit sind bei der gemeinsamen Adoptionsvermittlungsstelle, die Anfang bis Mitte November ihre neuen R\u00e4ume in der Au\u00dfenstelle der Kreisverwaltung beziehen soll, 39 Bewerber f\u00fcr eine Adoption registriert. Davon kommen 24 aus dem Landkreis Fulda, 13 aus dem Landkreis Hersfeld-Rotenburg sowie zwei aus der Stadt Fulda. Sieben Bewerbungen befinden sich im laufenden Verfahren, das voraussichtlich zu Beginn des kommenden Jahres abgeschlossen sein wird. Auch sind die beiden Adoptionsberaterinnen Ansprechpartner f\u00fcr sogenannte Wurzelsuchende, die die n\u00e4heren Hintergr\u00fcnde einer fr\u00fcheren Adoption erfahren wollen. Die betroffenen Personen stehen nicht selten unter einem starken Leidensdruck. Insgesamt stellen die beiden Fachkr\u00e4fte ein wachsendes Beratungsbed\u00fcrfnis fest.<\/p>\n<p>Als bisherige Schwerpunkte ihrer T\u00e4tigkeit nennen Ines George und Irmgard Plappert neben der Bewerberschulung die gezielte \u00d6ffentlichkeitsarbeit zur Bekanntmachung der Adoptionsvermittlungsstelle sowie den Aufbau eines professionellen Netzwerks. Die Planungen f\u00fcr das n\u00e4chste Jahr sehen unter anderem die Herausgabe einer Informationsbrosch\u00fcre f\u00fcr Stiefkindadoptionen sowie die weitere Verbesserung der Begleitung von Adoptivfamilien vor. So soll beispielsweise ein Forum zum gegenseitigen Erfahrungsaustausch geschaffen werden. Auch sind ein Themenabend und eine Autorenlesung vorgesehen. Dr. Wingenfeld: \u201eDurch ein B\u00fcndel von Ma\u00dfnahmen hoffen wir auf viele neue Adoptionen, damit Kinder aus schwierigen Verh\u00e4ltnissen in einem Familienverbund aufwachsen k\u00f6nnen.&#8221;<\/p>\n","protected":false},"excerpt":{"rendered":"<div class=\"tmnf_excerpt\"><p>Fulda. Durchweg positiv beurteilen Erster Kreisbeigeordneter Dr. Heiko Wingenfeld, B\u00fcrgermeister Dr. Wolfgang Dippel und Jugendamtsleiter Klaus-Dieter Raub als Vertreter des Landkreises Hersfeld-Rotenburg die Arbeit der gemeinsamen Adoptionsvermittlungsstelle. Diese b\u00fcndele Fachwissen, f\u00fchre zu effizienteren Verwaltungsstrukturen und komme durch eine qualitative Aufwertung der Adoptionsbetreuung den Betroffenen unmittelbar zu Gute. Damit verbinde sich auch die Hoffnung auf eine &hellip;<\/p>\n<\/div>","protected":false},"author":1,"featured_media":0,"comment_status":"closed","ping_status":"closed","sticky":false,"template":"","format":"standard","meta":{"footnotes":""},"categories":[1],"tags":[],"class_list":["post-12305","post","type-post","status-publish","format-standard","hentry","category-startseite"],"_links":{"self":[{"href":"https:\/\/www.fuldaernachrichten.de\/index.php?rest_route=\/wp\/v2\/posts\/12305","targetHints":{"allow":["GET"]}}],"collection":[{"href":"https:\/\/www.fuldaernachrichten.de\/index.php?rest_route=\/wp\/v2\/posts"}],"about":[{"href":"https:\/\/www.fuldaernachrichten.de\/index.php?rest_route=\/wp\/v2\/types\/post"}],"author":[{"embeddable":true,"href":"https:\/\/www.fuldaernachrichten.de\/index.php?rest_route=\/wp\/v2\/users\/1"}],"replies":[{"embeddable":true,"href":"https:\/\/www.fuldaernachrichten.de\/index.php?rest_route=%2Fwp%2Fv2%2Fcomments&post=12305"}],"version-history":[{"count":0,"href":"https:\/\/www.fuldaernachrichten.de\/index.php?rest_route=\/wp\/v2\/posts\/12305\/revisions"}],"wp:attachment":[{"href":"https:\/\/www.fuldaernachrichten.de\/index.php?rest_route=%2Fwp%2Fv2%2Fmedia&parent=12305"}],"wp:term":[{"taxonomy":"category","embeddable":true,"href":"https:\/\/www.fuldaernachrichten.de\/index.php?rest_route=%2Fwp%2Fv2%2Fcategories&post=12305"},{"taxonomy":"post_tag","embeddable":true,"href":"https:\/\/www.fuldaernachrichten.de\/index.php?rest_route=%2Fwp%2Fv2%2Ftags&post=12305"}],"curies":[{"name":"wp","href":"https:\/\/api.w.org\/{rel}","templated":true}]}}