{"id":1230,"date":"2007-01-30T14:53:39","date_gmt":"2007-01-30T13:53:39","guid":{"rendered":"http:\/\/www.schoene-nachrichten.de\/?p=1230"},"modified":"2007-01-30T14:53:39","modified_gmt":"2007-01-30T13:53:39","slug":"fuldaer-bischofe-bei-geburtstagsfeier-von-bischof-kamphaus","status":"publish","type":"post","link":"https:\/\/www.fuldaernachrichten.de\/?p=1230","title":{"rendered":"Fuldaer Bisch\u00f6fe bei Geburtstagsfeier von Bischof Kamphaus"},"content":{"rendered":"<p><strong>Sch\u00f6nes aus Fulda \/ Limburg.<\/strong> Zum 75. Geburtstag des Limburger Bischofs Dr. Franz Kamphaus und seinem Abschied findet am 2. Februar, dem Fest \u201eDarstellung des Herrn\u201c (Mari\u00e4 Lichtme\u00df), im Limburger Dom um 17 Uhr eine Pontifikalvesper statt. Der Apostolische Nuntius in Deutschland, Erzbischof Dr. Erwin Josef Ender, und mehr als vierzig Bisch\u00f6fe aus dem In- und Ausland haben ihr Kommen angek\u00fcndigt. Auch Fuldas Bischof Heinz Josef Algermissen sowie seine Weihbisch\u00f6fe Dr. Karlheinz Diez und Johannes Kapp werden an den Feierlichkeiten teilnehmen. Prediger ist der Erfurter Bischof Dr. Joachim Wanke. Die Vesper wird vom Hessischen Rundfunk (hr) und dem S\u00fcdwestrundfunk (SWR) von 17 bis 18 Uhr live im Fernsehen \u00fcbertragen.<\/p>\n","protected":false},"excerpt":{"rendered":"<div class=\"tmnf_excerpt\"><p>Sch\u00f6nes aus Fulda \/ Limburg. Zum 75. Geburtstag des Limburger Bischofs Dr. Franz Kamphaus und seinem Abschied findet am 2. Februar, dem Fest \u201eDarstellung des Herrn\u201c (Mari\u00e4 Lichtme\u00df), im Limburger Dom um 17 Uhr eine Pontifikalvesper statt. Der Apostolische Nuntius in Deutschland, Erzbischof Dr. Erwin Josef Ender, und mehr als vierzig Bisch\u00f6fe aus dem In- &hellip;<\/p>\n<\/div>","protected":false},"author":1,"featured_media":0,"comment_status":"closed","ping_status":"closed","sticky":false,"template":"","format":"standard","meta":{"footnotes":""},"categories":[1,50],"tags":[],"class_list":["post-1230","post","type-post","status-publish","format-standard","hentry","category-startseite","category-kirche"],"_links":{"self":[{"href":"https:\/\/www.fuldaernachrichten.de\/index.php?rest_route=\/wp\/v2\/posts\/1230","targetHints":{"allow":["GET"]}}],"collection":[{"href":"https:\/\/www.fuldaernachrichten.de\/index.php?rest_route=\/wp\/v2\/posts"}],"about":[{"href":"https:\/\/www.fuldaernachrichten.de\/index.php?rest_route=\/wp\/v2\/types\/post"}],"author":[{"embeddable":true,"href":"https:\/\/www.fuldaernachrichten.de\/index.php?rest_route=\/wp\/v2\/users\/1"}],"replies":[{"embeddable":true,"href":"https:\/\/www.fuldaernachrichten.de\/index.php?rest_route=%2Fwp%2Fv2%2Fcomments&post=1230"}],"version-history":[{"count":0,"href":"https:\/\/www.fuldaernachrichten.de\/index.php?rest_route=\/wp\/v2\/posts\/1230\/revisions"}],"wp:attachment":[{"href":"https:\/\/www.fuldaernachrichten.de\/index.php?rest_route=%2Fwp%2Fv2%2Fmedia&parent=1230"}],"wp:term":[{"taxonomy":"category","embeddable":true,"href":"https:\/\/www.fuldaernachrichten.de\/index.php?rest_route=%2Fwp%2Fv2%2Fcategories&post=1230"},{"taxonomy":"post_tag","embeddable":true,"href":"https:\/\/www.fuldaernachrichten.de\/index.php?rest_route=%2Fwp%2Fv2%2Ftags&post=1230"}],"curies":[{"name":"wp","href":"https:\/\/api.w.org\/{rel}","templated":true}]}}