{"id":122951,"date":"2014-04-15T07:03:39","date_gmt":"2014-04-15T07:03:39","guid":{"rendered":"http:\/\/www.fuldaer-nachrichten.de\/?p=122951"},"modified":"2014-04-15T07:04:40","modified_gmt":"2014-04-15T07:04:40","slug":"karfreitag-ist-ausstellungseroeffnung-im-tuempelgarten","status":"publish","type":"post","link":"https:\/\/www.fuldaernachrichten.de\/?p=122951","title":{"rendered":"Karfreitag ist Ausstellungser\u00f6ffnung im T\u00fcmpelgarten"},"content":{"rendered":"<p><a href=\"http:\/\/www.fuldaer-nachrichten.de\/wp-content\/uploads\/2014\/04\/14.jpg\"><img decoding=\"async\" class=\"alignleft size-thumbnail wp-image-122973\" alt=\"14\" src=\"http:\/\/www.fuldaer-nachrichten.de\/wp-content\/uploads\/2014\/04\/14-265x176.jpg\" width=\"265\" height=\"176\" srcset=\"https:\/\/www.fuldaernachrichten.de\/wp-content\/uploads\/2014\/04\/14-265x176.jpg 265w, https:\/\/www.fuldaernachrichten.de\/wp-content\/uploads\/2014\/04\/14.jpg 600w\" sizes=\"(max-width: 265px) 100vw, 265px\" \/><\/a>Fulda. Sehr sp\u00e4t erwacht dieses Jahr der T\u00fcmpelgarten in Fulda aus seinem Winterschlag. Das liegt aber nicht daran dass der vergangene Winter so hart war, sondern am beweglichen Osterfest, welches dieses Jahr sehr sp\u00e4t gefeiert wird. Doch nun ist endlich die Zeit der Ruhe vorbei. Ab Karfreitag \u00f6ffnet der Aquarien- und Terrarienverein \u201eScalare\u201c seine Pforten f\u00fcr die \u00d6ffentlichkeit. Bis weit in den Herbst kann jetzt wieder jedermann sonn- und feiertags das gro\u00dfe Vereinsgel\u00e4nde mit seiner auch \u00fcberregional bekannten Ausstellung in der Zeit von 10 bis 18 Uhr besuchen.<!--more--><\/p>\n<p><strong>Fotos: Sven Haustein<\/strong><\/p>\n<p>Am Ostermontag ab 14.00 Uhr sind alle kleinen G\u00e4ste herzlich zur Ostereiersuche eingeladen. 1000 Ostereier werden auf dem Vereinsgel\u00e4nde versteckt. Zus\u00e4tzlich erhalten alle Kinder, die in Begleitung eines Erwachsenen die Aquarien- und Terrarienausstellung besuchen, ein \u00dcberraschungsei. Dies gilt, solange der Vorrat reicht. Nat\u00fcrlich gibt es auch Kaffee und Kuchen f\u00fcr die Gro\u00dfen.<\/p>\n<p><a href=\"http:\/\/www.fuldaer-nachrichten.de\/wp-content\/uploads\/2014\/04\/26.jpg\"><img decoding=\"async\" class=\"alignleft size-thumbnail wp-image-122979\" alt=\"26\" src=\"http:\/\/www.fuldaer-nachrichten.de\/wp-content\/uploads\/2014\/04\/26-265x176.jpg\" width=\"265\" height=\"176\" srcset=\"https:\/\/www.fuldaernachrichten.de\/wp-content\/uploads\/2014\/04\/26-265x176.jpg 265w, https:\/\/www.fuldaernachrichten.de\/wp-content\/uploads\/2014\/04\/26.jpg 600w\" sizes=\"(max-width: 265px) 100vw, 265px\" \/><\/a> <a href=\"http:\/\/www.fuldaer-nachrichten.de\/wp-content\/uploads\/2014\/04\/17.jpg\"><img decoding=\"async\" class=\"alignnone size-thumbnail wp-image-122978\" alt=\"17\" src=\"http:\/\/www.fuldaer-nachrichten.de\/wp-content\/uploads\/2014\/04\/17-265x175.jpg\" width=\"265\" height=\"175\" srcset=\"https:\/\/www.fuldaernachrichten.de\/wp-content\/uploads\/2014\/04\/17-265x175.jpg 265w, https:\/\/www.fuldaernachrichten.de\/wp-content\/uploads\/2014\/04\/17.jpg 600w\" sizes=\"(max-width: 265px) 100vw, 265px\" \/><\/a><\/p>\n<p>Wie jedes Jahr gibt es auch in der neuen Saison wieder eine Reihe von Neuerungen, die einen Ausflug zum Vereinsgel\u00e4nde an der Maberzeller Stra\u00dfe lohnenswert machen. In einige Becken und Terrarien sind andere Bewohner eingezogen. Neue Beh\u00e4lter sind aufgebaut und eingerichtet worden. Nat\u00fcrlich freuen sich auch Clara und Willi, die beiden stattlichen Kubakrokodile, nach der Winterpause wieder auf Besuch. Schildkr\u00f6ten, Fische und vieles andere exotische Getier aus allen Kontinenten pr\u00e4sentieren sich ebenfalls dem interessierten Betrachter, wobei die beiden Klapperschlangen sicherlich den einen oder anderen kleinen wohligen Schauer erzeugen werden.<\/p>\n<p><a href=\"http:\/\/www.fuldaer-nachrichten.de\/wp-content\/uploads\/2014\/04\/18.jpg\"><img loading=\"lazy\" decoding=\"async\" class=\"alignnone size-thumbnail wp-image-122977\" alt=\"18\" src=\"http:\/\/www.fuldaer-nachrichten.de\/wp-content\/uploads\/2014\/04\/18-265x175.jpg\" width=\"265\" height=\"175\" srcset=\"https:\/\/www.fuldaernachrichten.de\/wp-content\/uploads\/2014\/04\/18-265x175.jpg 265w, https:\/\/www.fuldaernachrichten.de\/wp-content\/uploads\/2014\/04\/18.jpg 600w\" sizes=\"(max-width: 265px) 100vw, 265px\" \/><\/a><a href=\"http:\/\/www.fuldaer-nachrichten.de\/wp-content\/uploads\/2014\/04\/15.jpg\"><img loading=\"lazy\" decoding=\"async\" class=\"alignnone size-thumbnail wp-image-122976\" alt=\"15\" src=\"http:\/\/www.fuldaer-nachrichten.de\/wp-content\/uploads\/2014\/04\/15-265x176.jpg\" width=\"265\" height=\"176\" srcset=\"https:\/\/www.fuldaernachrichten.de\/wp-content\/uploads\/2014\/04\/15-265x176.jpg 265w, https:\/\/www.fuldaernachrichten.de\/wp-content\/uploads\/2014\/04\/15.jpg 600w\" sizes=\"(max-width: 265px) 100vw, 265px\" \/><\/a><\/p>\n<p>Dass der T\u00fcmpelgarten immer einen Ausflug wert ist, hat sich inzwischen herumgesprochen, denn bei jedem Wetter bieten die weitl\u00e4ufigen \u00d6rtlichkeiten mit den \u00fcber 40 Freigehegen, Beh\u00e4ltern und Becken ein hohes Ma\u00df an Ruhe und Erholung. Auch Kinder sind gern gesehene G\u00e4ste, ob mit Eltern und\/oder Gro\u00dfeltern. Ein Osterspaziergang zum T\u00fcmpelgarten bietet Abwechslung und interessanten Gespr\u00e4chsstoff f\u00fcr die ganze Familie. Parkpl\u00e4tze sind in ausreichender Menge sowohl auf dem Vereinsgel\u00e4nde als auch in unmittelbarer N\u00e4he vorhanden. Auch mit dem Fahrrad ist die Ausstellung bequem zu erreichen, denn direkt an der Fulda, quasi unter der Horaser Eisenbahnbr\u00fccke ist der Hintereingang zum Vereinsgel\u00e4nde. Das Ausstellungsgeb\u00e4ude mit seinen subtropischen Temperaturen sowie seiner Dschungelatmosph\u00e4re l\u00e4sst tats\u00e4chlich sogar Urlaubsgef\u00fchle aufkeimen.<\/p>\n<p>Weitere Informationen finden Sie auf der Webseite des Vereins <a href=\"http:\/\/www.scalare-fulda.de\">www.scalare-fulda.de<\/a><\/p>\n<p>Die Fotos wurden alle in der Ausstellung im T\u00fcmpelgarten von \u201eSclare\u201c-Schriftf\u00fchrer Sven Haustein\u00c2\u00a0 aufgenommen. Sie zeigen einen Teil der Tiere, die in der Aquarien- und Terrarienausstellung ab Karfreitag zu sehen sind.<\/p>\n<p><a href=\"http:\/\/www.fuldaer-nachrichten.de\/wp-content\/uploads\/2014\/04\/07.jpg\"><img loading=\"lazy\" decoding=\"async\" class=\"alignnone size-thumbnail wp-image-122975\" alt=\"07\" src=\"http:\/\/www.fuldaer-nachrichten.de\/wp-content\/uploads\/2014\/04\/07-265x176.jpg\" width=\"265\" height=\"176\" srcset=\"https:\/\/www.fuldaernachrichten.de\/wp-content\/uploads\/2014\/04\/07-265x176.jpg 265w, https:\/\/www.fuldaernachrichten.de\/wp-content\/uploads\/2014\/04\/07.jpg 600w\" sizes=\"(max-width: 265px) 100vw, 265px\" \/><\/a><a href=\"http:\/\/www.fuldaer-nachrichten.de\/wp-content\/uploads\/2014\/04\/24.jpg\"><img loading=\"lazy\" decoding=\"async\" class=\"alignnone size-thumbnail wp-image-122974\" alt=\"24\" src=\"http:\/\/www.fuldaer-nachrichten.de\/wp-content\/uploads\/2014\/04\/24-265x176.jpg\" width=\"265\" height=\"176\" srcset=\"https:\/\/www.fuldaernachrichten.de\/wp-content\/uploads\/2014\/04\/24-265x176.jpg 265w, https:\/\/www.fuldaernachrichten.de\/wp-content\/uploads\/2014\/04\/24.jpg 600w\" sizes=\"(max-width: 265px) 100vw, 265px\" \/><\/a><br \/>\n<a href=\"http:\/\/www.fuldaer-nachrichten.de\/wp-content\/uploads\/2014\/04\/02.jpg\"><img loading=\"lazy\" decoding=\"async\" class=\"alignnone size-thumbnail wp-image-122971\" alt=\"02\" src=\"http:\/\/www.fuldaer-nachrichten.de\/wp-content\/uploads\/2014\/04\/02-265x176.jpg\" width=\"265\" height=\"176\" srcset=\"https:\/\/www.fuldaernachrichten.de\/wp-content\/uploads\/2014\/04\/02-265x176.jpg 265w, https:\/\/www.fuldaernachrichten.de\/wp-content\/uploads\/2014\/04\/02.jpg 600w\" sizes=\"(max-width: 265px) 100vw, 265px\" \/><\/a><a href=\"http:\/\/www.fuldaer-nachrichten.de\/wp-content\/uploads\/2014\/04\/12.jpg\"><img loading=\"lazy\" decoding=\"async\" class=\"alignnone size-thumbnail wp-image-122970\" alt=\"12\" src=\"http:\/\/www.fuldaer-nachrichten.de\/wp-content\/uploads\/2014\/04\/12-265x176.jpg\" width=\"265\" height=\"176\" srcset=\"https:\/\/www.fuldaernachrichten.de\/wp-content\/uploads\/2014\/04\/12-265x176.jpg 265w, https:\/\/www.fuldaernachrichten.de\/wp-content\/uploads\/2014\/04\/12.jpg 600w\" sizes=\"(max-width: 265px) 100vw, 265px\" \/><\/a> <a href=\"http:\/\/www.fuldaer-nachrichten.de\/wp-content\/uploads\/2014\/04\/19.jpg\"><img loading=\"lazy\" decoding=\"async\" class=\"alignnone size-thumbnail wp-image-122969\" alt=\"19\" src=\"http:\/\/www.fuldaer-nachrichten.de\/wp-content\/uploads\/2014\/04\/19-265x176.jpg\" width=\"265\" height=\"176\" srcset=\"https:\/\/www.fuldaernachrichten.de\/wp-content\/uploads\/2014\/04\/19-265x176.jpg 265w, https:\/\/www.fuldaernachrichten.de\/wp-content\/uploads\/2014\/04\/19.jpg 600w\" sizes=\"(max-width: 265px) 100vw, 265px\" \/><\/a><a href=\"http:\/\/www.fuldaer-nachrichten.de\/wp-content\/uploads\/2014\/04\/04.jpg\"><img loading=\"lazy\" decoding=\"async\" class=\"alignnone size-thumbnail wp-image-122968\" alt=\"04\" src=\"http:\/\/www.fuldaer-nachrichten.de\/wp-content\/uploads\/2014\/04\/04-265x175.jpg\" width=\"265\" height=\"175\" srcset=\"https:\/\/www.fuldaernachrichten.de\/wp-content\/uploads\/2014\/04\/04-265x175.jpg 265w, https:\/\/www.fuldaernachrichten.de\/wp-content\/uploads\/2014\/04\/04.jpg 600w\" sizes=\"(max-width: 265px) 100vw, 265px\" \/><\/a> <a href=\"http:\/\/www.fuldaer-nachrichten.de\/wp-content\/uploads\/2014\/04\/22.jpg\"><img loading=\"lazy\" decoding=\"async\" class=\"alignnone size-thumbnail wp-image-122967\" alt=\"22\" src=\"http:\/\/www.fuldaer-nachrichten.de\/wp-content\/uploads\/2014\/04\/22-265x176.jpg\" width=\"265\" height=\"176\" srcset=\"https:\/\/www.fuldaernachrichten.de\/wp-content\/uploads\/2014\/04\/22-265x176.jpg 265w, https:\/\/www.fuldaernachrichten.de\/wp-content\/uploads\/2014\/04\/22.jpg 600w\" sizes=\"(max-width: 265px) 100vw, 265px\" \/><\/a><a href=\"http:\/\/www.fuldaer-nachrichten.de\/wp-content\/uploads\/2014\/04\/27.jpg\"><img loading=\"lazy\" decoding=\"async\" class=\"alignnone size-thumbnail wp-image-122966\" alt=\"27\" src=\"http:\/\/www.fuldaer-nachrichten.de\/wp-content\/uploads\/2014\/04\/27-265x176.jpg\" width=\"265\" height=\"176\" srcset=\"https:\/\/www.fuldaernachrichten.de\/wp-content\/uploads\/2014\/04\/27-265x176.jpg 265w, https:\/\/www.fuldaernachrichten.de\/wp-content\/uploads\/2014\/04\/27.jpg 600w\" sizes=\"(max-width: 265px) 100vw, 265px\" \/><\/a>\u00c2\u00a0 <a href=\"http:\/\/www.fuldaer-nachrichten.de\/wp-content\/uploads\/2014\/04\/11.jpg\"><img loading=\"lazy\" decoding=\"async\" class=\"alignnone size-thumbnail wp-image-122963\" alt=\"11\" src=\"http:\/\/www.fuldaer-nachrichten.de\/wp-content\/uploads\/2014\/04\/11-265x176.jpg\" width=\"265\" height=\"176\" srcset=\"https:\/\/www.fuldaernachrichten.de\/wp-content\/uploads\/2014\/04\/11-265x176.jpg 265w, https:\/\/www.fuldaernachrichten.de\/wp-content\/uploads\/2014\/04\/11.jpg 600w\" sizes=\"(max-width: 265px) 100vw, 265px\" \/><\/a><a href=\"http:\/\/www.fuldaer-nachrichten.de\/wp-content\/uploads\/2014\/04\/09.jpg\"><img loading=\"lazy\" decoding=\"async\" class=\"alignnone size-thumbnail wp-image-122962\" alt=\"09\" src=\"http:\/\/www.fuldaer-nachrichten.de\/wp-content\/uploads\/2014\/04\/09-265x176.jpg\" width=\"265\" height=\"176\" srcset=\"https:\/\/www.fuldaernachrichten.de\/wp-content\/uploads\/2014\/04\/09-265x176.jpg 265w, https:\/\/www.fuldaernachrichten.de\/wp-content\/uploads\/2014\/04\/09.jpg 600w\" sizes=\"(max-width: 265px) 100vw, 265px\" \/><\/a>\u00c2\u00a0 <a href=\"http:\/\/www.fuldaer-nachrichten.de\/wp-content\/uploads\/2014\/04\/01.jpg\"><img loading=\"lazy\" decoding=\"async\" class=\"alignnone size-thumbnail wp-image-122956\" alt=\"01\" src=\"http:\/\/www.fuldaer-nachrichten.de\/wp-content\/uploads\/2014\/04\/01-265x198.jpg\" width=\"265\" height=\"198\" srcset=\"https:\/\/www.fuldaernachrichten.de\/wp-content\/uploads\/2014\/04\/01-265x198.jpg 265w, https:\/\/www.fuldaernachrichten.de\/wp-content\/uploads\/2014\/04\/01.jpg 600w\" sizes=\"(max-width: 265px) 100vw, 265px\" \/><\/a><a href=\"http:\/\/www.fuldaer-nachrichten.de\/wp-content\/uploads\/2014\/04\/21.jpg\"><img loading=\"lazy\" decoding=\"async\" class=\"alignnone  wp-image-122955\" alt=\"21\" src=\"http:\/\/www.fuldaer-nachrichten.de\/wp-content\/uploads\/2014\/04\/21-265x198.jpg\" width=\"265\" height=\"198\" srcset=\"https:\/\/www.fuldaernachrichten.de\/wp-content\/uploads\/2014\/04\/21-265x198.jpg 265w, https:\/\/www.fuldaernachrichten.de\/wp-content\/uploads\/2014\/04\/21.jpg 600w\" sizes=\"(max-width: 265px) 100vw, 265px\" \/><\/a> <a href=\"http:\/\/www.fuldaer-nachrichten.de\/wp-content\/uploads\/2014\/04\/13.jpg\"><img loading=\"lazy\" decoding=\"async\" class=\"alignnone size-thumbnail wp-image-122954\" alt=\"13\" src=\"http:\/\/www.fuldaer-nachrichten.de\/wp-content\/uploads\/2014\/04\/13-265x176.jpg\" width=\"265\" height=\"176\" srcset=\"https:\/\/www.fuldaernachrichten.de\/wp-content\/uploads\/2014\/04\/13-265x176.jpg 265w, https:\/\/www.fuldaernachrichten.de\/wp-content\/uploads\/2014\/04\/13.jpg 600w\" sizes=\"(max-width: 265px) 100vw, 265px\" \/><\/a><a href=\"http:\/\/www.fuldaer-nachrichten.de\/wp-content\/uploads\/2014\/04\/03.jpg\"><img loading=\"lazy\" decoding=\"async\" class=\"alignnone size-thumbnail wp-image-122953\" alt=\"03\" src=\"http:\/\/www.fuldaer-nachrichten.de\/wp-content\/uploads\/2014\/04\/03-265x177.jpg\" width=\"265\" height=\"177\" srcset=\"https:\/\/www.fuldaernachrichten.de\/wp-content\/uploads\/2014\/04\/03-265x177.jpg 265w, https:\/\/www.fuldaernachrichten.de\/wp-content\/uploads\/2014\/04\/03.jpg 600w\" sizes=\"(max-width: 265px) 100vw, 265px\" \/><\/a><\/p>\n","protected":false},"excerpt":{"rendered":"<div class=\"tmnf_excerpt\"><p>Fulda. Sehr sp\u00e4t erwacht dieses Jahr der T\u00fcmpelgarten in Fulda aus seinem Winterschlag. Das liegt aber nicht daran dass der vergangene Winter so hart war, sondern am beweglichen Osterfest, welches dieses Jahr sehr sp\u00e4t gefeiert wird. Doch nun ist endlich die Zeit der Ruhe vorbei. Ab Karfreitag \u00f6ffnet der Aquarien- und Terrarienverein \u201eScalare\u201c seine Pforten &hellip;<\/p>\n<\/div>","protected":false},"author":1,"featured_media":0,"comment_status":"closed","ping_status":"closed","sticky":false,"template":"","format":"standard","meta":{"footnotes":""},"categories":[1,52],"tags":[],"class_list":["post-122951","post","type-post","status-publish","format-standard","hentry","category-startseite","category-umwelt"],"_links":{"self":[{"href":"https:\/\/www.fuldaernachrichten.de\/index.php?rest_route=\/wp\/v2\/posts\/122951","targetHints":{"allow":["GET"]}}],"collection":[{"href":"https:\/\/www.fuldaernachrichten.de\/index.php?rest_route=\/wp\/v2\/posts"}],"about":[{"href":"https:\/\/www.fuldaernachrichten.de\/index.php?rest_route=\/wp\/v2\/types\/post"}],"author":[{"embeddable":true,"href":"https:\/\/www.fuldaernachrichten.de\/index.php?rest_route=\/wp\/v2\/users\/1"}],"replies":[{"embeddable":true,"href":"https:\/\/www.fuldaernachrichten.de\/index.php?rest_route=%2Fwp%2Fv2%2Fcomments&post=122951"}],"version-history":[{"count":2,"href":"https:\/\/www.fuldaernachrichten.de\/index.php?rest_route=\/wp\/v2\/posts\/122951\/revisions"}],"predecessor-version":[{"id":122981,"href":"https:\/\/www.fuldaernachrichten.de\/index.php?rest_route=\/wp\/v2\/posts\/122951\/revisions\/122981"}],"wp:attachment":[{"href":"https:\/\/www.fuldaernachrichten.de\/index.php?rest_route=%2Fwp%2Fv2%2Fmedia&parent=122951"}],"wp:term":[{"taxonomy":"category","embeddable":true,"href":"https:\/\/www.fuldaernachrichten.de\/index.php?rest_route=%2Fwp%2Fv2%2Fcategories&post=122951"},{"taxonomy":"post_tag","embeddable":true,"href":"https:\/\/www.fuldaernachrichten.de\/index.php?rest_route=%2Fwp%2Fv2%2Ftags&post=122951"}],"curies":[{"name":"wp","href":"https:\/\/api.w.org\/{rel}","templated":true}]}}