{"id":122789,"date":"2014-04-11T00:09:47","date_gmt":"2014-04-11T00:09:47","guid":{"rendered":"http:\/\/www.fuldaer-nachrichten.de\/?p=122789"},"modified":"2014-04-11T06:53:00","modified_gmt":"2014-04-11T06:53:00","slug":"jobcluster-belegt-den-2-platz-beim-renommierten-made-in-de-award","status":"publish","type":"post","link":"https:\/\/www.fuldaernachrichten.de\/?p=122789","title":{"rendered":"Jobcluster belegt den 2. Platz beim renommierten \u201cmade in .de\u201c-Award"},"content":{"rendered":"<div id=\"attachment_122790\" style=\"width: 570px\" class=\"wp-caption alignnone\"><a href=\"http:\/\/www.fuldaer-nachrichten.de\/wp-content\/uploads\/2014\/04\/made_in_de_Award_Jobcluster.jpg\"><img fetchpriority=\"high\" decoding=\"async\" aria-describedby=\"caption-attachment-122790\" class=\"size-full wp-image-122790\" alt=\"Die Unternehmerfamilie Baumann mit UnitymediaKabelBW-Chef Lutz Sch\u00fcler: von links: \u00e2\u20ac\u0161Alexander Baumann, Lutz Sch\u00fcler, Sven Baumann, Doris Baumann und Otmar Baumann.  Foto: Unitymedia KabelBW\" src=\"http:\/\/www.fuldaer-nachrichten.de\/wp-content\/uploads\/2014\/04\/made_in_de_Award_Jobcluster.jpg\" width=\"560\" height=\"360\" \/><\/a><p id=\"caption-attachment-122790\" class=\"wp-caption-text\">Die Unternehmerfamilie Baumann mit UnitymediaKabelBW-Chef Lutz Sch\u00fcler: von links: \u00e2\u20ac\u0161Alexander Baumann, Lutz Sch\u00fcler, Sven Baumann, Doris Baumann und Otmar Baumann. Foto: Unitymedia KabelBW<\/p><\/div>\n<p><b>Eichenzell. <\/b>Das Eichenzeller Unternehmen Jobcluster Deutschland GmbH hat im Wettbewerb um den mit 25.000 Euro dotierten \u201emade in .de\u201c-Award einen hervorragenden 2. Platz erzielt. Unitymedia KabelBW und Liberty Global zeichnen mit dem zum zweiten Mal vergebenen Preis in Deutschland ans\u00e4ssige aufstrebende Unternehmen aus, deren innovatives Gesch\u00e4ftsmodell die Digitalisierung nutzt, nachhaltige Wertsch\u00f6pfung erzielt und damit zur k\u00fcnftigen Wettbewerbsf\u00e4higkeit Deutschlands beitr\u00e4gt. Insgesamt 146 Unternehmen beteiligten sich am diesj\u00e4hrigen Wettbewerb. Per Online-Voting wurden zehn Halbfinalisten ermittelt und von einer Fachjury bewertet. <!--more--><b><\/b><\/p>\n<p><b>Preis\u00fcberreichung in Berlin<\/b><\/p>\n<p>Die Preisverleihung fand im Rahmen einer Galaveranstaltung in Berlin vor mehr als 350 G\u00e4sten statt. Den \u201emade in .de\u201c-Award gewann das Berliner Unternehmen TVSMILES. Auch das zweitplatzierte Unternehmen Jobcluster aus Eichenzell und der Drittplatzierte ChannelPilot aus Hamburg hatten Grund zur Freude: Lutz Sch\u00fcler, CEO von Unitymedia KabelBW, \u00fcberreichte den Gesch\u00e4ftsf\u00fchrern der beiden Start-ups Schecks in H\u00f6he von jeweils 2.500 Euro. Brigitte Zypries, die Parlamentarische Staatssekret\u00e4rin beim Bundesministerium f\u00fcr Wirtschaft, begr\u00fc\u00dfte die Initiative und die Idee hinter dem \u201emade in .de\u201c-Award: \u201eEs ist wichtig, die junge IKT-Wirtschaft mit ihren kreativen Ideen zu st\u00e4rken, denn innovative IKT-Anwendungen sind wichtige Treiber in allen Kernbereichen der deutschen Wirtschaft. Die Bundesregierung will mit der digitalen Agenda die Rahmenbedingungen f\u00fcr Gr\u00fcnderinnen und Gr\u00fcnder verbessern. Wir wollen in Deutschland die \u201eLust aufs Gr\u00fcnden\u201c verbreiten und dabei helfen, neue \u201eGr\u00fcnder-Vorbilder\u201c hervorzubringen.\u00e2\u20ac\u009d<\/p>\n<p><b>Innovatives Familienunternehmen<\/b><\/p>\n<p>Mit der Auszeichnung \u201emade in .de\u201c hat das \u201eanaloge\u201c Qualit\u00e4ts- und G\u00fctesiegel \u201eMade in Germany\u201c nun auch Einzug in die digitale Welt gehalten. Das Beispiel Jobcluster zeigt, dass sich innovative Technologien und zukunftsweisende Ideen\u00c2\u00a0 dabei durchaus mit den klassischen deutschen Unternehmertugenden vereinbaren lassen. Die Jobcluster Deutschland GmbH ist ein inhabergef\u00fchrtes Familienunternehmen mit Otmar Baumann, seinem Sohn Sven Baumann und seinem Bruder Alexander Baumann an der Spitze. Das Stammhaus f\u00fcr die vierzehn Mitarbeiter liegt in der Gemeinde Eichenzell am Stadtrand von Fulda in Osthessen.<\/p>\n<p><b>Vereinfachung der Personalsuche<\/b><\/p>\n<p>Jobcluster Deutschland startete 2009 mit einer Plattform zur webbasierten Optimierung von Personalbeschaffungsprozessen und z\u00e4hlt seit 2012 zu den Markf\u00fchrern f\u00fcr automatisierte Personalbeschaffung im Internet. Mit der Jobcluster-Technologie lassen sich Stellenanzeigen im individuellen Unternehmensdesign gestalten, verwalten und nat\u00fcrlich auch schalten. In Echtzeit und per Mausklick k\u00f6nnen Kunden ihre Anzeigen auf der bundesweiten Jobcluster.de-Plattform, und den mehr als 1000 regionalen Jobb\u00f6rsen ver\u00f6ffentlichen. Dar\u00fcber hinaus k\u00f6nnen Stellenangebote direkt via Schnittstelle auf die Jobb\u00f6rse der Bundesagentur f\u00fcr Arbeit \u00fcbertragen werden. Jobcluster-Agenturservices erm\u00f6glicht die Anbindung an alle relevanten Recruiting-Plattformen in Europa.<\/p>\n<p>Mehrere Tausend Kunden nutzen bereits die Jobcluster-Services, zu denen auch wichtige Branchenportale im Gesundheitswesen zusammen mit dem Bibliomed-Verlag, sowie der Chemie- und Pharmaindustrie geh\u00f6ren. Durch diese Kooperationen sind auch crossmediale Kombinationen von Online- und Printanzeigen m\u00f6glich. Jobcluster ist Kooperationspartner der Fachzeitschrift ChemManager, die vom Verlag Wiley-VCH, einem der weltweit gr\u00f6\u00dften Verlagsh\u00e4user im naturwissenschaftlichen Sektor, herausgegeben wird. Unter dem Motto \u201eAusbildung f\u00fcr Deutschland\u201c haben die Eichenzeller bereits mehr als 250 Schulen hessenweit mit einer Lehrstellenb\u00f6rse \u2013 digitales schwarzes Brett \u2013 ausgestattet. Das Besondere: Damit k\u00f6nnen Unternehmen ihre Ausbildungs-, Praktikums- und Duale Studien-Pl\u00e4tze direkt und im Standard kostenfrei, den zuk\u00fcnftigen Nachwuchskr\u00e4ften pr\u00e4sentieren. Das Hessische Kultusministerium unterst\u00fctzt das Projekt \u201eTalente im Fokus\u201c als \u201egute Initiative\u201c.<\/p>\n","protected":false},"excerpt":{"rendered":"<div class=\"tmnf_excerpt\"><p>Eichenzell. Das Eichenzeller Unternehmen Jobcluster Deutschland GmbH hat im Wettbewerb um den mit 25.000 Euro dotierten \u201emade in .de\u201c-Award einen hervorragenden 2. Platz erzielt. Unitymedia KabelBW und Liberty Global zeichnen mit dem zum zweiten Mal vergebenen Preis in Deutschland ans\u00e4ssige aufstrebende Unternehmen aus, deren innovatives Gesch\u00e4ftsmodell die Digitalisierung nutzt, nachhaltige Wertsch\u00f6pfung erzielt und damit zur &hellip;<\/p>\n<\/div>","protected":false},"author":1,"featured_media":0,"comment_status":"closed","ping_status":"closed","sticky":false,"template":"","format":"standard","meta":{"footnotes":""},"categories":[1,29,78],"tags":[],"class_list":["post-122789","post","type-post","status-publish","format-standard","hentry","category-startseite","category-politik","category-topthema"],"_links":{"self":[{"href":"https:\/\/www.fuldaernachrichten.de\/index.php?rest_route=\/wp\/v2\/posts\/122789","targetHints":{"allow":["GET"]}}],"collection":[{"href":"https:\/\/www.fuldaernachrichten.de\/index.php?rest_route=\/wp\/v2\/posts"}],"about":[{"href":"https:\/\/www.fuldaernachrichten.de\/index.php?rest_route=\/wp\/v2\/types\/post"}],"author":[{"embeddable":true,"href":"https:\/\/www.fuldaernachrichten.de\/index.php?rest_route=\/wp\/v2\/users\/1"}],"replies":[{"embeddable":true,"href":"https:\/\/www.fuldaernachrichten.de\/index.php?rest_route=%2Fwp%2Fv2%2Fcomments&post=122789"}],"version-history":[{"count":1,"href":"https:\/\/www.fuldaernachrichten.de\/index.php?rest_route=\/wp\/v2\/posts\/122789\/revisions"}],"predecessor-version":[{"id":122791,"href":"https:\/\/www.fuldaernachrichten.de\/index.php?rest_route=\/wp\/v2\/posts\/122789\/revisions\/122791"}],"wp:attachment":[{"href":"https:\/\/www.fuldaernachrichten.de\/index.php?rest_route=%2Fwp%2Fv2%2Fmedia&parent=122789"}],"wp:term":[{"taxonomy":"category","embeddable":true,"href":"https:\/\/www.fuldaernachrichten.de\/index.php?rest_route=%2Fwp%2Fv2%2Fcategories&post=122789"},{"taxonomy":"post_tag","embeddable":true,"href":"https:\/\/www.fuldaernachrichten.de\/index.php?rest_route=%2Fwp%2Fv2%2Ftags&post=122789"}],"curies":[{"name":"wp","href":"https:\/\/api.w.org\/{rel}","templated":true}]}}