{"id":122701,"date":"2014-04-10T00:10:17","date_gmt":"2014-04-10T00:10:17","guid":{"rendered":"http:\/\/www.fuldaer-nachrichten.de\/?p=122701"},"modified":"2014-04-09T10:25:30","modified_gmt":"2014-04-09T10:25:30","slug":"daniel-weber-aus-hilders-nach-ausbildung-fuer-den-gehobenen-feuerwehrtechnischen-dienst-zum-brandoberinspektor-ernannt","status":"publish","type":"post","link":"https:\/\/www.fuldaernachrichten.de\/?p=122701","title":{"rendered":"Daniel Weber aus Hilders nach Ausbildung f\u00fcr den gehobenen feuerwehrtechnischen Dienst zum Brandoberinspektor ernannt"},"content":{"rendered":"<p><a href=\"http:\/\/www.fuldaer-nachrichten.de\/wp-content\/uploads\/2014\/04\/153-Daniel-Weber.jpg\"><img decoding=\"async\" class=\"alignleft size-thumbnail wp-image-122702\" alt=\"153-Daniel Weber\" src=\"http:\/\/www.fuldaer-nachrichten.de\/wp-content\/uploads\/2014\/04\/153-Daniel-Weber-265x127.jpg\" width=\"265\" height=\"127\" srcset=\"https:\/\/www.fuldaernachrichten.de\/wp-content\/uploads\/2014\/04\/153-Daniel-Weber-265x127.jpg 265w, https:\/\/www.fuldaernachrichten.de\/wp-content\/uploads\/2014\/04\/153-Daniel-Weber.jpg 600w\" sizes=\"(max-width: 265px) 100vw, 265px\" \/><\/a>Fulda. Mit der Ernennung zum Brandoberinspektor hat Daniel Weber aus Hilders seine eineinhalbj\u00e4hrige Ausbildung f\u00fcr den gehobenen feuerwehrtechnischen Dienst beim Landkreis Fulda erfolgreich abgeschlossen. Zu den ersten Gratulanten z\u00e4hlten Landrat Bernd Woide, Erster Kreisbeigeordneter Dr. Heiko Wingenfeld, Matthias Reinhard als Fachdienstleiter Personal und Organisation sowie der kommissarische Leiter des Gefahrenabwehrzentrums beim Kreisgesundheitsamt, Frank Reith. Verschiedene Ausbildungsabschnitte absolvierte der 29-j\u00e4hrige, der als Wehrf\u00fchrer in Hilders auch ehrenamtlich f\u00fcr die Feuerwehr aktiv ist, bei Berufsfeuerwehren in ganz Deutschland.<\/p>\n","protected":false},"excerpt":{"rendered":"<div class=\"tmnf_excerpt\"><p>Fulda. Mit der Ernennung zum Brandoberinspektor hat Daniel Weber aus Hilders seine eineinhalbj\u00e4hrige Ausbildung f\u00fcr den gehobenen feuerwehrtechnischen Dienst beim Landkreis Fulda erfolgreich abgeschlossen. Zu den ersten Gratulanten z\u00e4hlten Landrat Bernd Woide, Erster Kreisbeigeordneter Dr. Heiko Wingenfeld, Matthias Reinhard als Fachdienstleiter Personal und Organisation sowie der kommissarische Leiter des Gefahrenabwehrzentrums beim Kreisgesundheitsamt, Frank Reith. Verschiedene &hellip;<\/p>\n<\/div>","protected":false},"author":1,"featured_media":0,"comment_status":"closed","ping_status":"closed","sticky":false,"template":"","format":"standard","meta":{"footnotes":""},"categories":[1,71],"tags":[],"class_list":["post-122701","post","type-post","status-publish","format-standard","hentry","category-startseite","category-feuerwehr"],"_links":{"self":[{"href":"https:\/\/www.fuldaernachrichten.de\/index.php?rest_route=\/wp\/v2\/posts\/122701","targetHints":{"allow":["GET"]}}],"collection":[{"href":"https:\/\/www.fuldaernachrichten.de\/index.php?rest_route=\/wp\/v2\/posts"}],"about":[{"href":"https:\/\/www.fuldaernachrichten.de\/index.php?rest_route=\/wp\/v2\/types\/post"}],"author":[{"embeddable":true,"href":"https:\/\/www.fuldaernachrichten.de\/index.php?rest_route=\/wp\/v2\/users\/1"}],"replies":[{"embeddable":true,"href":"https:\/\/www.fuldaernachrichten.de\/index.php?rest_route=%2Fwp%2Fv2%2Fcomments&post=122701"}],"version-history":[{"count":1,"href":"https:\/\/www.fuldaernachrichten.de\/index.php?rest_route=\/wp\/v2\/posts\/122701\/revisions"}],"predecessor-version":[{"id":122703,"href":"https:\/\/www.fuldaernachrichten.de\/index.php?rest_route=\/wp\/v2\/posts\/122701\/revisions\/122703"}],"wp:attachment":[{"href":"https:\/\/www.fuldaernachrichten.de\/index.php?rest_route=%2Fwp%2Fv2%2Fmedia&parent=122701"}],"wp:term":[{"taxonomy":"category","embeddable":true,"href":"https:\/\/www.fuldaernachrichten.de\/index.php?rest_route=%2Fwp%2Fv2%2Fcategories&post=122701"},{"taxonomy":"post_tag","embeddable":true,"href":"https:\/\/www.fuldaernachrichten.de\/index.php?rest_route=%2Fwp%2Fv2%2Ftags&post=122701"}],"curies":[{"name":"wp","href":"https:\/\/api.w.org\/{rel}","templated":true}]}}