{"id":12257,"date":"2008-09-25T00:58:00","date_gmt":"2008-09-24T22:58:00","guid":{"rendered":"http:\/\/www.schoene-nachrichten.de\/?p=12257"},"modified":"2008-09-24T20:50:50","modified_gmt":"2008-09-24T18:50:50","slug":"bushido-sagt-tournee-ab-konzerte-in-giessen-goettingen-fulda-und-kassel-finden-nicht-statt","status":"publish","type":"post","link":"https:\/\/www.fuldaernachrichten.de\/?p=12257","title":{"rendered":"Bushido sagt Tournee ab &#8211; Konzerte in Gie\u00dfen, G\u00f6ttingen, Fulda und Kassel finden nicht statt!"},"content":{"rendered":"<p><strong>Gie\u00dfen\/G\u00f6ttingen\/Fulda\/Kassel. <\/strong>Die  enorme Resonanz auf seine erste biografische Buchver\u00f6ffentlichung und die hohen  Anforderungen neuer H\u00f6rbuch-, TV- und Film-Aufnahmen zwingen <strong>Bushido<\/strong> zu einer \u00c4nderung seiner Tourneepl\u00e4ne. Die  geplante Tour vom 16. Oktober bis 15. November findet nicht statt. Dies teilte sein Management in einer Pressinformation mit.<!--more--> Bushido bedauert die Entscheidung und bittet seine  Fans um Verst\u00e4ndnis:   &#8220;Ich  entschuldige mich vorab bei meinen Fans, die sich schon so lange darauf gefreut  haben, mich endlich wieder live zu sehen, aber besondere Umst\u00e4nde erfordern eben  manchmal besondere Ma\u00dfnahmen,&#8221; so <strong>Bushido<\/strong>. &#8220;Meine neuen Pl\u00e4ne werden  sie aber garantiert \u00fcber eine verschobene Tour hinwegtr\u00f6sten.&#8221;<\/p>\n<p>Das  spektakul\u00e4re freie Konzert in der neuen Berliner O2 World, <strong>Bushidos<\/strong> Geschenk an seine Fans, ist hiervon  ausgenommen und findet wie geplant am 15. Oktober  statt.   <strong><\/strong><\/p>\n<p><strong>Bereits im  Vorverkauf erworbene Tickets werden ab sofort an den jeweiligen  Vorverkaufsstellen zur\u00fcckerstattet.<\/strong> K\u00fcnstlermanagement und  Tourneeveranstalter Marek Lieberberg werden  schnellstm\u00f6glich mit der Arbeit an neuen Tourneepl\u00e4nen f\u00fcr das n\u00e4chste Jahr  beginnen. <strong>Bushidos<\/strong> aktuelle Single &#8220;Ching Ching&#8221; erscheint diesen Freitag. Sein Album &#8220;Heavy  Metal Payback&#8221; folgt am 10.  Oktober.<\/p>\n<p><span style=\"text-decoration: underline;\">Hier nochmal eine Zusammenfassung der Termine, die <strong>NICHT <\/strong>stattfinden:<\/span><\/p>\n<p>So. 19.10.2008  &#8211; 19:00 Uhr &#8211; Gie\u00dfen, Hessenhallen<\/p>\n<p>Mi. 05.11.2008  &#8211; 20:00 Uhr &#8211; G\u00f6ttingen, Stadthalle<\/p>\n<p>Mi. 12.11.2008  &#8211; 20:00 Uhr &#8211; Fulda Esperantohalle<\/p>\n<p>Sa. 15.11.2008  &#8211; 20:00 Uhr &#8211; Kassel, Stadthalle<\/p>\n","protected":false},"excerpt":{"rendered":"<div class=\"tmnf_excerpt\"><p>Gie\u00dfen\/G\u00f6ttingen\/Fulda\/Kassel. Die enorme Resonanz auf seine erste biografische Buchver\u00f6ffentlichung und die hohen Anforderungen neuer H\u00f6rbuch-, TV- und Film-Aufnahmen zwingen Bushido zu einer \u00c4nderung seiner Tourneepl\u00e4ne. Die geplante Tour vom 16. Oktober bis 15. November findet nicht statt. Dies teilte sein Management in einer Pressinformation mit.<\/p>\n<\/div>","protected":false},"author":1,"featured_media":0,"comment_status":"closed","ping_status":"closed","sticky":false,"template":"","format":"standard","meta":{"footnotes":""},"categories":[1],"tags":[],"class_list":["post-12257","post","type-post","status-publish","format-standard","hentry","category-startseite"],"_links":{"self":[{"href":"https:\/\/www.fuldaernachrichten.de\/index.php?rest_route=\/wp\/v2\/posts\/12257","targetHints":{"allow":["GET"]}}],"collection":[{"href":"https:\/\/www.fuldaernachrichten.de\/index.php?rest_route=\/wp\/v2\/posts"}],"about":[{"href":"https:\/\/www.fuldaernachrichten.de\/index.php?rest_route=\/wp\/v2\/types\/post"}],"author":[{"embeddable":true,"href":"https:\/\/www.fuldaernachrichten.de\/index.php?rest_route=\/wp\/v2\/users\/1"}],"replies":[{"embeddable":true,"href":"https:\/\/www.fuldaernachrichten.de\/index.php?rest_route=%2Fwp%2Fv2%2Fcomments&post=12257"}],"version-history":[{"count":0,"href":"https:\/\/www.fuldaernachrichten.de\/index.php?rest_route=\/wp\/v2\/posts\/12257\/revisions"}],"wp:attachment":[{"href":"https:\/\/www.fuldaernachrichten.de\/index.php?rest_route=%2Fwp%2Fv2%2Fmedia&parent=12257"}],"wp:term":[{"taxonomy":"category","embeddable":true,"href":"https:\/\/www.fuldaernachrichten.de\/index.php?rest_route=%2Fwp%2Fv2%2Fcategories&post=12257"},{"taxonomy":"post_tag","embeddable":true,"href":"https:\/\/www.fuldaernachrichten.de\/index.php?rest_route=%2Fwp%2Fv2%2Ftags&post=12257"}],"curies":[{"name":"wp","href":"https:\/\/api.w.org\/{rel}","templated":true}]}}