{"id":122485,"date":"2014-04-05T00:09:34","date_gmt":"2014-04-05T00:09:34","guid":{"rendered":"http:\/\/www.fuldaer-nachrichten.de\/?p=122485"},"modified":"2014-04-05T07:50:16","modified_gmt":"2014-04-05T07:50:16","slug":"der-chef-des-familienunternehmens-jumo-steht-zum-zweiten-mal-an-der-spitze-der-ihk-fulda","status":"publish","type":"post","link":"https:\/\/www.fuldaernachrichten.de\/?p=122485","title":{"rendered":"Der Chef des Familienunternehmens Jumo steht zum zweiten Mal an der Spitze der IHK Fulda"},"content":{"rendered":"<div id=\"attachment_122488\" style=\"width: 570px\" class=\"wp-caption alignnone\"><a href=\"http:\/\/www.fuldaer-nachrichten.de\/wp-content\/uploads\/2014\/04\/11-2014-neues-Praaesidium-der-IHK-Fulda.jpg\"><img fetchpriority=\"high\" decoding=\"async\" aria-describedby=\"caption-attachment-122488\" class=\"size-full wp-image-122488\" alt=\": (v. li.) Michael D\u00f6ppner, Thomas Gutberlet, Anika Wuttke, Bernhard Juchheim, Monika Hau\u00df-Schmid, Dr. Christian Gebhardt und IHK-Hauptgesch\u00e4ftsf\u00fchrer Stefan Schunck\" src=\"http:\/\/www.fuldaer-nachrichten.de\/wp-content\/uploads\/2014\/04\/11-2014-neues-Praaesidium-der-IHK-Fulda.jpg\" width=\"560\" height=\"360\" \/><\/a><p id=\"caption-attachment-122488\" class=\"wp-caption-text\">: (v. li.) Michael D\u00f6ppner, Thomas Gutberlet, Anika Wuttke, Bernhard Juchheim, Monika Hau\u00df-Schmid, Dr. Christian Gebhardt und IHK-Hauptgesch\u00e4ftsf\u00fchrer Stefan Schunck<\/p><\/div>\n<p>Fulda. Bernhard Juchheim ist f\u00fcr weitere f\u00fcnf Jahre Pr\u00e4sident der Industrie- und Handelskammer Fulda (IHK). In ihrer konstituierenden Sitzung am 3. April hat die Vollversammlung den 64-J\u00e4hrigen einstimmig f\u00fcr eine zweite Amtszeit f\u00fcr den Zeitraum 2014 bis 2019 gew\u00e4hlt. Der Gesch\u00e4ftsf\u00fchrende Gesellschafter der Jumo-Unternehmensgruppe engagiert sich seit dem Jahr 1991 in der Vollversammlung. Von 2004 bis 2009 war er Vizepr\u00e4sident und von 2009 bis 2014 zum ersten Mal Pr\u00e4sident der IHK Fulda.<!--more--><\/p>\n<p>Die Arbeitsschwerpunkte f\u00fcr die kommenden f\u00fcnf Jahre werden in der n\u00e4chsten Sitzung der Vollversammlung am 24. Juli diskutiert und beschlossen. Dabei w\u00fcrden die vier gro\u00dfen Themen Energiewende, Infrastrukturpolitik, Steuern und Abgaben sowie der Fachkr\u00e4ftemangel nicht nur bundespolitisch, sondern auch auf regionaler Ebene eine wichtige Rolle spielen, betonte Juchheim in einem Pressegespr\u00e4ch nach der Wahl.<\/p>\n<p>Zum Thema Fachkr\u00e4ftemangel geh\u00f6re es auch, die Ausbildungsf\u00e4higkeit von Sch\u00fclerinnen und Sch\u00fclern zu erh\u00f6hen. \u201eDie neue Vollversammlung hat zugestimmt, dass wir als IHK Fulda die Ma\u00dfnahmentr\u00e4gerschaft f\u00fcr das Netzwerk Schulen \u00fcbernehmen. Daf\u00fcr bin ich sehr dankbar. So k\u00f6nnen wir jungen Menschen helfen, ihre F\u00e4higkeiten in Mathematik und Deutsch und ihre sozialen Kompetenzen zu erh\u00f6hen\u201c, betonte der IHK-Pr\u00e4sident.<\/p>\n<p>Das neue IHK-Pr\u00e4sidium<\/p>\n<p>Unterst\u00fctzt wird Bernhard Juchheim von f\u00fcnf Vizepr\u00e4sidenten &#8211; bislang vier -, die ebenfalls in der Vollversammlung gew\u00e4hlt wurden. Wiedergew\u00e4hlt wurden Dr. Christian Gebhardt und Monika Hau\u00df-Schmid. Neu ins Pr\u00e4sidium gew\u00e4hlt wurden Michael D\u00f6ppner, Thomas Gutberlet und Anika Wuttke.<\/p>\n<p>\u201eDas neue Pr\u00e4sidium bildet die Struktur der Wirtschaftsregion Fulda sehr gut ab. Ich freue mich auf die Zusammenarbeit mit den erfahrenen und jungen Kolleginnen und Kollegen\u201c, betonte Juchheim.<\/p>\n<p>Michael D\u00f6ppner (44) ist Gesch\u00e4ftsf\u00fchrender Gesellschafter der Leopold Feuerstein Holztechnik GmbH. Der Unternehmer ist seit 2009 Mitglied der Vollversammlung.<br \/>\nwww.sicherheitsfenster-din.de<br \/>\nwww.feuerstein-treppen.de<br \/>\nwww.holzwerke-feuerstein.de<\/p>\n<p>Dr. Christian Gebhardt (54) ist Gesch\u00e4ftsf\u00fchrender Gesellschafter der G+M Steuerberatung Dr. Gebhardt &amp; Moritz Steuerberatungsgesellschaft mbH, Fulda. Der Steuerberater und Wirtschaftspr\u00fcfer ist bereits seit 1999 Vize-Pr\u00e4sident der IHK Fulda.<br \/>\nwww.gebhardt-moritz.de<\/p>\n<p>Thomas Gutberlet (44) ist Gesch\u00e4ftsf\u00fchrer der Firma tegut\u00e2\u20ac\u00a6 gute Lebensmittel GmbH &amp; Co. KG. Der Unternehmer ist zum ersten Mal Mitglied der Vollversammlung.<br \/>\nwww.tegut.com<\/p>\n<p>Monika Hau\u00df-Schmid (64) ist Gesch\u00e4ftsf\u00fchrende Gesellschafterin der Werner Schmid GmbH. Die Unternehmerin ist seit 2004 Mitglied der Vollversammlung.<br \/>\nwww.werner-schmid.de<\/p>\n<p>Anika Wuttke (37) ist Gesch\u00e4ftsf\u00fchrerin der Neidhardt Werbe GmbH in Fulda. Die 37-J\u00e4hrige ist seit 2009 Mitglied der Vollversammlung.<br \/>\nwww.creart.de<\/p>\n<p>Bernhard Juchheim<br \/>\nBernhard Juchheim (64) ist Gesch\u00e4ftsf\u00fchrender Gesellschafter der Jumo GmbH &amp; Co. KG in Fulda und Pr\u00e4sident der Industrie- und Handelskammer Fulda.<br \/>\nNach einer Ausbildung zum technischen Zeichner und Maschinenbau-Techniker stieg er als Konstrukteur im elterlichen Betrieb ein. Im Anschluss an ein Studium der Ingenieurwissenschaften (Fachrichtung Maschinenbau) an der Gesamthochschule Kassel und der TH Darmstadt \u00fcbernahm der Ingenieur die Gesch\u00e4ftsf\u00fchrung der Juchheim-B\u00f6rner GmbH (Fensterwerk).<br \/>\n1985 wurde er Mitglied der Gesch\u00e4ftsf\u00fchrung der Jumo GmbH &amp; Co. KG, 1996 Gesch\u00e4ftsf\u00fchrer. Der Chef des erfolgreichen Familienunternehmens ist ebenfalls Vorsitzender des Arbeitgeberverbandes Osthessen e. V.<br \/>\nwww.jumo.de<\/p>\n<p>Die Vollversammlung der IHK Fulda<\/p>\n<p>Die Vollversammlung (VV), das parlamentarische Organ und das wichtigste Gremium der IHK, setzt sich entsprechend der Wirtschaftsstruktur des IHK-Bezirks zusammen. Die Vollversammlung der IHK Fulda hat 33 Sitze und wird alle f\u00fcnf Jahre von den \u00fcber 12.000 Mitgliedsunternehmen der Region Fulda gew\u00e4hlt.<\/p>\n","protected":false},"excerpt":{"rendered":"<div class=\"tmnf_excerpt\"><p>Fulda. Bernhard Juchheim ist f\u00fcr weitere f\u00fcnf Jahre Pr\u00e4sident der Industrie- und Handelskammer Fulda (IHK). In ihrer konstituierenden Sitzung am 3. April hat die Vollversammlung den 64-J\u00e4hrigen einstimmig f\u00fcr eine zweite Amtszeit f\u00fcr den Zeitraum 2014 bis 2019 gew\u00e4hlt. Der Gesch\u00e4ftsf\u00fchrende Gesellschafter der Jumo-Unternehmensgruppe engagiert sich seit dem Jahr 1991 in der Vollversammlung. Von 2004 &hellip;<\/p>\n<\/div>","protected":false},"author":1,"featured_media":0,"comment_status":"closed","ping_status":"closed","sticky":false,"template":"","format":"standard","meta":{"footnotes":""},"categories":[1,29,78],"tags":[],"class_list":["post-122485","post","type-post","status-publish","format-standard","hentry","category-startseite","category-politik","category-topthema"],"_links":{"self":[{"href":"https:\/\/www.fuldaernachrichten.de\/index.php?rest_route=\/wp\/v2\/posts\/122485","targetHints":{"allow":["GET"]}}],"collection":[{"href":"https:\/\/www.fuldaernachrichten.de\/index.php?rest_route=\/wp\/v2\/posts"}],"about":[{"href":"https:\/\/www.fuldaernachrichten.de\/index.php?rest_route=\/wp\/v2\/types\/post"}],"author":[{"embeddable":true,"href":"https:\/\/www.fuldaernachrichten.de\/index.php?rest_route=\/wp\/v2\/users\/1"}],"replies":[{"embeddable":true,"href":"https:\/\/www.fuldaernachrichten.de\/index.php?rest_route=%2Fwp%2Fv2%2Fcomments&post=122485"}],"version-history":[{"count":3,"href":"https:\/\/www.fuldaernachrichten.de\/index.php?rest_route=\/wp\/v2\/posts\/122485\/revisions"}],"predecessor-version":[{"id":122554,"href":"https:\/\/www.fuldaernachrichten.de\/index.php?rest_route=\/wp\/v2\/posts\/122485\/revisions\/122554"}],"wp:attachment":[{"href":"https:\/\/www.fuldaernachrichten.de\/index.php?rest_route=%2Fwp%2Fv2%2Fmedia&parent=122485"}],"wp:term":[{"taxonomy":"category","embeddable":true,"href":"https:\/\/www.fuldaernachrichten.de\/index.php?rest_route=%2Fwp%2Fv2%2Fcategories&post=122485"},{"taxonomy":"post_tag","embeddable":true,"href":"https:\/\/www.fuldaernachrichten.de\/index.php?rest_route=%2Fwp%2Fv2%2Ftags&post=122485"}],"curies":[{"name":"wp","href":"https:\/\/api.w.org\/{rel}","templated":true}]}}