{"id":1224,"date":"2007-01-30T13:40:42","date_gmt":"2007-01-30T12:40:42","guid":{"rendered":"http:\/\/www.schoene-nachrichten.de\/?p=1224"},"modified":"2007-01-30T13:40:42","modified_gmt":"2007-01-30T12:40:42","slug":"fulda-erhalt-ein-mehrgenerationenhaus","status":"publish","type":"post","link":"https:\/\/www.fuldaernachrichten.de\/?p=1224","title":{"rendered":"Fulda erh\u00e4lt ein Mehrgenerationenhaus"},"content":{"rendered":"<p><strong>Sch\u00f6nes aus Fulda.<\/strong> Einige Monate intensiver Projekt- und Konzeptionsarbeit wurden belohnt. Der Josefsgarten in Fulda wurde jetzt in das Aktionsprogramm Mehrgenerationenh\u00e4user des Bundesministeriums f\u00fcr Familie, Senioren, Frauen und Jugend aufgenommen. Bundesfamilienministerin Dr. Ursula von der Leyen hatte pers\u00f6nlich in den Reichstag eingeladen, um zusammen mit dem Fuldaer Bundestagsabgeordneten Michael Brand die offizielle Zusage an Ingeborg Kropp-Arend und Dr. Stefan Arend von der Mediana-Gruppe, die f\u00fcr den Josefsgarten verantwortlich zeichnen, zu \u00fcbergeben. Nun kann das Mehrgenerationenhaus in Fulda Realit\u00e4t werden.<\/p>\n<p>\u00c2\u00a0<\/p>\n<p><strong>Zum Bild:<\/strong> Strahlende Gesichter bei der \u00dcbergabe der Best\u00e4tigung im Reichstag: Bundesfamilienministerin Ursula von der Leyen, Michael Brand MdB, Ingeborg Kropp-Arend und Dr. Stefan Arend<\/p>\n<p>\u00c2\u00a0<\/p>\n<p><a title=\"Foto: Mediana\" href=\"http:\/\/www.schoene-nachrichten.de\/wp-content\/uploads\/2007\/01\/070130_arend_2.jpg\" target=\"_blank\"><img decoding=\"async\" id=\"image1226\" height=\"88\" alt=\"070130_arend_2.jpg\" src=\"http:\/\/www.schoene-nachrichten.de\/wp-content\/uploads\/2007\/01\/070130_arend_2.thumbnail.jpg\" \/><\/a>\u00c2\u00a0<a title=\"Foto: Mediana\" href=\"http:\/\/www.schoene-nachrichten.de\/wp-content\/uploads\/2007\/01\/070130_arend_3.jpg\" target=\"_blank\"><img decoding=\"async\" id=\"image1227\" height=\"88\" alt=\"070130_arend_3.jpg\" src=\"http:\/\/www.schoene-nachrichten.de\/wp-content\/uploads\/2007\/01\/070130_arend_3.thumbnail.jpg\" \/><\/a>\u00c2\u00a0<a title=\"Foto: Mediana\" href=\"http:\/\/www.schoene-nachrichten.de\/wp-content\/uploads\/2007\/01\/070130_arend_1.jpg\" target=\"_blank\"><img decoding=\"async\" id=\"image1225\" height=\"88\" alt=\"070130_arend_1.jpg\" src=\"http:\/\/www.schoene-nachrichten.de\/wp-content\/uploads\/2007\/01\/070130_arend_1.thumbnail.jpg\" \/><\/a><\/p>\n<p>\u00c2\u00a0<\/p>\n<p><!--more-->Gegen\u00fcber der Presse erl\u00e4uterten Ingeborg Kropp-Arend\u00c2\u00a0 und Dr. Stefan Arend die Konzeption und die Zielsetzung des Mehrgenerationenhauses (MGH) Josefsgarten.<\/p>\n<p>\u00c2\u00a0<\/p>\n<p>So sollen mit dem MGH im Fuldaer Josefsgarten die Generationen n\u00e4her zusammenr\u00fccken und wieder mehr voneinander erfahren. Zudem sollen mittelbare und unmittelbare Transferleistungen zwischen den Generationen und \u00fcber die \u201eGenerationengrenzen\u201c hinweg organisiert bzw. moderiert werden. Diese Transferleistungen k\u00f6nnen den Bogen von direkten Dienstleistungen (Alt hilft Jung \/ Jung hilft Alt, Kinder- und Jugendlichenbetreuung, Hausaufgabenhilfe und vieles mehr) bis hin zu einem Wissenstransfer spannen. \u201eUns ist es auch wichtig, mit dem MGH einen Beitrag zur Vereinbarkeit von Familie und Beruf zu leisten\u201c, so die Projektleiterin Ingeborg Kropp-Arend.<\/p>\n<p>\u00c2\u00a0<\/p>\n<p>Interessierte Menschen, Vereine und Institutionen in Fulda der Region seien eingeladen, am k\u00fcnftigen MGH mitzuwirken, sie sind ebenso eingeladen, aktiv mitzuarbeiten und mitzugestalten.<\/p>\n<p>\u00c2\u00a0<\/p>\n<p>Besonders erfreulich sei, dass es bereits w\u00e4hrend der Konzepterstellung f\u00fcr das MGH eine enge Zusammenarbeit mit der Stadt Fulda und dem Landkreis Fulda abgestimmt wurde. So wird sich die Stadt beispielsweise mit dem Amt f\u00fcr Jugend- und Familie bzw. dem Sozialamt engagieren. Ingeborg Kropp-Arend und Dr. Stefan Arend dankten Fuldas Oberb\u00fcrgermeister Gerhard M\u00f6ller, B\u00fcrgermeister Dr. Wolfgang Dippel und Amtsleiter Stefan M\u00f6lleney f\u00fcr die bisherige Unterst\u00fctzung. Aber auch mit dem Landkreis soll es intensive Planungen geben. Ein besonderes Dankesch\u00f6n ging an den Bundestagsabgeordneten Michael Brand, der die Bewerbung des Josefsgartens unterst\u00fctzt hatte.<\/p>\n<p>\u00c2\u00a0<\/p>\n<p>Das MGH Josefsgarten soll sp\u00e4testens in f\u00fcnf Jahren &#8211; so die Zielsetzung von Mediana &#8211; das Kompetenzzentrum f\u00fcr generations\u00fcbergreifendes Arbeiten in Fulda und dem Fuldaer Land sein. Hier k\u00f6nne erprobt und gelebt werden, wie die Menschen \u00fcber die vermeintlichen Grenzen der Generationen hinweg sich erg\u00e4nzen und bef\u00f6rdern k\u00f6nnen. Das MGH Josefsgarten k\u00f6nne somit auch Modellcharakter f\u00fcr weitere MGH im Landkreis haben, die vielleicht in den kommenden Jahren noch entstehen werden.<\/p>\n<p>\u00c2\u00a0<\/p>\n<p>Die R\u00e4umlichkeiten des MGH werden sich auf dem Gel\u00e4nde des (neuen) Josefsgarten in unmittelbarer Innenstadtlage befinden. Dieses historische Quartier, das fr\u00fcher als Arbeiter(innen)heim mit landwirtschaftlichen Geb\u00e4uden diente, wird gerade von der Bauunternehmung Kropp aus Gro\u00dfenl\u00fcder unter denkmalpflegerischen Gesichtspunkten saniert und restauriert.<\/p>\n<p>\u00c2\u00a0<\/p>\n<p>Ingeborg Kropp-Arend stellte exemplarische einige Angebote vor, die im MGH Josefsgarten geplant sind:<\/p>\n<p>\u00c2\u00a0<\/p>\n<p><strong>Zentrum f\u00fcr B\u00fcrgerschaftliches Engagement \u2013 Freiwilligenzentrum \u201eFreiwillig in Fulda\u201c<\/strong><\/p>\n<p>In diesem Zentrum sollen b\u00fcrgerschaftliches Engagement und Freiwilligenarbeit erstmals im Raum Fulda geb\u00fcndelt werden. In diesem Zentrum finden Menschen, die sich f\u00fcr die Gemeinschaft engagieren wollen, Raum f\u00fcr Begegnung, Koordination, Schulungen und Fortbildungen und zum Austausch.<\/p>\n<p>\u00c2\u00a0<\/p>\n<p><strong>Kinder und Jugendbetreuung<\/strong><\/p>\n<p>Die Kinder- und Jugendbetreuung im MGH erg\u00e4nzt und erweitert die bisher vorhandenen Angebote. So sind \u00d6ffnungszeiten geplant, die die Vereinbarkeit von Familie und Beruf erleichtern helfen, also fr\u00fchmorgens, abends, und zwingend auch an Samstagen, Sonn- und Feiertagen.<\/p>\n<p>\u00c2\u00a0<\/p>\n<p><strong>Begegnungszentrum Alt und Jung<\/strong><\/p>\n<p>Alt und Jung treffen sich zum regelm\u00e4\u00dfigen Gedankenaustausch und um konkrete Projekte\u00c2\u00a0 durchzuf\u00fchren. Ein solches Projekt ist beispielsweise eine Computerwerkstatt mit Internet-Treff, eine Fahrradwerkstatt und Aktivit\u00e4ten im Bereich Kunst und Kultur (Kunstwerkstatt).<\/p>\n<p>\u00c2\u00a0<\/p>\n<p><strong>Seniorentreff \u2013 Hilfen f\u00fcr Menschen<\/strong><\/p>\n<p>Pflegende Angeh\u00f6rige, Menschen mit und ohne Handicap, Pflegebed\u00fcrftige und freiwillig Engagierte treffen sich zum Gedankenaustausch, zur Beratung und zur Vermittlung von Wissen und Fertigkeiten, ebenso zur Pflege und zum Aufbau freiwilliger Hilfestrukturen.<\/p>\n<p>\u00c2\u00a0<\/p>\n<p>Dieser Personenkreis braucht Raum f\u00fcr Begegnung, zum Austausch. Ziel ist es, Pflegebed\u00fcrftigen das h\u00e4usliche Umfeld so lange wie m\u00f6glich zu erhalten. Dazu z\u00e4hlen auch Beratungsleistungen zur Wohnraumanpassung.<\/p>\n<p>\u00c2\u00a0<\/p>\n<p>\u201eDie Bauarbeiten am Josefsgarten sind im vollen Gange, zum 1. April 2007 ziehen die ersten Mieter ein, wir rechnen damit, dass das MGH im Sommer seine Pforten \u00f6ffnen kann\u201c, erl\u00e4uterte Bauherr Willi Kropp.<\/p>\n","protected":false},"excerpt":{"rendered":"<div class=\"tmnf_excerpt\"><p>Sch\u00f6nes aus Fulda. Einige Monate intensiver Projekt- und Konzeptionsarbeit wurden belohnt. Der Josefsgarten in Fulda wurde jetzt in das Aktionsprogramm Mehrgenerationenh\u00e4user des Bundesministeriums f\u00fcr Familie, Senioren, Frauen und Jugend aufgenommen. Bundesfamilienministerin Dr. Ursula von der Leyen hatte pers\u00f6nlich in den Reichstag eingeladen, um zusammen mit dem Fuldaer Bundestagsabgeordneten Michael Brand die offizielle Zusage an Ingeborg &hellip;<\/p>\n<\/div>","protected":false},"author":1,"featured_media":0,"comment_status":"closed","ping_status":"closed","sticky":false,"template":"","format":"standard","meta":{"footnotes":""},"categories":[1],"tags":[],"class_list":["post-1224","post","type-post","status-publish","format-standard","hentry","category-startseite"],"_links":{"self":[{"href":"https:\/\/www.fuldaernachrichten.de\/index.php?rest_route=\/wp\/v2\/posts\/1224","targetHints":{"allow":["GET"]}}],"collection":[{"href":"https:\/\/www.fuldaernachrichten.de\/index.php?rest_route=\/wp\/v2\/posts"}],"about":[{"href":"https:\/\/www.fuldaernachrichten.de\/index.php?rest_route=\/wp\/v2\/types\/post"}],"author":[{"embeddable":true,"href":"https:\/\/www.fuldaernachrichten.de\/index.php?rest_route=\/wp\/v2\/users\/1"}],"replies":[{"embeddable":true,"href":"https:\/\/www.fuldaernachrichten.de\/index.php?rest_route=%2Fwp%2Fv2%2Fcomments&post=1224"}],"version-history":[{"count":0,"href":"https:\/\/www.fuldaernachrichten.de\/index.php?rest_route=\/wp\/v2\/posts\/1224\/revisions"}],"wp:attachment":[{"href":"https:\/\/www.fuldaernachrichten.de\/index.php?rest_route=%2Fwp%2Fv2%2Fmedia&parent=1224"}],"wp:term":[{"taxonomy":"category","embeddable":true,"href":"https:\/\/www.fuldaernachrichten.de\/index.php?rest_route=%2Fwp%2Fv2%2Fcategories&post=1224"},{"taxonomy":"post_tag","embeddable":true,"href":"https:\/\/www.fuldaernachrichten.de\/index.php?rest_route=%2Fwp%2Fv2%2Ftags&post=1224"}],"curies":[{"name":"wp","href":"https:\/\/api.w.org\/{rel}","templated":true}]}}