{"id":122328,"date":"2014-04-04T00:09:31","date_gmt":"2014-04-04T00:09:31","guid":{"rendered":"http:\/\/www.fuldaer-nachrichten.de\/?p=122328"},"modified":"2014-04-03T06:57:02","modified_gmt":"2014-04-03T06:57:02","slug":"aktionstag-pflege-am-boden","status":"publish","type":"post","link":"https:\/\/www.fuldaernachrichten.de\/?p=122328","title":{"rendered":"Aktionstag \u201ePflege am Boden\u201c am 12. April &#8211; 10 Minuten f\u00fcr Solidarit\u00e4t und Wertsch\u00e4tzung"},"content":{"rendered":"<p><a href=\"http:\/\/www.fuldaer-nachrichten.de\/wp-content\/uploads\/2014\/04\/flashmob-pflege-bild.jpg\"><img decoding=\"async\" class=\"alignnone size-full wp-image-122329\" alt=\"flashmob pflege bild\" src=\"http:\/\/www.fuldaer-nachrichten.de\/wp-content\/uploads\/2014\/04\/flashmob-pflege-bild.jpg\" width=\"560\" srcset=\"https:\/\/www.fuldaernachrichten.de\/wp-content\/uploads\/2014\/04\/flashmob-pflege-bild.jpg 600w, https:\/\/www.fuldaernachrichten.de\/wp-content\/uploads\/2014\/04\/flashmob-pflege-bild-265x198.jpg 265w\" sizes=\"(max-width: 600px) 100vw, 600px\" \/><\/a><\/p>\n<p>Fulda. In einigen St\u00e4dten wird man sich wundern, wenn sich am Samstag, dem 12.04.2014 um kurz vor Zw\u00f6lf, die Menschen an \u00f6ffentlichen Pl\u00e4tzen auf den Asphalt legen oder setzten. Flashmob &#8211; nennt sich so eine Aktion, bei der Personengruppen sich zusammenfinden und etwas \u201eUngew\u00f6hnliches\u201c tun. In diesem Fall nennt sich die Bewegung: \u201ePflege am Boden\u201c. Seit Oktober letzten Jahres k\u00e4mpfen hunderte von Pflegern und Pflegerinnen, Personal aus dem Gesundheitswesen, Pflegebed\u00fcrftige und Angeh\u00f6rige um ein offenes Ohr in der regionalen und \u00fcberregionalen Politik. \u201ePflege geht uns alle an\u201c hei\u00dft einer der Slogans, der auf den Schildern zu lesen ist. <!--more--><\/p>\n<p>Auf die Missst\u00e4nde aufmerksam machen, ist eines der Ziele dieser Aktion. Tats\u00e4chlich ist es so, dass sich die Situation der Pflegenden in den letzten Jahren stark verschlechtert hat. Zus\u00e4tzlich zur Personalknappheit wird die Arbeit durch teilweiser sehr niedrige Geh\u00e4lter und mangelnde Wertsch\u00e4tzung der T\u00e4tigkeit erschwert.<\/p>\n<p>Der Beruf Altenpfleger\/in oder auch der Gesundheits- und Krankenpflegerinnen war nie so unattraktiv f\u00fcr Berufseinsteiger wie in den vergangenen Jahren. Nicht zu vergessen: der Pflegebed\u00fcrftige selbst, der sich die wenige \u201evorgesehene Zeit\u201c mit dem immer gr\u00f6\u00dfer werdenden Dokumentationsaufwand teilen muss. \u201eDer Mensch an zweiter Stelle?\u201c fragen sich viele. Wenn man sich mit diesem Thema besch\u00e4ftigt, neigt man dazu dieser Frage zu zustimmen. Vom Gesetzgeber wird eine Reformierung der Pflegepolitik gefordert, die die Situation f\u00fcr Pflegende, Gepflegte und Angeh\u00f6rige nachhaltig verbessert, damit in Zukunft die W\u00fcrde des Menschen wieder an erster Stelle stehen kann \u2013 so informiert die Seite http:\/\/www.pflege-am-boden.de\/ .<\/p>\n<p>Interessierte k\u00f6nnen sich gerne anschlie\u00dfen und sind herzlich willkommen. Liegend, sitzend oder stehend Solidarit\u00e4t zu zeigen. Zehn Minuten Aufwand f\u00fcr eine Verbesserung, die uns alle betrifft.<\/p>\n<p>Fulda: 11:45 \u2013 11:55, Universit\u00e4tsplatz<\/p>\n<p>Weitere St\u00e4dte und Termine sind der Hompage zu entnehmen.<\/p>\n","protected":false},"excerpt":{"rendered":"<div class=\"tmnf_excerpt\"><p>Fulda. In einigen St\u00e4dten wird man sich wundern, wenn sich am Samstag, dem 12.04.2014 um kurz vor Zw\u00f6lf, die Menschen an \u00f6ffentlichen Pl\u00e4tzen auf den Asphalt legen oder setzten. Flashmob &#8211; nennt sich so eine Aktion, bei der Personengruppen sich zusammenfinden und etwas \u201eUngew\u00f6hnliches\u201c tun. In diesem Fall nennt sich die Bewegung: \u201ePflege am Boden\u201c. &hellip;<\/p>\n<\/div>","protected":false},"author":1,"featured_media":0,"comment_status":"closed","ping_status":"closed","sticky":false,"template":"","format":"standard","meta":{"footnotes":""},"categories":[1,29,78],"tags":[],"class_list":["post-122328","post","type-post","status-publish","format-standard","hentry","category-startseite","category-politik","category-topthema"],"_links":{"self":[{"href":"https:\/\/www.fuldaernachrichten.de\/index.php?rest_route=\/wp\/v2\/posts\/122328","targetHints":{"allow":["GET"]}}],"collection":[{"href":"https:\/\/www.fuldaernachrichten.de\/index.php?rest_route=\/wp\/v2\/posts"}],"about":[{"href":"https:\/\/www.fuldaernachrichten.de\/index.php?rest_route=\/wp\/v2\/types\/post"}],"author":[{"embeddable":true,"href":"https:\/\/www.fuldaernachrichten.de\/index.php?rest_route=\/wp\/v2\/users\/1"}],"replies":[{"embeddable":true,"href":"https:\/\/www.fuldaernachrichten.de\/index.php?rest_route=%2Fwp%2Fv2%2Fcomments&post=122328"}],"version-history":[{"count":5,"href":"https:\/\/www.fuldaernachrichten.de\/index.php?rest_route=\/wp\/v2\/posts\/122328\/revisions"}],"predecessor-version":[{"id":122348,"href":"https:\/\/www.fuldaernachrichten.de\/index.php?rest_route=\/wp\/v2\/posts\/122328\/revisions\/122348"}],"wp:attachment":[{"href":"https:\/\/www.fuldaernachrichten.de\/index.php?rest_route=%2Fwp%2Fv2%2Fmedia&parent=122328"}],"wp:term":[{"taxonomy":"category","embeddable":true,"href":"https:\/\/www.fuldaernachrichten.de\/index.php?rest_route=%2Fwp%2Fv2%2Fcategories&post=122328"},{"taxonomy":"post_tag","embeddable":true,"href":"https:\/\/www.fuldaernachrichten.de\/index.php?rest_route=%2Fwp%2Fv2%2Ftags&post=122328"}],"curies":[{"name":"wp","href":"https:\/\/api.w.org\/{rel}","templated":true}]}}