{"id":122151,"date":"2014-04-01T00:08:26","date_gmt":"2014-04-01T00:08:26","guid":{"rendered":"http:\/\/www.fuldaer-nachrichten.de\/?p=122151"},"modified":"2014-03-31T17:03:10","modified_gmt":"2014-03-31T17:03:10","slug":"ein-hauch-von-hollywood-weht-im-landratsamt-auszubildende-der-kreisverwaltung-drehen-film-ueber-vielfaeltige-taetigkeiten-der-kreisverwaltung","status":"publish","type":"post","link":"https:\/\/www.fuldaernachrichten.de\/?p=122151","title":{"rendered":"Ein Hauch von Hollywood weht im Landratsamt &#8211; Auszubildende der Kreisverwaltung drehen Film \u00fcber vielf\u00e4ltige T\u00e4tigkeiten der Kreisverwaltung"},"content":{"rendered":"<div id=\"attachment_122152\" style=\"width: 610px\" class=\"wp-caption alignnone\"><a href=\"http:\/\/www.fuldaer-nachrichten.de\/wp-content\/uploads\/2014\/03\/140-Auszubildende-der-Kreisverwaltung.jpg\"><img fetchpriority=\"high\" decoding=\"async\" aria-describedby=\"caption-attachment-122152\" class=\"size-full wp-image-122152\" alt=\"Die Auszubildenden Luisa Vogler, Johanna Bott, Anna Handwerk, Patricia Hohmann und Sebastian Mannert waren bei dem Filmprojekt mit von der Partie. Auf dem Bild fehlt Daniel Deuter.                                    Foto: Gilbert\" src=\"http:\/\/www.fuldaer-nachrichten.de\/wp-content\/uploads\/2014\/03\/140-Auszubildende-der-Kreisverwaltung.jpg\" width=\"560\" height=\"370\" \/><\/a><p id=\"caption-attachment-122152\" class=\"wp-caption-text\">Die Auszubildenden Luisa Vogler, Johanna Bott, Anna Handwerk, Patricia Hohmann und Sebastian Mannert waren bei dem Filmprojekt mit von der Partie. Auf dem Bild fehlt Daniel Deuter. Foto: Gilbert<\/p><\/div>\n<p>Fulda. Wie beantragt man einen F\u00fchrerschein? Welche Aufgaben hat ein Lebensmittelkontrolleur? Und was genau passiert in der Kreiskasse? Viele spannende Fragen, deren Antworten die angehenden Verwaltungsfachangestellten im Fuldaer Landratsamt jetzt in einem neuen kurzweiligen Film geben.<\/p>\n<p>Die Besonderheit: Der rund achtmin\u00fctige Streifen, abrufbar auf der Internetseite des Landkreises unter www.landkreis-fulda.de, wurde komplett in Eigenregie der Auszubildenden produziert. \u201eUnsere Ausbildungsleiterin Maria Post hatte uns gefragt, ob wir nicht einen Film f\u00fcr die Bildungsmesse drehen wollten\u201c, erz\u00e4hlt Luisa Vogler. Die 20-J\u00e4hrige f\u00fchrt auf charmante Weise durch den Clip und gew\u00e4hrt Einblicke in die verschiedenen Arbeitsfelder der Kreisverwaltung.<\/p>\n<p>Hinter der Kamera stand Sebastian Mannert. Der 26-J\u00e4hrige befindet sich im zweiten Ausbildungsjahr und konnte bereits auf filmerisches Know-how durch die Erstellung von Sportvideos zur\u00fcckgreifen. Insgesamt vier Drehtage nahm das Projekt in Anspruch, hinzu kam die Nachbearbeitung. \u201eUnser Ziel bestand darin, die unterschiedlichen T\u00e4tigkeiten vorzustellen und andere Jugendliche f\u00fcr eine Ausbildung im Landratsamt zu motivieren\u201c, erkl\u00e4rt Luisa Vogler. Die K\u00fcnzellerin ist im dritten Lehrjahr und findet es besonders reizvoll, dass die Kreisverwaltung f\u00fcr jeden Typ den passenden Job habe. Egal, ob man den direkten Kontakt zu Menschen suche oder eine Vorliebe f\u00fcr Zahlen besitze. \u201eHier<\/p>\n<p>Besonders gut in Erinnerung geblieben ist den Mitwirkenden des Filmprojekts die Lebensmittelkontrolle in einer Fuldaer Kneipe. Dort standen bei einem Au\u00dfendreh die \u00dcberpr\u00fcfung der Hygiene, der Check der Schankanlage und das Ausstellen des Kontrollberichts auf der Tagesordnung. Auch erf\u00e4hrt der Zuschauer bei Einblicken in die Kreiskasse, wie Bareinzahlungen verarbeitet und Quittungen ausgestellt werden. Ein besonderer Hingucker ist der automatische Geldz\u00e4hler, der selbst die Summe gr\u00f6\u00dferer M\u00fcnzbetr\u00e4ge in Sekundenbruchteilen ausspuckt.<\/p>\n<p>Allerdings nur dann, wenn alle M\u00fcnzbeh\u00e4lter richtig eingerastet sind, sonst passiert ein Missgeschick, von denen die Nachwuchs-Regisseure einige im humorigen Abspann pr\u00e4sentieren. In den so genannten \u201eOuttakes\u201c wird gelacht, gebl\u00f6delt und man erlebt auf kurzweilige Weise, dass w\u00e4hrend des Drehs nicht immer alles auf Anhieb funktioniert.<\/p>\n<p>Lobende Worte hat Luisa Vogler f\u00fcr die Ausbildungsleiterin und die Mitarbeiter der Kreisverwaltung parat, die zur unkomplizierten Realisierung des Films beitrugen. \u201eUns hat niemand reingeredet und wir hatten komplett freie Hand\u201c, freut sich die Moderatorin \u00fcber die Gestaltungsfreiheit. Bisher habe es viel positive Resonanz auf das Video gegeben. Und mit hoher Wahrscheinlichkeit d\u00fcrfen sich die Zuschauer auf weitere Filme aus den H\u00e4nden der Auszubildenden freuen. Verschiedene Projekte k\u00f6nnten schon bald filmisch umgesetzt werden, machen Sebastian Mannert und seine Kollegin Appetit auf neue Produktionen. Dann hei\u00dft es wieder wie im aktuellen Streifen \u201eHallo, wir sind gerade im Landratsamt!\u201c<\/p>\n","protected":false},"excerpt":{"rendered":"<div class=\"tmnf_excerpt\"><p>Fulda. Wie beantragt man einen F\u00fchrerschein? Welche Aufgaben hat ein Lebensmittelkontrolleur? Und was genau passiert in der Kreiskasse? Viele spannende Fragen, deren Antworten die angehenden Verwaltungsfachangestellten im Fuldaer Landratsamt jetzt in einem neuen kurzweiligen Film geben. Die Besonderheit: Der rund achtmin\u00fctige Streifen, abrufbar auf der Internetseite des Landkreises unter www.landkreis-fulda.de, wurde komplett in Eigenregie der &hellip;<\/p>\n<\/div>","protected":false},"author":1,"featured_media":0,"comment_status":"closed","ping_status":"closed","sticky":false,"template":"","format":"standard","meta":{"footnotes":""},"categories":[1,29,78],"tags":[],"class_list":["post-122151","post","type-post","status-publish","format-standard","hentry","category-startseite","category-politik","category-topthema"],"_links":{"self":[{"href":"https:\/\/www.fuldaernachrichten.de\/index.php?rest_route=\/wp\/v2\/posts\/122151","targetHints":{"allow":["GET"]}}],"collection":[{"href":"https:\/\/www.fuldaernachrichten.de\/index.php?rest_route=\/wp\/v2\/posts"}],"about":[{"href":"https:\/\/www.fuldaernachrichten.de\/index.php?rest_route=\/wp\/v2\/types\/post"}],"author":[{"embeddable":true,"href":"https:\/\/www.fuldaernachrichten.de\/index.php?rest_route=\/wp\/v2\/users\/1"}],"replies":[{"embeddable":true,"href":"https:\/\/www.fuldaernachrichten.de\/index.php?rest_route=%2Fwp%2Fv2%2Fcomments&post=122151"}],"version-history":[{"count":1,"href":"https:\/\/www.fuldaernachrichten.de\/index.php?rest_route=\/wp\/v2\/posts\/122151\/revisions"}],"predecessor-version":[{"id":122153,"href":"https:\/\/www.fuldaernachrichten.de\/index.php?rest_route=\/wp\/v2\/posts\/122151\/revisions\/122153"}],"wp:attachment":[{"href":"https:\/\/www.fuldaernachrichten.de\/index.php?rest_route=%2Fwp%2Fv2%2Fmedia&parent=122151"}],"wp:term":[{"taxonomy":"category","embeddable":true,"href":"https:\/\/www.fuldaernachrichten.de\/index.php?rest_route=%2Fwp%2Fv2%2Fcategories&post=122151"},{"taxonomy":"post_tag","embeddable":true,"href":"https:\/\/www.fuldaernachrichten.de\/index.php?rest_route=%2Fwp%2Fv2%2Ftags&post=122151"}],"curies":[{"name":"wp","href":"https:\/\/api.w.org\/{rel}","templated":true}]}}