{"id":12213,"date":"2008-09-25T00:23:41","date_gmt":"2008-09-24T22:23:41","guid":{"rendered":"http:\/\/www.schoene-nachrichten.de\/?p=12213"},"modified":"2008-09-24T20:51:57","modified_gmt":"2008-09-24T18:51:57","slug":"ueber-20000-gartenfreunde-stroemten-auf-schloss-wolfsgarten","status":"publish","type":"post","link":"https:\/\/www.fuldaernachrichten.de\/?p=12213","title":{"rendered":"\u00dcber 20.000 Gartenfreunde str\u00f6mten auf Schloss Wolfsgarten"},"content":{"rendered":"<p><!--[if gte mso 9]><xml> 72   1024x768 <\/xml><![endif]--><!--[if gte mso 9]><xml> Normal   0         21         false   false   false      DE   X-NONE   X-NONE <\/xml><![endif]--><!--[if gte mso 9]><xml> <\/xml><![endif]--> <!--[if gte mso 10]>\n\n\n<style>\n&nbsp;\/* Style Definitions *\/\n&nbsp;table.MsoNormalTable\n&nbsp;{mso-style-name:\"Normale Tabelle\";\n&nbsp;mso-tstyle-rowband-size:0;\n&nbsp;mso-tstyle-colband-size:0;\n&nbsp;mso-style-noshow:yes;\n&nbsp;mso-style-priority:99;\n&nbsp;mso-style-qformat:yes;\n&nbsp;mso-style-parent:\"\";\n&nbsp;mso-padding-alt:0cm 5.4pt 0cm 5.4pt;\n&nbsp;mso-para-margin:0cm;\n&nbsp;mso-para-margin-bottom:.0001pt;\n&nbsp;mso-pagination:widow-orphan;\n&nbsp;font-size:11.0pt;\n&nbsp;font-family:\"Calibri\",\"sans-serif\";\n&nbsp;mso-ascii-font-family:Calibri;\n&nbsp;mso-ascii-theme-font:minor-latin;\n&nbsp;mso-fareast-font-family:\"Times New Roman\";\n&nbsp;mso-fareast-theme-font:minor-fareast;\n&nbsp;mso-hansi-font-family:Calibri;\n&nbsp;mso-hansi-theme-font:minor-latin;\n&nbsp;mso-bidi-font-family:\"Times New Roman\";\n&nbsp;mso-bidi-theme-font:minor-bidi;}\n<\/style>\n\n<![endif]--><\/p>\n<p><a rel=\"lightbox[roadtrip]\" href=\"http:\/\/www.schoene-nachrichten.de\/wp-content\/uploads\/2008\/09\/080924-gartenfest-2.jpg\" target=\"_blank\"><img decoding=\"async\" class=\"alignnone size-thumbnail wp-image-12214\" title=\"080924-gartenfest-2\" src=\"http:\/\/www.schoene-nachrichten.de\/wp-content\/uploads\/2008\/09\/080924-gartenfest-2-128x85.jpg\" alt=\"\" hspace=\"5\" width=\"128\" height=\"85\" align=\"left\" srcset=\"https:\/\/www.fuldaernachrichten.de\/wp-content\/uploads\/2008\/09\/080924-gartenfest-2-128x85.jpg 128w, https:\/\/www.fuldaernachrichten.de\/wp-content\/uploads\/2008\/09\/080924-gartenfest-2.jpg 600w\" sizes=\"(max-width: 128px) 100vw, 128px\" \/><\/a><strong>Langen.<\/strong> 23.09.2008. \u201eDas lasse ich mir auf keinen Fall im n\u00e4chsten Jahr entgehen. K\u00f6nnen Sie mir den Termin schon sagen?&#8221; &#8211; auf diese und \u00e4hnliche Weise \u00e4u\u00dferten viele der Besucher ihre Begeisterung. Drei herbstlich bunte, sonnig-wolkige Tage bei angenehmen Temperaturen, ein prachtvolles Angebot von \u00fcber 140 ausgesuchten Ausstellern und \u00fcber 20 000 Gartenfreunde aus Nah und Fern machten aus dem zweiten F\u00fcrstlichen Gartenfest Schloss Wolfsgarten in Langen bei Frankfurt am vergangenen Wochenende rundum einen einzigartigen Erfolg.<!--more--><\/p>\n<p><a rel=\"lightbox[roadtrip]\" href=\"http:\/\/www.schoene-nachrichten.de\/wp-content\/uploads\/2008\/09\/080924-gartenfest-1.jpg\" target=\"_blank\"><img decoding=\"async\" class=\"alignnone size-medium wp-image-12215\" title=\"080924-gartenfest-1\" src=\"http:\/\/www.schoene-nachrichten.de\/wp-content\/uploads\/2008\/09\/080924-gartenfest-1-85x128.jpg\" alt=\"\" hspace=\"5\" width=\"85\" height=\"128\" align=\"left\" srcset=\"https:\/\/www.fuldaernachrichten.de\/wp-content\/uploads\/2008\/09\/080924-gartenfest-1-85x128.jpg 85w, https:\/\/www.fuldaernachrichten.de\/wp-content\/uploads\/2008\/09\/080924-gartenfest-1.jpg 400w\" sizes=\"(max-width: 85px) 100vw, 85px\" \/><\/a><\/p>\n<p>Vor der malerischen Kulisse der Schlossanlage und des alten englischen Landschaftsparks von \u00fcber 55 Hektar, breiteten die Aussteller aus Deutschland und den benachbarten L\u00e4ndern ihre Exponate weitl\u00e4ufig verteilt und auf das Beste dargeboten im Park augenf\u00e4llig dar.<\/p>\n<p><strong>Eindeutiger Magnet f\u00fcr Freunde der Gartenkultur<\/strong><\/p>\n<p><!--[if gte mso 9]><xml> 72   1024x768 <\/xml><![endif]--><!--[if gte mso 9]><xml> Normal   0         21         false   false   false      DE   X-NONE   X-NONE <\/xml><![endif]--><!--[if gte mso 9]><xml> <\/xml><![endif]--> <!--[if gte mso 10]>\n\n\n<style>\n \/* Style Definitions *\/\n table.MsoNormalTable\n\t{mso-style-name:\"Normale Tabelle\";\n\tmso-tstyle-rowband-size:0;\n\tmso-tstyle-colband-size:0;\n\tmso-style-noshow:yes;\n\tmso-style-priority:99;\n\tmso-style-qformat:yes;\n\tmso-style-parent:\"\";\n\tmso-padding-alt:0cm 5.4pt 0cm 5.4pt;\n\tmso-para-margin:0cm;\n\tmso-para-margin-bottom:.0001pt;\n\tmso-pagination:widow-orphan;\n\tfont-size:11.0pt;\n\tfont-family:\"Calibri\",\"sans-serif\";\n\tmso-ascii-font-family:Calibri;\n\tmso-ascii-theme-font:minor-latin;\n\tmso-fareast-font-family:\"Times New Roman\";\n\tmso-fareast-theme-font:minor-fareast;\n\tmso-hansi-font-family:Calibri;\n\tmso-hansi-theme-font:minor-latin;\n\tmso-bidi-font-family:\"Times New Roman\";\n\tmso-bidi-theme-font:minor-bidi;}\n<\/style>\n\n<![endif]-->Die Besucher str\u00f6mten aus dem weiten Umkreis von Frankfurt und den benachbarten  Bundesl\u00e4ndern in die prachtvoll ausgeschm\u00fcckten weitl\u00e4ufigen Parkanlagen, G\u00e4rten, Remisen und Pferdestallungen von Schloss Wolfsgarten und genossen die einmalige Atmosph\u00e4re und das qualit\u00e4tvolle Angebot der Pflanzenz\u00fcchter, Garten- und Landschaftsbauern, Gartenarchitekten und Gartengestalter, der Anbieter von Gartenger\u00e4ten, Gartenaccessoires, Gartenskulpturen renommierter K\u00fcnstler und allem, was zu einem sch\u00f6nen Garten, Vorgarten und Balkon \u00fcber das ganze Jahr geh\u00f6rt. Nicht weniger waren Landmode und H\u00fcte, Schmuck, Spiele, Accessoires, Gartenm\u00f6bel und moderne Gartenkunst und -skulpturen zu finden.<\/p>\n<p><!--[if gte mso 9]><xml> 72   1024x768 <\/xml><![endif]--><!--[if gte mso 9]><xml> Normal   0         21         false   false   false      DE   X-NONE   X-NONE <\/xml><![endif]--><!--[if gte mso 9]><xml> <\/xml><![endif]--> <!--[if gte mso 10]>\n\n\n<style>\n \/* Style Definitions *\/\n table.MsoNormalTable\n\t{mso-style-name:\"Normale Tabelle\";\n\tmso-tstyle-rowband-size:0;\n\tmso-tstyle-colband-size:0;\n\tmso-style-noshow:yes;\n\tmso-style-priority:99;\n\tmso-style-qformat:yes;\n\tmso-style-parent:\"\";\n\tmso-padding-alt:0cm 5.4pt 0cm 5.4pt;\n\tmso-para-margin:0cm;\n\tmso-para-margin-bottom:.0001pt;\n\tmso-pagination:widow-orphan;\n\tfont-size:11.0pt;\n\tfont-family:\"Calibri\",\"sans-serif\";\n\tmso-ascii-font-family:Calibri;\n\tmso-ascii-theme-font:minor-latin;\n\tmso-fareast-font-family:\"Times New Roman\";\n\tmso-fareast-theme-font:minor-fareast;\n\tmso-hansi-font-family:Calibri;\n\tmso-hansi-theme-font:minor-latin;\n\tmso-bidi-font-family:\"Times New Roman\";\n\tmso-bidi-theme-font:minor-bidi;}\n<\/style>\n\n<![endif]--><\/p>\n<p><strong>Das F\u00fcrstliche Gartenfest begeisterte Besucher aus Nah und Fern<\/strong><\/p>\n<p>W\u00e4hrend die einen zielstrebig nach botanischen Besonderheiten oder originellen und dekorativen Gartenaccessoires Ausschau hielten, suchten andere kompetente Beratung f\u00fcr die Gartengestaltung oder fachkundige Hilfe bei der Vielzahl kompetenter Gr\u00fcnaussteller, die Vortr\u00e4ge und Vorf\u00fchrungen an ihren St\u00e4nden oder im Vortragssaal der Margaretenhalle anboten. Der Bund Deutscher Landschaftsarchitekten (bdla) Hessen e.V. war st\u00e4ndig von Gartenbesitzern belagert, die gerne eine kostenlose erste Gartenberatung erhielten.<\/p>\n<p><!--[if gte mso 9]><xml> 72   1024x768 <\/xml><![endif]--><!--[if gte mso 9]><xml> Normal   0         21         false   false   false      DE   X-NONE   X-NONE <\/xml><![endif]--><!--[if gte mso 9]><xml> <\/xml><![endif]--> <!--[if gte mso 10]>\n\n\n<style>\n \/* Style Definitions *\/\n table.MsoNormalTable\n\t{mso-style-name:\"Normale Tabelle\";\n\tmso-tstyle-rowband-size:0;\n\tmso-tstyle-colband-size:0;\n\tmso-style-noshow:yes;\n\tmso-style-priority:99;\n\tmso-style-qformat:yes;\n\tmso-style-parent:\"\";\n\tmso-padding-alt:0cm 5.4pt 0cm 5.4pt;\n\tmso-para-margin:0cm;\n\tmso-para-margin-bottom:.0001pt;\n\tmso-pagination:widow-orphan;\n\tfont-size:11.0pt;\n\tfont-family:\"Calibri\",\"sans-serif\";\n\tmso-ascii-font-family:Calibri;\n\tmso-ascii-theme-font:minor-latin;\n\tmso-fareast-font-family:\"Times New Roman\";\n\tmso-fareast-theme-font:minor-fareast;\n\tmso-hansi-font-family:Calibri;\n\tmso-hansi-theme-font:minor-latin;\n\tmso-bidi-font-family:\"Times New Roman\";\n\tmso-bidi-theme-font:minor-bidi;}\n<\/style>\n\n<![endif]-->Die Besucher hielten inne im Anblick der pr\u00e4chtig gestalteten Schaug\u00e4rten, in denen Brunnen pl\u00e4tscherten und Herbstblumen in der Sonne ihren Duft verstr\u00f6mten und ebenso  zum Genie\u00dfen einluden, wie zum Kauf eines au\u00dfergew\u00f6hnlich prachtvoll gewachsenen Freilandbonsais oder eines Apfelb\u00e4umchens einer fast vergessenen alten Sorte, einer gro\u00dfbl\u00fctigen dunkelroten Clematis oder fescher Landmode und wasserfester Lederstiefel. Schaug\u00e4rten von repr\u00e4sentativen Garten- und Landschaftsbaubetrieben, auch von Gartenarchitekten speziell f\u00fcr das F\u00fcrstliche Gartenfest entworfen, boten dazu sehr anschauliche Anregungen und Inspirationen, bis hin zur futuristisch anmutenden Realisationen eines Gartens von der bekannten Frankfurter Gartenarchitektin Ute Wittlich in Zusammenarbeit mit Galabau Riemer.<\/p>\n<p>Die Aussteller erfreuten sich des guten Zuspruchs und waren nicht weniger zufrieden. Sie zeigten mit ihren vielf\u00e4ltigen und oftmals sehr ausgefallenen Pflanzen, Stauden, Blumenknollen, B\u00e4umen und Rarit\u00e4ten vieles, das anderswo nur schwer aufzufinden ist.<\/p>\n<p>Mit gro\u00dfer Begeisterung wurde von den Kleinen das Angebot des Mitmachzirkus von Modular Artist und die Rollenbahn, das Basteln und Vorlesen in den beiden indischen Maharadscha-Zelten angenommen. Alle Generationen erfreuten sich an dem festlichen Rahmenprogramm mit den \u201eTollen Tanten&#8221; des Wiener Musik- und Maskentheaters,  den Parforcehornbl\u00e4sern der Rheingau-Rallye, den H\u00fctehundvorf\u00fchrungen nach englischer Tradition mit Bordercollies und Heidschnucken sowie die Schauschleppe der Taunusmeute oder der Falkner, der diesmal sogar einen Steinadler mitbrachte und nicht zuletzt das virtuose Fandango-Duo aus Wiesbaden.<\/p>\n<p>&#8220;Ein tolles Angebot &#8211; ein herrliches Gartenfest mit einer fast famili\u00e4r anmutenden fr\u00f6hlichen Atmosph\u00e4re&#8221;, lautete dann auch das einhellige Fazit auf der Seite der vielen Tausend Besucher. Sie sorgten ebenfalls f\u00fcr zufriedene Aussteller, die immer wieder betonten: &#8220;N\u00e4chstes Jahr kommen wir gerne wieder&#8221;.  Der Termin f\u00fcr 2009 steht bereits fest. \u201eDas F\u00fcrstliche Gartenfest&#8221; in Langen findet wieder zum dritten Wochenende, vom 18. bis zum 20. September statt.<\/p>\n<p>Die <strong>Liste der Ausstellerpr\u00e4mien<\/strong>(<!--[if gte mso 9]><xml> 72   1024x768 <\/xml><![endif]--><!--[if gte mso 9]><xml> Normal   0         21         false   false   false      DE   X-NONE   X-NONE <\/xml><![endif]--><!--[if gte mso 9]><xml> <\/xml><![endif]--><!--[if gte mso 10]>\n\n\n<style>\n \/* Style Definitions *\/\n table.MsoNormalTable\n\t{mso-style-name:\"Normale Tabelle\";\n\tmso-tstyle-rowband-size:0;\n\tmso-tstyle-colband-size:0;\n\tmso-style-noshow:yes;\n\tmso-style-priority:99;\n\tmso-style-qformat:yes;\n\tmso-style-parent:\"\";\n\tmso-padding-alt:0cm 5.4pt 0cm 5.4pt;\n\tmso-para-margin:0cm;\n\tmso-para-margin-bottom:.0001pt;\n\tmso-pagination:widow-orphan;\n\tfont-size:11.0pt;\n\tfont-family:\"Calibri\",\"sans-serif\";\n\tmso-ascii-font-family:Calibri;\n\tmso-ascii-theme-font:minor-latin;\n\tmso-fareast-font-family:\"Times New Roman\";\n\tmso-fareast-theme-font:minor-fareast;\n\tmso-hansi-font-family:Calibri;\n\tmso-hansi-theme-font:minor-latin;\n\tmso-bidi-font-family:\"Times New Roman\";\n\tmso-bidi-theme-font:minor-bidi;}\n<\/style>\n\n<![endif]-->Auszeichnungen f\u00fcr Aussteller) finden sie unter folgendem Link:<\/p>\n<p><a href=\"http:\/\/www.das-fuerstliche-gartenfest.de\/de\/wolfsgarten\/aktuelles-praemierung.htm\">http:\/\/www.das-fuerstliche-gartenfest.de\/de\/wolfsgarten\/aktuelles-praemierung.htm<\/a><\/p>\n","protected":false},"excerpt":{"rendered":"<div class=\"tmnf_excerpt\"><p>Langen. 23.09.2008. \u201eDas lasse ich mir auf keinen Fall im n\u00e4chsten Jahr entgehen. K\u00f6nnen Sie mir den Termin schon sagen?&#8221; &#8211; auf diese und \u00e4hnliche Weise \u00e4u\u00dferten viele der Besucher ihre Begeisterung. Drei herbstlich bunte, sonnig-wolkige Tage bei angenehmen Temperaturen, ein prachtvolles Angebot von \u00fcber 140 ausgesuchten Ausstellern und \u00fcber 20 000 Gartenfreunde aus Nah &hellip;<\/p>\n<\/div>","protected":false},"author":1,"featured_media":0,"comment_status":"closed","ping_status":"closed","sticky":false,"template":"","format":"standard","meta":{"footnotes":""},"categories":[1,52],"tags":[],"class_list":["post-12213","post","type-post","status-publish","format-standard","hentry","category-startseite","category-umwelt"],"_links":{"self":[{"href":"https:\/\/www.fuldaernachrichten.de\/index.php?rest_route=\/wp\/v2\/posts\/12213","targetHints":{"allow":["GET"]}}],"collection":[{"href":"https:\/\/www.fuldaernachrichten.de\/index.php?rest_route=\/wp\/v2\/posts"}],"about":[{"href":"https:\/\/www.fuldaernachrichten.de\/index.php?rest_route=\/wp\/v2\/types\/post"}],"author":[{"embeddable":true,"href":"https:\/\/www.fuldaernachrichten.de\/index.php?rest_route=\/wp\/v2\/users\/1"}],"replies":[{"embeddable":true,"href":"https:\/\/www.fuldaernachrichten.de\/index.php?rest_route=%2Fwp%2Fv2%2Fcomments&post=12213"}],"version-history":[{"count":0,"href":"https:\/\/www.fuldaernachrichten.de\/index.php?rest_route=\/wp\/v2\/posts\/12213\/revisions"}],"wp:attachment":[{"href":"https:\/\/www.fuldaernachrichten.de\/index.php?rest_route=%2Fwp%2Fv2%2Fmedia&parent=12213"}],"wp:term":[{"taxonomy":"category","embeddable":true,"href":"https:\/\/www.fuldaernachrichten.de\/index.php?rest_route=%2Fwp%2Fv2%2Fcategories&post=12213"},{"taxonomy":"post_tag","embeddable":true,"href":"https:\/\/www.fuldaernachrichten.de\/index.php?rest_route=%2Fwp%2Fv2%2Ftags&post=12213"}],"curies":[{"name":"wp","href":"https:\/\/api.w.org\/{rel}","templated":true}]}}