{"id":12210,"date":"2008-09-25T01:06:29","date_gmt":"2008-09-24T23:06:29","guid":{"rendered":"http:\/\/www.schoene-nachrichten.de\/?p=12210"},"modified":"2008-09-24T21:06:42","modified_gmt":"2008-09-24T19:06:42","slug":"neuer-yoga-kurs-in-alsfeld","status":"publish","type":"post","link":"https:\/\/www.fuldaernachrichten.de\/?p=12210","title":{"rendered":"Neuer Yoga-Kurs in Alsfeld"},"content":{"rendered":"<p><strong>Alsfeld. <\/strong>Die VHS richtet in Alsfeld noch einen neuen  Yoga-Kurs ein. Ab Montag, 29. Sept. 2009, 17.45 Uhr &#8211; 19.15 Uhr in der  Georg-Dietrich-B\u00fccking-Stra\u00dfe 20, Raum 10 findet unter Leitung von Sabine Stutz  ein zus\u00e4tzlicher Yoga-Kurs statt. Es sind noch einige Pl\u00e4tze frei. Interessenten  melden sich bitte bei der vhs, Tel.: 06631\/792770<\/p>\n","protected":false},"excerpt":{"rendered":"<div class=\"tmnf_excerpt\"><p>Alsfeld. Die VHS richtet in Alsfeld noch einen neuen Yoga-Kurs ein. Ab Montag, 29. Sept. 2009, 17.45 Uhr &#8211; 19.15 Uhr in der Georg-Dietrich-B\u00fccking-Stra\u00dfe 20, Raum 10 findet unter Leitung von Sabine Stutz ein zus\u00e4tzlicher Yoga-Kurs statt. Es sind noch einige Pl\u00e4tze frei. Interessenten melden sich bitte bei der vhs, Tel.: 06631\/792770<\/p>\n<\/div>","protected":false},"author":1,"featured_media":0,"comment_status":"closed","ping_status":"closed","sticky":false,"template":"","format":"standard","meta":{"footnotes":""},"categories":[1,46],"tags":[],"class_list":["post-12210","post","type-post","status-publish","format-standard","hentry","category-startseite","category-sport"],"_links":{"self":[{"href":"https:\/\/www.fuldaernachrichten.de\/index.php?rest_route=\/wp\/v2\/posts\/12210","targetHints":{"allow":["GET"]}}],"collection":[{"href":"https:\/\/www.fuldaernachrichten.de\/index.php?rest_route=\/wp\/v2\/posts"}],"about":[{"href":"https:\/\/www.fuldaernachrichten.de\/index.php?rest_route=\/wp\/v2\/types\/post"}],"author":[{"embeddable":true,"href":"https:\/\/www.fuldaernachrichten.de\/index.php?rest_route=\/wp\/v2\/users\/1"}],"replies":[{"embeddable":true,"href":"https:\/\/www.fuldaernachrichten.de\/index.php?rest_route=%2Fwp%2Fv2%2Fcomments&post=12210"}],"version-history":[{"count":0,"href":"https:\/\/www.fuldaernachrichten.de\/index.php?rest_route=\/wp\/v2\/posts\/12210\/revisions"}],"wp:attachment":[{"href":"https:\/\/www.fuldaernachrichten.de\/index.php?rest_route=%2Fwp%2Fv2%2Fmedia&parent=12210"}],"wp:term":[{"taxonomy":"category","embeddable":true,"href":"https:\/\/www.fuldaernachrichten.de\/index.php?rest_route=%2Fwp%2Fv2%2Fcategories&post=12210"},{"taxonomy":"post_tag","embeddable":true,"href":"https:\/\/www.fuldaernachrichten.de\/index.php?rest_route=%2Fwp%2Fv2%2Ftags&post=12210"}],"curies":[{"name":"wp","href":"https:\/\/api.w.org\/{rel}","templated":true}]}}