{"id":122076,"date":"2014-03-31T05:59:09","date_gmt":"2014-03-31T05:59:09","guid":{"rendered":"http:\/\/www.fuldaer-nachrichten.de\/?p=122076"},"modified":"2014-03-31T05:59:09","modified_gmt":"2014-03-31T05:59:09","slug":"osterputz-an-der-fulda-niedrigwasser-bringt-ungeahnte-schaetze-an-die-oberflaeche","status":"publish","type":"post","link":"https:\/\/www.fuldaernachrichten.de\/?p=122076","title":{"rendered":"Osterputz an der Fulda &#8211; Niedrigwasser bringt ungeahnte &#8220;Sch\u00e4tze&#8221; an die Oberfl\u00e4che"},"content":{"rendered":"<p><a href=\"http:\/\/www.fuldaer-nachrichten.de\/wp-content\/uploads\/2014\/03\/DSC_0603.jpg\"><img decoding=\"async\" class=\"alignleft size-medium wp-image-122077\" alt=\"DSC_0603\" src=\"http:\/\/www.fuldaer-nachrichten.de\/wp-content\/uploads\/2014\/03\/DSC_0603-265x176.jpg\" width=\"265\" height=\"176\" srcset=\"https:\/\/www.fuldaernachrichten.de\/wp-content\/uploads\/2014\/03\/DSC_0603-265x176.jpg 265w, https:\/\/www.fuldaernachrichten.de\/wp-content\/uploads\/2014\/03\/DSC_0603.jpg 600w\" sizes=\"(max-width: 265px) 100vw, 265px\" \/><\/a>Fulda. Naturschutzwart Ralf Eichenberg und der Kanu-Jugend-Vorstand hatten eingeladen und 45 KCF-Mitglieder (= 15 %) waren der Einladung am 29. M\u00e4rz bei bestem Wetter gefolgt. Der Osterputz an der Trainingsstrecke, zwischen Wiesenm\u00fchle und Horaser Wehr, stand auf dem Programm.\u00c2\u00a0 Mit Fu\u00dftruppen an Land und mehreren Canadiern auf dem Wasser, wurde dem M\u00fcll zu Leibe ger\u00fcckt. Und das war viel mehr, als in den letzten Jahren. Der niedrige Wasserstand der Fulda brachte viele Gegenst\u00e4nde ans Tageslicht, die sonst unter der Wasseroberfl\u00e4che verborgen sind.<!--more--><\/p>\n<p>Einkaufswagen, Grill, alte Reifen und vieles mehr wurden eingesammelt und zum Bootshaus geschafft, in Booten und mit Leiterwagen und Schubkarren. Da wartet die Sammlung nun auf die Abholung durch die Osterputzverantwortlichen.<\/p>\n<p>Rechtzeitig vor Beginn der Kanu-Schulsaison, pr\u00e4sentiert sich die Trainingstrecke jetzt blitzblank. Nach den Osterferien kann es dann wieder losgehen. Ein umfangreiches Angebot f\u00fcr Mitglieder und Interessenten findet man unter www.kanu-club-fulda.de unter der Rubrik SPORT. Das G\u00fctesiegel des Deutschen Kanu Verbandes &#8220;DKV-anerkannter-Kanu-Ausbilder&#8221; b\u00fcrgt f\u00fcr die Qualit\u00e4t des Angebotes der Domst\u00e4dter.\u00c2\u00a0 (Text: Harald Piaskowski\/Bild: Jonathan Gescher)<\/p>\n","protected":false},"excerpt":{"rendered":"<div class=\"tmnf_excerpt\"><p>Fulda. Naturschutzwart Ralf Eichenberg und der Kanu-Jugend-Vorstand hatten eingeladen und 45 KCF-Mitglieder (= 15 %) waren der Einladung am 29. M\u00e4rz bei bestem Wetter gefolgt. Der Osterputz an der Trainingsstrecke, zwischen Wiesenm\u00fchle und Horaser Wehr, stand auf dem Programm.\u00c2\u00a0 Mit Fu\u00dftruppen an Land und mehreren Canadiern auf dem Wasser, wurde dem M\u00fcll zu Leibe ger\u00fcckt. &hellip;<\/p>\n<\/div>","protected":false},"author":1,"featured_media":0,"comment_status":"closed","ping_status":"closed","sticky":false,"template":"","format":"standard","meta":{"footnotes":""},"categories":[1,52],"tags":[],"class_list":["post-122076","post","type-post","status-publish","format-standard","hentry","category-startseite","category-umwelt"],"_links":{"self":[{"href":"https:\/\/www.fuldaernachrichten.de\/index.php?rest_route=\/wp\/v2\/posts\/122076","targetHints":{"allow":["GET"]}}],"collection":[{"href":"https:\/\/www.fuldaernachrichten.de\/index.php?rest_route=\/wp\/v2\/posts"}],"about":[{"href":"https:\/\/www.fuldaernachrichten.de\/index.php?rest_route=\/wp\/v2\/types\/post"}],"author":[{"embeddable":true,"href":"https:\/\/www.fuldaernachrichten.de\/index.php?rest_route=\/wp\/v2\/users\/1"}],"replies":[{"embeddable":true,"href":"https:\/\/www.fuldaernachrichten.de\/index.php?rest_route=%2Fwp%2Fv2%2Fcomments&post=122076"}],"version-history":[{"count":1,"href":"https:\/\/www.fuldaernachrichten.de\/index.php?rest_route=\/wp\/v2\/posts\/122076\/revisions"}],"predecessor-version":[{"id":122078,"href":"https:\/\/www.fuldaernachrichten.de\/index.php?rest_route=\/wp\/v2\/posts\/122076\/revisions\/122078"}],"wp:attachment":[{"href":"https:\/\/www.fuldaernachrichten.de\/index.php?rest_route=%2Fwp%2Fv2%2Fmedia&parent=122076"}],"wp:term":[{"taxonomy":"category","embeddable":true,"href":"https:\/\/www.fuldaernachrichten.de\/index.php?rest_route=%2Fwp%2Fv2%2Fcategories&post=122076"},{"taxonomy":"post_tag","embeddable":true,"href":"https:\/\/www.fuldaernachrichten.de\/index.php?rest_route=%2Fwp%2Fv2%2Ftags&post=122076"}],"curies":[{"name":"wp","href":"https:\/\/api.w.org\/{rel}","templated":true}]}}