{"id":12206,"date":"2008-09-25T00:47:31","date_gmt":"2008-09-24T22:47:31","guid":{"rendered":"http:\/\/www.schoene-nachrichten.de\/?p=12206"},"modified":"2008-09-24T20:48:40","modified_gmt":"2008-09-24T18:48:40","slug":"buergerschaftliches-engagement-in-buergerstiftung-buendeln","status":"publish","type":"post","link":"https:\/\/www.fuldaernachrichten.de\/?p=12206","title":{"rendered":"B\u00fcrgerschaftliches Engagement in B\u00fcrgerstiftung b\u00fcndeln"},"content":{"rendered":"<p><a rel=\"lightbox[roadtrip]\" href=\"http:\/\/www.schoene-nachrichten.de\/wp-content\/uploads\/2008\/09\/080924-regional-2.jpg\" target=\"_blank\"><img decoding=\"async\" class=\"alignnone size-thumbnail wp-image-12207\" title=\"080924-regional-2\" src=\"http:\/\/www.schoene-nachrichten.de\/wp-content\/uploads\/2008\/09\/080924-regional-2-128x85.jpg\" alt=\"\" hspace=\"5\" width=\"128\" height=\"85\" align=\"left\" \/><\/a><\/p>\n<p><strong>Alsfeld. <\/strong>B\u00fcrgerschaftliches Engagement gewinnt f\u00fcr die Entwicklung l\u00e4ndlicher R\u00e4ume immer  mehr an Bedeutung. K\u00f6nnte es die Wirksamkeit erh\u00f6hen, wenn dieses Engagement in  einer B\u00fcrgerstiftung geb\u00fcndelt w\u00fcrde? Diese Frage haben Fachleute des  Regionalmanagements vor wenigen Tagen in Alsfeld im Hotel Pfefferh\u00f6he  untersucht.(<span style=\"text-decoration: underline;\">Foto:<\/span> Dr. Burkhard K\u00fcstermann bei seinem Vortrag zum Thema B\u00fcrgerstiftungen in  Alsfeld.)<!--more--><\/p>\n<p><a rel=\"lightbox[roadtrip]\" href=\"http:\/\/www.schoene-nachrichten.de\/wp-content\/uploads\/2008\/09\/080924-regional-11.jpg\" target=\"_blank\"><img decoding=\"async\" class=\"alignnone size-medium wp-image-12209\" title=\"080924-regional-11\" src=\"http:\/\/www.schoene-nachrichten.de\/wp-content\/uploads\/2008\/09\/080924-regional-11-128x62.jpg\" alt=\"\" hspace=\"5\" width=\"128\" height=\"62\" align=\"left\" srcset=\"https:\/\/www.fuldaernachrichten.de\/wp-content\/uploads\/2008\/09\/080924-regional-11-128x62.jpg 128w, https:\/\/www.fuldaernachrichten.de\/wp-content\/uploads\/2008\/09\/080924-regional-11.jpg 600w\" sizes=\"(max-width: 128px) 100vw, 128px\" \/><\/a><\/p>\n<p>Etwa 50 Teilnehmer aus den Bereichen Verwaltung, Unternehmen,  Banken, Kultur, Kommunalpolitik, Wissenschaft und Soziales aus ganz Hessen  loteten Grundlagen, Erfahrungen, M\u00f6glichkeiten und Grenzen aus. F\u00fcr Thomas  Schaumberg, Vorsitzender des Vereins der hessischen Regionalforen, steht fest:  &#8220;Es gibt sicher keine allein selig machende L\u00f6sung. Aber es ist spannend zu  bewerten, welche neuen Perspektiven der Finanzierung und der Aktivierung  b\u00fcrgerschaftlichen Engagements es geben kann, wenn man die Form einer  B\u00fcrgerstiftung w\u00e4hlt.&#8221; (<span style=\"text-decoration: underline;\">Foto:<\/span> Auf dem Podium in der Pfefferh\u00f6he in Alsfeld (von links): Anne-Marie Truniger,  Verein f\u00fcr Regionalentwicklung Werra-Mei\u00dfner und gleichzeitig Vertreterin der  B\u00fcrgerstiftung Werra-Mei\u00dfner, Dr. Thomas Schulze, B\u00fcrgermeister der Stadt  Diepholz, Klaus Sch\u00fcttler vom Hessischen Ministerium f\u00fcr Umwelt, l\u00e4ndlichen Raum  und Verbraucherschutz, Dr. Burkhard K\u00fcstermann und Gudrun Lang, imkontext)<\/p>\n<p>Die veranstaltenden 24 hessischen Regionalforen und das Beratungsb\u00fcro  &#8220;imkontext&#8221; aus Fulda hatten als Motto gew\u00e4hlt: <strong>&#8220;Gemeinsam mehr erreichen &#8211;  B\u00fcrgerstiftungen im l\u00e4ndlichen Raum&#8221;.<\/strong> In Referaten und Diskussionen wurden vor  allem die rechtlich m\u00f6glichen und finanziell sinnvollen Rahmenbedingungen  ausgeleuchtet sowie Erfahrungen aus verschiedenen St\u00e4dten und Regionen  dargestellt. Doch nicht nur das &#8211; es ging auch um die Frage, wie sich denn die  ehrenamtlich t\u00e4tigen Akteure in der Arbeit und in den Entscheidungen einer  m\u00f6glichen Stiftung wiederfinden. Orientierung bietet das vom Bundesverband  Deutscher Stiftungen an B\u00fcrgerstiftungen vergebene G\u00fctesiegel. Es lehnt  beispielsweise die Dominanz durch einzelne Stifter, Parteien, Verwaltung oder  Unternehmen ab und versteht die Arbeit durch Transparenz und Beteiligung  gepr\u00e4gt.<\/p>\n<p>Die Teilnehmer des Kongresses in Alsfeld konnten sich einen  guten \u00dcberblick dar\u00fcber verschaffen, welche vielf\u00e4ltigen Modelle landauf landab  &#8220;unterwegs&#8221; sind. In gro\u00dfen St\u00e4dten sind B\u00fcrgerstiftungen seit etwa zehn Jahren  Teil einer nachhaltigen Projektkultur. In l\u00e4ndlichen Regionen beginnt man  zunehmend, sich auch mit diesen M\u00f6glichkeiten zu besch\u00e4ftigen. <span style=\"text-decoration: underline;\">Das Ziel:<\/span> dauerhaft und finanziell abgesichert eine Institution &#8220;zur Hand&#8221; zu haben, die  dem &#8220;Gemeinwohl&#8221; verl\u00e4sslich dient und die mit den bereits vereinbarten Zielen  der Regionalentwicklung &#8211; die ja in den l\u00e4ndlichen Region ohnehin ehrenamtliche  Ans\u00e4tze verfolgt (Stichwort: LEADER) &#8211; weitestgehend verzahnt agiert.<\/p>\n<p>So  muss aus Sicht von Dr. Burkhard K\u00fcstermann gew\u00e4hrleistet sein, dass neben den  aufzubauenden finanziellen Potenzialen auch das zuverl\u00e4ssige Mobilisieren und  Einbeziehen der Ideen der Akteure Grundlage der Stiftungsarbeit ist. Der  Kommunalrechtler K\u00fcstermann ist Leiter der Initiative B\u00fcrgerstiftungen im  Bundesverband Deutscher Stiftungen in Berlin. K\u00fcstermann gilt deutschlandweit  als einer &#8220;der&#8221; Experten, wenn es um das Thema B\u00fcrgerstiftungen geht.<\/p>\n<p>Gudrun  Lang, imkontext, warf in ihrem Vortrag einen Blick auf &#8220;Synergien und  Koexistenzen aber auch Konkurrenzen&#8221; zwischen B\u00fcrgerstiftungen und der  Regionalentwicklung. Kann man mit einer B\u00fcrgerstiftung B\u00fcrgerinnen und B\u00fcrgern  mit Verm\u00f6gen, die etwas &#8220;Gutes tun&#8221; wollen, etwas &#8220;bieten&#8221;, was ihren  Vorstellungen entspricht? Auch dar\u00fcber wurde in Alsfeld beraten. Nach Meinung  von Gudrun Lang gebe es, genauso wie bei der Wertsch\u00f6pfung im regionalen  Wirtschaftsprozess, durchaus auch ein Potenzial f\u00fcr Verm\u00f6gen, die dem Gemeinwohl  vor Ort gewidmet werden und damit als &#8220;Ressource in der Region&#8221; erhalten bleiben  k\u00f6nnten.<\/p>\n<p>In einer Diskussion widmete man sich der Frage, ob denn nicht am  besten die &#8220;Lokale Aktionsgruppe&#8221;, also diejenigen Akteure, die ohnedies schon  Regionalentwicklung betreiben, Initiator einer m\u00f6glichen B\u00fcrgerstiftung sein  sollten. <span style=\"text-decoration: underline;\">Ergebnis der Debatte:<\/span> Eine B\u00fcrgerstiftung kann nur auf der Grundlage einer  regionalen Identit\u00e4t aufgebaut werden. Ebenso grundlegend f\u00fcr den Aufbau und die  erfolgreiche Arbeit ist aber auch in finanzieller wie auch personeller Sicht die  Frage nach der &#8220;kritischen Masse&#8221; zu stellen.<\/p>\n<p>Um eine B\u00fcrgerstiftung auch f\u00fcr  die Zukunft handlungsf\u00e4hig zu gestalten, sollte der Stiftungszweck nicht zu  knapp gefasst werden. Und nicht zuletzt: Die Aktionsgruppe kann die Gr\u00fcnderin  sein &#8211; sie muss aber alle anderen b\u00fcrgerschaftlich Engagierten &#8220;einladen und  mitnehmen&#8221;. Zur Konkretisierung des Themas ist f\u00fcr voraussichtlich Ende des  Jahres ein Workshop &#8220;Gr\u00fcndung einer B\u00fcrgerstiftung&#8221; geplant, zu dem sich  Interessierte bei der Vogelsberg Consult unter Telefon 06631 \/ 9616-0 anmelden  k\u00f6nnen.<\/p>\n<p>N\u00e4here Informationen: <a href=\"http:\/\/www.die-deutschen-buergerstiftungen.de\/\">www.die-deutschen-buergerstiftungen.de<\/a> und <a href=\"http:\/\/www.stiftungen.org\/\">www.stiftungen.org<\/a><\/p>\n","protected":false},"excerpt":{"rendered":"<div class=\"tmnf_excerpt\"><p>Alsfeld. B\u00fcrgerschaftliches Engagement gewinnt f\u00fcr die Entwicklung l\u00e4ndlicher R\u00e4ume immer mehr an Bedeutung. K\u00f6nnte es die Wirksamkeit erh\u00f6hen, wenn dieses Engagement in einer B\u00fcrgerstiftung geb\u00fcndelt w\u00fcrde? Diese Frage haben Fachleute des Regionalmanagements vor wenigen Tagen in Alsfeld im Hotel Pfefferh\u00f6he untersucht.(Foto: Dr. Burkhard K\u00fcstermann bei seinem Vortrag zum Thema B\u00fcrgerstiftungen in Alsfeld.)<\/p>\n<\/div>","protected":false},"author":1,"featured_media":0,"comment_status":"closed","ping_status":"closed","sticky":false,"template":"","format":"standard","meta":{"footnotes":""},"categories":[1,29],"tags":[],"class_list":["post-12206","post","type-post","status-publish","format-standard","hentry","category-startseite","category-politik"],"_links":{"self":[{"href":"https:\/\/www.fuldaernachrichten.de\/index.php?rest_route=\/wp\/v2\/posts\/12206","targetHints":{"allow":["GET"]}}],"collection":[{"href":"https:\/\/www.fuldaernachrichten.de\/index.php?rest_route=\/wp\/v2\/posts"}],"about":[{"href":"https:\/\/www.fuldaernachrichten.de\/index.php?rest_route=\/wp\/v2\/types\/post"}],"author":[{"embeddable":true,"href":"https:\/\/www.fuldaernachrichten.de\/index.php?rest_route=\/wp\/v2\/users\/1"}],"replies":[{"embeddable":true,"href":"https:\/\/www.fuldaernachrichten.de\/index.php?rest_route=%2Fwp%2Fv2%2Fcomments&post=12206"}],"version-history":[{"count":0,"href":"https:\/\/www.fuldaernachrichten.de\/index.php?rest_route=\/wp\/v2\/posts\/12206\/revisions"}],"wp:attachment":[{"href":"https:\/\/www.fuldaernachrichten.de\/index.php?rest_route=%2Fwp%2Fv2%2Fmedia&parent=12206"}],"wp:term":[{"taxonomy":"category","embeddable":true,"href":"https:\/\/www.fuldaernachrichten.de\/index.php?rest_route=%2Fwp%2Fv2%2Fcategories&post=12206"},{"taxonomy":"post_tag","embeddable":true,"href":"https:\/\/www.fuldaernachrichten.de\/index.php?rest_route=%2Fwp%2Fv2%2Ftags&post=12206"}],"curies":[{"name":"wp","href":"https:\/\/api.w.org\/{rel}","templated":true}]}}