{"id":122000,"date":"2014-03-29T09:59:54","date_gmt":"2014-03-29T09:59:54","guid":{"rendered":"http:\/\/www.fuldaer-nachrichten.de\/?p=122000"},"modified":"2014-03-31T16:47:42","modified_gmt":"2014-03-31T16:47:42","slug":"neues-jugendkreuz-fuer-das-bistum-fulda-wird-beim-dioezesanen-weltjugendtag-hosanna-gesegnet-und-ausgesandt","status":"publish","type":"post","link":"https:\/\/www.fuldaernachrichten.de\/?p=122000","title":{"rendered":"Neues Jugendkreuz f\u00fcr das Bistum Fulda wird beim di\u00f6zesanen Weltjugendtag \u201eHosanna\u201c gesegnet und ausgesandt"},"content":{"rendered":"<p><a href=\"http:\/\/www.fuldaer-nachrichten.de\/wp-content\/uploads\/2014\/03\/Palmsonntag-2013.jpg\"><img fetchpriority=\"high\" decoding=\"async\" class=\"alignleft size-thumbnail wp-image-122123\" alt=\"Palmsonntag 2013\" src=\"http:\/\/www.fuldaer-nachrichten.de\/wp-content\/uploads\/2014\/03\/Palmsonntag-2013-265x215.jpg\" width=\"265\" height=\"215\" srcset=\"https:\/\/www.fuldaernachrichten.de\/wp-content\/uploads\/2014\/03\/Palmsonntag-2013-265x215.jpg 265w, https:\/\/www.fuldaernachrichten.de\/wp-content\/uploads\/2014\/03\/Palmsonntag-2013.jpg 600w\" sizes=\"(max-width: 265px) 100vw, 265px\" \/><\/a>Fulda. Am Palmsonntag, dem 13. April 2014, l\u00e4dt Bischof Heinz Josef Algermissen alle Jugendlichen zu \u201eHosanna\u201c, dem di\u00f6zesanen Weltjugendtag im Bistum Fulda ein. Der Tag am Beginn der Karwoche steht unter dem Motto \u201eIm Kreuz ist Leben!\u201c Am Nachmittag segnet Bischof Heinz Josef Algermissen ein drei Meter gro\u00dfes Holzkreuz, das zuk\u00fcnftig als neues Jugendkreuz des Bistums durch die Gemeinden ziehen und jeden Palmsonntag wieder in Fulda sein soll.<!--more--><\/p>\n<p>Passend zum Motto des Tages wird der aus den Medien bekannte Zisterzienserpater Karl Wallner zu Gast sein. Der M\u00f6nch aus der \u00f6sterreichischen Zisterzienserabtei Stift Heiligenkreuz im Wienerwald ist Rektor der dortigen philosophisch-theologischen Hochschule und Jugendseelsorger des Klosters. Er wird am Palmsonntag bei der offiziellen Er\u00f6ffnung von \u201eHosanna\u201c um 14.30 Uhr im Marianum Fulda zum Thema \u201eKreuz\u201c sprechen. Danach steht er in einem Workshop zu einem vertiefenden Gespr\u00e4ch zur Verf\u00fcgung und wird auch den Gebetsabend um 19 Uhr in der Aula des Marianums mitgestalten.<\/p>\n<p>Andrea Koob, Referentin f\u00fcr religi\u00f6se Bildung im Bisch\u00f6flichen Jugendamt, leitet das Helferteam des Tages und freut sich auf den Gast aus \u00d6sterreich sowie die Segnung des Jugendkreuzes durch Bischof Heinz Josef Algermissen. \u201eIch finde, dass sich das Thema &#8220;Kreuz&#8221; wie ein roter Faden durch den ganzen Tag zieht und es viele tolle Angebote dazu geben wird\u201c, sagt Koob.<\/p>\n<p><a href=\"http:\/\/www.fuldaer-nachrichten.de\/wp-content\/uploads\/2014\/03\/Pater-Karl-Wallner.jpg\"><img decoding=\"async\" class=\"alignleft size-thumbnail wp-image-122124\" alt=\"Pater Karl Wallner\" src=\"http:\/\/www.fuldaer-nachrichten.de\/wp-content\/uploads\/2014\/03\/Pater-Karl-Wallner-265x157.jpg\" width=\"265\" height=\"157\" srcset=\"https:\/\/www.fuldaernachrichten.de\/wp-content\/uploads\/2014\/03\/Pater-Karl-Wallner-265x157.jpg 265w, https:\/\/www.fuldaernachrichten.de\/wp-content\/uploads\/2014\/03\/Pater-Karl-Wallner.jpg 600w\" sizes=\"(max-width: 265px) 100vw, 265px\" \/><\/a>Dabei sei das Motto \u201eIm Kreuz ist Leben!\u201c f\u00fcr junge Menschen durchaus von Interesse: \u201eEs klingt im ersten Moment paradox. Das wichtige ist aber, dass Jesus nicht am Kreuz geblieben ist. Er hat das Leid und den Tod \u00fcberwunden und ist auferstanden. Daher ist das Kreuz ein Symbol der Hoffnung. Jugendliche kennen viele \u00e2\u20ac\u0161Kreuzsituationen\u00e2\u20ac\u2122 in ihrem Leben. Mit Blick auf Jesus d\u00fcrfen wir hoffen, dass diese Momente sich wandeln k\u00f6nnen und daraus Leben in F\u00fclle entsteht\u201c, so die Referentin. Daher gibt es ab 16 Uhr im Rahmen der freien Angebote eine Besuchsaktion in Krankenh\u00e4user und Altenheime, um die Hoffnung des Kreuzes auch zu anderen Menschen zu tragen. Des Weiteren k\u00f6nnen die Jugendlichen eigene kleine Holzkreuze gestalten oder in einer Meditation ihre Beziehung zu dem Glaubenssymbol neu \u00fcberdenken.<\/p>\n<p>Bereits am Vormittag sind die Jugendlichen zur Feier der Palmsonntagsliturgie mit Bischof Heinz Josef Algermissen eingeladen, die um 11.30 Uhr in der Michaelskirche mit der Palmweihe und der anschlie\u00dfenden Prozession \u00fcber den Domplatz in den Fuldaer Dom beginnt. Zuvor stimmt Bistumsjugendpfarrer Thomas Renze\u00c2\u00a0 um 11 Uhr die Jugendlichen mit einem kurzen Impuls zum Thema \u201eKreuz\u201c auf die Feier ein.<\/p>\n<p>Der Tag endete um 20.30 Uhr mit einem Theaterst\u00fcck im Zeichen des Kreuzes, das Jugendliche aus Kalbach pr\u00e4sentieren. Danach wird das neue Jugendkreuz in die erste Gemeinde im Bistum ausgesandt.<\/p>\n<p>&nbsp;<\/p>\n<p>&nbsp;<\/p>\n","protected":false},"excerpt":{"rendered":"<div class=\"tmnf_excerpt\"><p>Fulda. Am Palmsonntag, dem 13. April 2014, l\u00e4dt Bischof Heinz Josef Algermissen alle Jugendlichen zu \u201eHosanna\u201c, dem di\u00f6zesanen Weltjugendtag im Bistum Fulda ein. Der Tag am Beginn der Karwoche steht unter dem Motto \u201eIm Kreuz ist Leben!\u201c Am Nachmittag segnet Bischof Heinz Josef Algermissen ein drei Meter gro\u00dfes Holzkreuz, das zuk\u00fcnftig als neues Jugendkreuz des &hellip;<\/p>\n<\/div>","protected":false},"author":1,"featured_media":0,"comment_status":"closed","ping_status":"closed","sticky":false,"template":"","format":"standard","meta":{"footnotes":""},"categories":[1,50],"tags":[],"class_list":["post-122000","post","type-post","status-publish","format-standard","hentry","category-startseite","category-kirche"],"_links":{"self":[{"href":"https:\/\/www.fuldaernachrichten.de\/index.php?rest_route=\/wp\/v2\/posts\/122000","targetHints":{"allow":["GET"]}}],"collection":[{"href":"https:\/\/www.fuldaernachrichten.de\/index.php?rest_route=\/wp\/v2\/posts"}],"about":[{"href":"https:\/\/www.fuldaernachrichten.de\/index.php?rest_route=\/wp\/v2\/types\/post"}],"author":[{"embeddable":true,"href":"https:\/\/www.fuldaernachrichten.de\/index.php?rest_route=\/wp\/v2\/users\/1"}],"replies":[{"embeddable":true,"href":"https:\/\/www.fuldaernachrichten.de\/index.php?rest_route=%2Fwp%2Fv2%2Fcomments&post=122000"}],"version-history":[{"count":4,"href":"https:\/\/www.fuldaernachrichten.de\/index.php?rest_route=\/wp\/v2\/posts\/122000\/revisions"}],"predecessor-version":[{"id":122126,"href":"https:\/\/www.fuldaernachrichten.de\/index.php?rest_route=\/wp\/v2\/posts\/122000\/revisions\/122126"}],"wp:attachment":[{"href":"https:\/\/www.fuldaernachrichten.de\/index.php?rest_route=%2Fwp%2Fv2%2Fmedia&parent=122000"}],"wp:term":[{"taxonomy":"category","embeddable":true,"href":"https:\/\/www.fuldaernachrichten.de\/index.php?rest_route=%2Fwp%2Fv2%2Fcategories&post=122000"},{"taxonomy":"post_tag","embeddable":true,"href":"https:\/\/www.fuldaernachrichten.de\/index.php?rest_route=%2Fwp%2Fv2%2Ftags&post=122000"}],"curies":[{"name":"wp","href":"https:\/\/api.w.org\/{rel}","templated":true}]}}