{"id":121983,"date":"2014-03-29T10:01:31","date_gmt":"2014-03-29T10:01:31","guid":{"rendered":"http:\/\/www.fuldaer-nachrichten.de\/?p=121983"},"modified":"2014-03-29T10:01:31","modified_gmt":"2014-03-29T10:01:31","slug":"girls-boysday-2014-in-der-stadtverwaltung-fulda","status":"publish","type":"post","link":"https:\/\/www.fuldaernachrichten.de\/?p=121983","title":{"rendered":"Girls&#8217; &#038; Boys&#8217;Day 2014 in der Stadtverwaltung Fulda"},"content":{"rendered":"<p><a href=\"http:\/\/www.fuldaer-nachrichten.de\/wp-content\/uploads\/2014\/03\/DSC_0236.jpg\"><img decoding=\"async\" class=\"alignleft size-medium wp-image-121987\" alt=\"DSC_0236\" src=\"http:\/\/www.fuldaer-nachrichten.de\/wp-content\/uploads\/2014\/03\/DSC_0236-265x177.jpg\" width=\"265\" height=\"177\" srcset=\"https:\/\/www.fuldaernachrichten.de\/wp-content\/uploads\/2014\/03\/DSC_0236-265x177.jpg 265w, https:\/\/www.fuldaernachrichten.de\/wp-content\/uploads\/2014\/03\/DSC_0236.jpg 600w\" sizes=\"(max-width: 265px) 100vw, 265px\" \/><\/a> Fulda. Der Girls&#8217; &amp; Boys&#8217; Day bei der Stadtverwaltung Fulda fand auch in diesem Jahr wieder gro\u00dfen Anklang. Insgesamt 76 Sch\u00fclerinnen und Sch\u00fcler hatten einen Tag lang die Gelegenheit, in die unterschiedlichsten \u00c4mter im Stadtschloss und in einigen Au\u00dfenstellen \u2013 so zum Beispiel im Betriebsamt, der Stadtg\u00e4rtnerei, dem Vonderau Museum, der Feuerwehr, in Kindertagesst\u00e4tten und im Stadtplanungsamt \u2013 hinein zu schnuppern. \u201eHeute werdet Ihr sehen, welche Bandbreite an unterschiedlichen T\u00e4tigkeiten die Stadtverwaltung zu bieten hat und vielleicht schon die ein oder andere Anregung f\u00fcr Eure berufliche Orientierung bekommen\u201c, erkl\u00e4rte Oberb\u00fcrgermeister Gerhard M\u00f6ller bei der Begr\u00fc\u00dfung der M\u00e4dchen und Jungen im Kurf\u00fcrstenzimmer des Stadtschlosses. Bevor es aber in die jeweiligen \u00c4mter und Stationen ging, informierten die Auszubildenden, Sarah Ke\u00dfler und Vanessa Volmer, \u00fcber die vielf\u00e4ltigen Ausbildungsm\u00f6glichkeiten bei der Stadt und ihrem Tochterunternehmen ProCommunitas.<!--more--><\/p>\n<p>Naturschutzbeh\u00f6rde, Stadtg\u00e4rtnerei und Ordnungsamt<\/p>\n<p><a href=\"http:\/\/www.fuldaer-nachrichten.de\/wp-content\/uploads\/2014\/03\/IMG_1878.jpg\"><img fetchpriority=\"high\" decoding=\"async\" class=\"alignleft size-medium wp-image-121988\" alt=\"IMG_1878\" src=\"http:\/\/www.fuldaer-nachrichten.de\/wp-content\/uploads\/2014\/03\/IMG_1878-265x198.jpg\" width=\"265\" height=\"198\" srcset=\"https:\/\/www.fuldaernachrichten.de\/wp-content\/uploads\/2014\/03\/IMG_1878-265x198.jpg 265w, https:\/\/www.fuldaernachrichten.de\/wp-content\/uploads\/2014\/03\/IMG_1878.jpg 600w\" sizes=\"(max-width: 265px) 100vw, 265px\" \/><\/a>\u201eBesonders die Begr\u00fc\u00dfung und der herzliche Empfang durch die Auszubildenden der Stadt und auch Herrn Oberb\u00fcrgermeister waren ein guter Einstieg in den Tag. Die anschlie\u00dfende Arbeit in der Unteren Naturschutzbeh\u00f6rde war sehr abwechslungsreich. Wir hatten tolles Wetter und so waren Herr Storch und ich auch drau\u00dfen bei den Vorhaben\u201c, so Laura, die vom reichhaltigen Aufgabengebiet im Bereich des Gr\u00fcnfl\u00e4chen-, Umwelt- und Friedhofsamts beeindruckt war. In der Stadtg\u00e4rtnerei konnten Kristin, Kevin und Marco bei der Aussaat\u00c2\u00a0 helfen. Sie stutzen Petunien und richteten Dekopflanzen f\u00fcr das Schlosstheater und den F\u00fcrstensaal her. Die vielf\u00e4ltige Arbeit im Bereich Ordnungswesen bekamen die M\u00e4dels und Jungs u.a. direkt in der Stadtwache n\u00e4hergebracht. So wurden sie in die Video\u00fcberwachung eingewiesen, waren bei der Ausstellung von Bewohnerparkausweisen in der Stra\u00dfenverkehrsbeh\u00f6rde dabei\u00c2\u00a0 oder mit der Ordnungspolizei im Au\u00dfendienst unterwegs.<\/p>\n<p>Kindertagesst\u00e4tten und B\u00fcro der Stadtbaur\u00e4tin<\/p>\n<p>Weitere Sch\u00fclerinnen und Sch\u00fcler verbrachten\u00c2\u00a0 den praktischen Tag in den st\u00e4dtischen Kindertagesst\u00e4tten. Sie lernten den Ablauf in den verschiedenen Gruppen kennen, machten mit den Kindern Tischspiele und spielten mit ihnen bei herrlichem Sonnenschein drau\u00dfen. \u201eAuch bei unseren Kindern ist es immer ein gro\u00dfes Highlight, wenn Praktikanten oder auch Sch\u00fcler in der Einrichtung sind\u201c, betonte der Leiter der Kita Fantasia in Harmerz, Marco Reith.<br \/>\nEinen tollen Einblick in die Arbeit einer Dezernentin erhielt Julius im Vorzimmer von Stadtbaur\u00e4tin Cornelia Zuschke. So erfuhr er unter anderem wie viele Vorschriften und Gesetze man beachten muss, wenn man ein neues Baugebiet f\u00fcr zuk\u00fcnftige Bauwillige auf den Weg bringen m\u00f6chte.<\/p>\n<p>\u201eDie Stadtverwaltung hat sich bei Sonnenschein und warmen Wetter und durch das gro\u00dfe Engagement der jetzigen Auszubildenden als guter und gro\u00dfer Arbeitgeber pr\u00e4sentiert. Ich hege die Hoffnung, dass wir vielleicht das ein oder andere Gesicht als zuk\u00fcnftiger Auszubildender wiedersehen\u201c, so Verwaltungschef M\u00f6ller abschlie\u00dfend.<\/p>\n","protected":false},"excerpt":{"rendered":"<div class=\"tmnf_excerpt\"><p>Fulda. Der Girls&#8217; &amp; Boys&#8217; Day bei der Stadtverwaltung Fulda fand auch in diesem Jahr wieder gro\u00dfen Anklang. Insgesamt 76 Sch\u00fclerinnen und Sch\u00fcler hatten einen Tag lang die Gelegenheit, in die unterschiedlichsten \u00c4mter im Stadtschloss und in einigen Au\u00dfenstellen \u2013 so zum Beispiel im Betriebsamt, der Stadtg\u00e4rtnerei, dem Vonderau Museum, der Feuerwehr, in Kindertagesst\u00e4tten und &hellip;<\/p>\n<\/div>","protected":false},"author":1,"featured_media":0,"comment_status":"closed","ping_status":"closed","sticky":false,"template":"","format":"standard","meta":{"footnotes":""},"categories":[1,53],"tags":[],"class_list":["post-121983","post","type-post","status-publish","format-standard","hentry","category-startseite","category-bildung"],"_links":{"self":[{"href":"https:\/\/www.fuldaernachrichten.de\/index.php?rest_route=\/wp\/v2\/posts\/121983","targetHints":{"allow":["GET"]}}],"collection":[{"href":"https:\/\/www.fuldaernachrichten.de\/index.php?rest_route=\/wp\/v2\/posts"}],"about":[{"href":"https:\/\/www.fuldaernachrichten.de\/index.php?rest_route=\/wp\/v2\/types\/post"}],"author":[{"embeddable":true,"href":"https:\/\/www.fuldaernachrichten.de\/index.php?rest_route=\/wp\/v2\/users\/1"}],"replies":[{"embeddable":true,"href":"https:\/\/www.fuldaernachrichten.de\/index.php?rest_route=%2Fwp%2Fv2%2Fcomments&post=121983"}],"version-history":[{"count":2,"href":"https:\/\/www.fuldaernachrichten.de\/index.php?rest_route=\/wp\/v2\/posts\/121983\/revisions"}],"predecessor-version":[{"id":122041,"href":"https:\/\/www.fuldaernachrichten.de\/index.php?rest_route=\/wp\/v2\/posts\/121983\/revisions\/122041"}],"wp:attachment":[{"href":"https:\/\/www.fuldaernachrichten.de\/index.php?rest_route=%2Fwp%2Fv2%2Fmedia&parent=121983"}],"wp:term":[{"taxonomy":"category","embeddable":true,"href":"https:\/\/www.fuldaernachrichten.de\/index.php?rest_route=%2Fwp%2Fv2%2Fcategories&post=121983"},{"taxonomy":"post_tag","embeddable":true,"href":"https:\/\/www.fuldaernachrichten.de\/index.php?rest_route=%2Fwp%2Fv2%2Ftags&post=121983"}],"curies":[{"name":"wp","href":"https:\/\/api.w.org\/{rel}","templated":true}]}}