{"id":12188,"date":"2008-09-24T00:33:58","date_gmt":"2008-09-23T22:33:58","guid":{"rendered":"http:\/\/www.schoene-nachrichten.de\/?p=12188"},"modified":"2008-09-23T22:34:09","modified_gmt":"2008-09-23T20:34:09","slug":"neue-fahrzeughalle-soll-auf-teil-des-schulgrundstuecks-entstehen","status":"publish","type":"post","link":"https:\/\/www.fuldaernachrichten.de\/?p=12188","title":{"rendered":"Neue Fahrzeughalle soll auf Teil des Schulgrundst\u00fccks entstehen"},"content":{"rendered":"<p><a rel=\"lightbox[roadtrip]\" href=\"http:\/\/www.schoene-nachrichten.de\/wp-content\/uploads\/2008\/09\/080923-lehrerhaus.jpg\" target=\"_blank\"><img decoding=\"async\" class=\"alignnone size-thumbnail wp-image-12189\" title=\"080923-lehrerhaus\" src=\"http:\/\/www.schoene-nachrichten.de\/wp-content\/uploads\/2008\/09\/080923-lehrerhaus-128x85.jpg\" alt=\"\" hspace=\"5\" width=\"128\" height=\"85\" align=\"left\" srcset=\"https:\/\/www.fuldaernachrichten.de\/wp-content\/uploads\/2008\/09\/080923-lehrerhaus-128x85.jpg 128w, https:\/\/www.fuldaernachrichten.de\/wp-content\/uploads\/2008\/09\/080923-lehrerhaus.jpg 600w\" sizes=\"(max-width: 128px) 100vw, 128px\" \/><\/a><strong>Hosenfeld-Blankenau.<\/strong> Auf Vorschlag von Landrat Bernd Woide hat der Kreisausschuss die Entwidmung einer weiteren Teilfl\u00e4che des Schulgrundst\u00fccks in Blankenau und deren kostenlose R\u00fcck\u00fcbertragung an die Gemeinde Hosenfeld beschlossen. Auf der Fl\u00e4che soll eine Fahrzeug- und Lagerhalle der Malteser-Ortsgruppe Blankenau\/Hainzell entstehen. Au\u00dferdem sind Parkpl\u00e4tze vorgesehen. Die Ortsgruppe ist Teil der Schnellen Einsatzgruppe im Rahmen des Katastrophenschutzes und hat bereits das ehemalige Lehrerwohnhaus und eine Wiesenfl\u00e4che \u00fcberlassen bekommen, die sich ebenfalls im Kreiseigentum befanden.<!--more--><!--[if gte mso 9]><xml> Normal   0         21         false   false   false      DE   X-NONE   X-NONE                                                     MicrosoftInternetExplorer4 <\/xml><![endif]--><!--[if gte mso 9]><xml> <\/xml><![endif]--> <!--[if gte mso 10]>\n\n\n<style>\n \/* Style Definitions *\/\n table.MsoNormalTable\n\t{mso-style-name:\"Normale Tabelle\";\n\tmso-tstyle-rowband-size:0;\n\tmso-tstyle-colband-size:0;\n\tmso-style-noshow:yes;\n\tmso-style-priority:99;\n\tmso-style-qformat:yes;\n\tmso-style-parent:\"\";\n\tmso-padding-alt:0cm 5.4pt 0cm 5.4pt;\n\tmso-para-margin:0cm;\n\tmso-para-margin-bottom:.0001pt;\n\tmso-pagination:widow-orphan;\n\tfont-size:11.0pt;\n\tfont-family:\"Calibri\",\"sans-serif\";\n\tmso-ascii-font-family:Calibri;\n\tmso-ascii-theme-font:minor-latin;\n\tmso-fareast-font-family:\"Times New Roman\";\n\tmso-fareast-theme-font:minor-fareast;\n\tmso-hansi-font-family:Calibri;\n\tmso-hansi-theme-font:minor-latin;\n\tmso-bidi-font-family:\"Times New Roman\";\n\tmso-bidi-theme-font:minor-bidi;}\n<\/style>\n\n<![endif]--><\/p>\n<p>Nach Angaben von Landrat Woide wird die rund 700 Quadratmeter gro\u00dfe Fl\u00e4che von der Grundschule in Blankenau als Sportfl\u00e4che genutzt. Die Gemeinde Hosenfeld ist zur Verbesserung der Unterbringungssituation der Malteser-Ortsgruppe ihrerseits bereit, eine an den Schulhof angrenzende h\u00e4ngige Wiese zu planieren und neu einzus\u00e4en. Dort kann dann eine Ersatzsportfl\u00e4che entstehen. Die Schulleitung hat ihr Einverst\u00e4ndnis zu diesen Vorschl\u00e4gen erteilt. Die Ersatzfl\u00e4che soll nach M\u00f6glichkeit noch in 2008 geschaffen werden, obwohl eine Bebauung der derzeit zum Sport genutzten Fl\u00e4che voraussichtlich erst in 2010 geplant ist.<\/p>\n<p><strong>Sportf\u00f6rderung als Zukunftsinvestition<\/strong><\/p>\n<p>Zur Sanierung, Modernisierung und Erweiterung von Sportst\u00e4tten gew\u00e4hrte der Kreisausschuss elf Vereinen und Kommunen, die einen Antrag auf F\u00f6rderung aus dem Sonderinvestitionsprogramm des Landes Hessen \u201eSportland Hessen&#8221; gestellt hatten, Kreisbeihilfen in H\u00f6he von insgesamt 76.800 Euro. Laut Aussage des Ersten Kreisbeigeordneten Dr. Heiko Wingenfeld sei die Aufnahme in das F\u00f6rderprogramm des Landes an eine finanzielle Beteiligung des Landkreises Fulda bei den jeweiligen Ma\u00dfnahmen gekn\u00fcpft. \u201eWir arbeiten Hand in Hand mit dem Land zusammen. In den Sport investieren, hei\u00dft in die Zukunft investieren.&#8221;<\/p>\n<p>F\u00fcr 838.000 Euro wurde in der Kreisausschusssitzung der Auftrag f\u00fcr den Ausbau der K 129 zwischen der L 3176 und der Ortsdurchfahrt Hofaschenbach sowie von der Ortsdurchfahrt Hofaschenbach bis zur L 3258 an den kosteng\u00fcnstigsten Anbieter vergeben. Von den reinen Baukosten entfallen 736.000 Euro auf den Landkreis Fulda. Auf 166.000 Euro bel\u00e4uft sich der Kreisanteil beim Ausbau und der Umgestaltung der K 110 in der Ortsdurchfahrt Bimbach. Hier betragen die Gesamtkosten knapp 760.000 Euro. Auch vergab der Kreisausschuss f\u00fcr knapp 234.000 die Deckenerneuerung der K 74 zwischen B\u00fcchenberg und Rothemann.<\/p>\n<p><strong>Gr\u00fcnes Klassenzimmer auf Pausenhof<\/strong><\/p>\n<p>Ferner soll der Pausenhof der Anne-Frank-Schule in Gersfeld, der sanierungsbed\u00fcrftig und f\u00fcr die heutige Sch\u00fclerzahl zu klein ist, umgestaltet werden. F\u00fcr 38.000 Euro wird die Schulhoffl\u00e4che entsiegelt und mit einem wasserdurchl\u00e4ssigen Betonpflaster befestigt. Au\u00dferdem soll eine \u201egr\u00fcnes Klassenzimmer&#8221; errichtet und ein kleines Spielfeld angelegt werden. Mit einem bis zu 50prozentigen Zuschuss in H\u00f6he von maximal 28.000 Euro beteiligt sich der Landkreis an den Kosten f\u00fcr die Sanierung der Wernher-von-Braun-Stra\u00dfe in Neuhof, die fast ausschlie\u00dflich f\u00fcr den Schulbusverkehr zur Wernher-von-Braun-Schule genutzt wird.<\/p>\n<p>F\u00fcr die Dach- und Fassadensanierung einer denkmalgesch\u00fctzten Jugendstilvilla in Bad Salzschlirf gew\u00e4hrten die Ausschussmitglieder eine Kreisbeihilfe von 1.800 Euro. Aus der Ehrenamtsstiftung des Landkreises Fulda soll ein Projekt der Junior-Ranger in Zusammenarbeit mit dem Imkerverein Ulstertal unterst\u00fctzt werden. Nach Angaben des Ersten Kreisbeigeordneten Dr. Wingenfeld geht es darum, die Jugendlichen mit der Imkerei und ihrer Bedeutung im Naturraum Rh\u00f6n vertraut zu machen. Die Anschubfinanzierung von 800 Euro ist f\u00fcr die Anschaffung eines Bienenvolks sowie Schulungs- und Materialkosten vorgesehen.<\/p>\n","protected":false},"excerpt":{"rendered":"<div class=\"tmnf_excerpt\"><p>Hosenfeld-Blankenau. Auf Vorschlag von Landrat Bernd Woide hat der Kreisausschuss die Entwidmung einer weiteren Teilfl\u00e4che des Schulgrundst\u00fccks in Blankenau und deren kostenlose R\u00fcck\u00fcbertragung an die Gemeinde Hosenfeld beschlossen. Auf der Fl\u00e4che soll eine Fahrzeug- und Lagerhalle der Malteser-Ortsgruppe Blankenau\/Hainzell entstehen. Au\u00dferdem sind Parkpl\u00e4tze vorgesehen. Die Ortsgruppe ist Teil der Schnellen Einsatzgruppe im Rahmen des Katastrophenschutzes &hellip;<\/p>\n<\/div>","protected":false},"author":1,"featured_media":0,"comment_status":"closed","ping_status":"closed","sticky":false,"template":"","format":"standard","meta":{"footnotes":""},"categories":[1,53],"tags":[],"class_list":["post-12188","post","type-post","status-publish","format-standard","hentry","category-startseite","category-bildung"],"_links":{"self":[{"href":"https:\/\/www.fuldaernachrichten.de\/index.php?rest_route=\/wp\/v2\/posts\/12188","targetHints":{"allow":["GET"]}}],"collection":[{"href":"https:\/\/www.fuldaernachrichten.de\/index.php?rest_route=\/wp\/v2\/posts"}],"about":[{"href":"https:\/\/www.fuldaernachrichten.de\/index.php?rest_route=\/wp\/v2\/types\/post"}],"author":[{"embeddable":true,"href":"https:\/\/www.fuldaernachrichten.de\/index.php?rest_route=\/wp\/v2\/users\/1"}],"replies":[{"embeddable":true,"href":"https:\/\/www.fuldaernachrichten.de\/index.php?rest_route=%2Fwp%2Fv2%2Fcomments&post=12188"}],"version-history":[{"count":0,"href":"https:\/\/www.fuldaernachrichten.de\/index.php?rest_route=\/wp\/v2\/posts\/12188\/revisions"}],"wp:attachment":[{"href":"https:\/\/www.fuldaernachrichten.de\/index.php?rest_route=%2Fwp%2Fv2%2Fmedia&parent=12188"}],"wp:term":[{"taxonomy":"category","embeddable":true,"href":"https:\/\/www.fuldaernachrichten.de\/index.php?rest_route=%2Fwp%2Fv2%2Fcategories&post=12188"},{"taxonomy":"post_tag","embeddable":true,"href":"https:\/\/www.fuldaernachrichten.de\/index.php?rest_route=%2Fwp%2Fv2%2Ftags&post=12188"}],"curies":[{"name":"wp","href":"https:\/\/api.w.org\/{rel}","templated":true}]}}