{"id":121807,"date":"2014-03-31T05:47:08","date_gmt":"2014-03-31T05:47:08","guid":{"rendered":"http:\/\/www.fuldaer-nachrichten.de\/?p=121807"},"modified":"2014-03-31T05:47:08","modified_gmt":"2014-03-31T05:47:08","slug":"250-bundeswehrsoldaten-ueben-im-vogelsbergkreis","status":"publish","type":"post","link":"https:\/\/www.fuldaernachrichten.de\/?p=121807","title":{"rendered":"250 Bundeswehrsoldaten \u00fcben im Vogelsbergkreis"},"content":{"rendered":"<p>Vogelsbergkreis. Die Bundeswehr f\u00fchrt vom 31. M\u00e4rz bis 4. April im Raum Vogelsberg\/Gie\u00dfen eine \u00dcbung durch. Dies teilt das Kreis-Ordnungsamt in Lauterbach mit. Beteiligt sind 250 Soldaten mit 50 R\u00e4derfahrzeugen und vier Hubschraubern. Als \u00dcbungsraum-Schwerpunkte werden Lauterbach-Wernges und Laubach angegeben. Es ist angek\u00fcndigt, dass \u00dcbungsmunition zum Einsatz kommt.<\/p>\n","protected":false},"excerpt":{"rendered":"<div class=\"tmnf_excerpt\"><p>Vogelsbergkreis. Die Bundeswehr f\u00fchrt vom 31. M\u00e4rz bis 4. April im Raum Vogelsberg\/Gie\u00dfen eine \u00dcbung durch. Dies teilt das Kreis-Ordnungsamt in Lauterbach mit. Beteiligt sind 250 Soldaten mit 50 R\u00e4derfahrzeugen und vier Hubschraubern. Als \u00dcbungsraum-Schwerpunkte werden Lauterbach-Wernges und Laubach angegeben. Es ist angek\u00fcndigt, dass \u00dcbungsmunition zum Einsatz kommt.<\/p>\n<\/div>","protected":false},"author":1,"featured_media":0,"comment_status":"closed","ping_status":"closed","sticky":false,"template":"","format":"standard","meta":{"footnotes":""},"categories":[1],"tags":[],"class_list":["post-121807","post","type-post","status-publish","format-standard","hentry","category-startseite"],"_links":{"self":[{"href":"https:\/\/www.fuldaernachrichten.de\/index.php?rest_route=\/wp\/v2\/posts\/121807","targetHints":{"allow":["GET"]}}],"collection":[{"href":"https:\/\/www.fuldaernachrichten.de\/index.php?rest_route=\/wp\/v2\/posts"}],"about":[{"href":"https:\/\/www.fuldaernachrichten.de\/index.php?rest_route=\/wp\/v2\/types\/post"}],"author":[{"embeddable":true,"href":"https:\/\/www.fuldaernachrichten.de\/index.php?rest_route=\/wp\/v2\/users\/1"}],"replies":[{"embeddable":true,"href":"https:\/\/www.fuldaernachrichten.de\/index.php?rest_route=%2Fwp%2Fv2%2Fcomments&post=121807"}],"version-history":[{"count":2,"href":"https:\/\/www.fuldaernachrichten.de\/index.php?rest_route=\/wp\/v2\/posts\/121807\/revisions"}],"predecessor-version":[{"id":122064,"href":"https:\/\/www.fuldaernachrichten.de\/index.php?rest_route=\/wp\/v2\/posts\/121807\/revisions\/122064"}],"wp:attachment":[{"href":"https:\/\/www.fuldaernachrichten.de\/index.php?rest_route=%2Fwp%2Fv2%2Fmedia&parent=121807"}],"wp:term":[{"taxonomy":"category","embeddable":true,"href":"https:\/\/www.fuldaernachrichten.de\/index.php?rest_route=%2Fwp%2Fv2%2Fcategories&post=121807"},{"taxonomy":"post_tag","embeddable":true,"href":"https:\/\/www.fuldaernachrichten.de\/index.php?rest_route=%2Fwp%2Fv2%2Ftags&post=121807"}],"curies":[{"name":"wp","href":"https:\/\/api.w.org\/{rel}","templated":true}]}}