{"id":12174,"date":"2008-09-25T00:07:48","date_gmt":"2008-09-24T22:07:48","guid":{"rendered":"http:\/\/www.schoene-nachrichten.de\/?p=12174"},"modified":"2008-09-24T20:53:11","modified_gmt":"2008-09-24T18:53:11","slug":"huenfelder-freibad-schliesst-morgen","status":"publish","type":"post","link":"https:\/\/www.fuldaernachrichten.de\/?p=12174","title":{"rendered":"H\u00fcnfelder Freibad schlie\u00dft morgen"},"content":{"rendered":"<p><!--[if gte mso 9]><xml> Normal   0         21         false   false   false      DE   X-NONE   X-NONE                                                     MicrosoftInternetExplorer4 <\/xml><![endif]--><!--[if gte mso 9]><xml> <\/xml><![endif]--> <!--[if gte mso 10]>\n\n\n<style>\n \/* Style Definitions *\/\n table.MsoNormalTable\n\t{mso-style-name:\"Normale Tabelle\";\n\tmso-tstyle-rowband-size:0;\n\tmso-tstyle-colband-size:0;\n\tmso-style-noshow:yes;\n\tmso-style-priority:99;\n\tmso-style-qformat:yes;\n\tmso-style-parent:\"\";\n\tmso-padding-alt:0cm 5.4pt 0cm 5.4pt;\n\tmso-para-margin:0cm;\n\tmso-para-margin-bottom:.0001pt;\n\tmso-pagination:widow-orphan;\n\tfont-size:11.0pt;\n\tfont-family:\"Calibri\",\"sans-serif\";\n\tmso-ascii-font-family:Calibri;\n\tmso-ascii-theme-font:minor-latin;\n\tmso-fareast-font-family:\"Times New Roman\";\n\tmso-fareast-theme-font:minor-fareast;\n\tmso-hansi-font-family:Calibri;\n\tmso-hansi-theme-font:minor-latin;\n\tmso-bidi-font-family:\"Times New Roman\";\n\tmso-bidi-theme-font:minor-bidi;}\n<\/style>\n\n<![endif]--><strong>H\u00fcnfeld.<\/strong> Das H\u00fcnfelder Freibad wird am Freitag, 26. September, ab 12 Uhr, die Sommersaison abschlie\u00dfen. Die \u00d6ffnungszeit des Bades war wegen der Sanierung des Hallenbades um zwei Wochen verl\u00e4ngert worden.<!--more--><!--[if gte mso 9]><xml> Normal   0         21         false   false   false      DE   X-NONE   X-NONE                                                     MicrosoftInternetExplorer4 <\/xml><![endif]--><!--[if gte mso 9]><xml> <\/xml><![endif]--> <!--[if gte mso 10]>\n\n\n<style>\n \/* Style Definitions *\/\n table.MsoNormalTable\n\t{mso-style-name:\"Normale Tabelle\";\n\tmso-tstyle-rowband-size:0;\n\tmso-tstyle-colband-size:0;\n\tmso-style-noshow:yes;\n\tmso-style-priority:99;\n\tmso-style-qformat:yes;\n\tmso-style-parent:\"\";\n\tmso-padding-alt:0cm 5.4pt 0cm 5.4pt;\n\tmso-para-margin:0cm;\n\tmso-para-margin-bottom:.0001pt;\n\tmso-pagination:widow-orphan;\n\tfont-size:11.0pt;\n\tfont-family:\"Calibri\",\"sans-serif\";\n\tmso-ascii-font-family:Calibri;\n\tmso-ascii-theme-font:minor-latin;\n\tmso-fareast-font-family:\"Times New Roman\";\n\tmso-fareast-theme-font:minor-fareast;\n\tmso-hansi-font-family:Calibri;\n\tmso-hansi-theme-font:minor-latin;\n\tmso-bidi-font-family:\"Times New Roman\";\n\tmso-bidi-theme-font:minor-bidi;}\n<\/style>\n\n<![endif]--><\/p>\n<p>Die gegenw\u00e4rtigen Temperaturen haben allerdings daf\u00fcr gesorgt, dass nur noch sehr wenig G\u00e4ste kommen und die Energiekosten pro Tag auf \u00fcber 1 000 Euro klettern, um die Badetemperatur zu halten.<\/p>\n<p>Wie die Stadtwerke H\u00fcnfeld mitteilen, wird das H\u00fcnfelder Hallenbad voraussichtlich zum Jahreswechsel wieder zur Verf\u00fcgung stehen.<\/p>\n","protected":false},"excerpt":{"rendered":"<div class=\"tmnf_excerpt\"><p>H\u00fcnfeld. Das H\u00fcnfelder Freibad wird am Freitag, 26. September, ab 12 Uhr, die Sommersaison abschlie\u00dfen. Die \u00d6ffnungszeit des Bades war wegen der Sanierung des Hallenbades um zwei Wochen verl\u00e4ngert worden.<\/p>\n<\/div>","protected":false},"author":1,"featured_media":0,"comment_status":"closed","ping_status":"closed","sticky":false,"template":"","format":"standard","meta":{"footnotes":""},"categories":[1,46],"tags":[],"class_list":["post-12174","post","type-post","status-publish","format-standard","hentry","category-startseite","category-sport"],"_links":{"self":[{"href":"https:\/\/www.fuldaernachrichten.de\/index.php?rest_route=\/wp\/v2\/posts\/12174","targetHints":{"allow":["GET"]}}],"collection":[{"href":"https:\/\/www.fuldaernachrichten.de\/index.php?rest_route=\/wp\/v2\/posts"}],"about":[{"href":"https:\/\/www.fuldaernachrichten.de\/index.php?rest_route=\/wp\/v2\/types\/post"}],"author":[{"embeddable":true,"href":"https:\/\/www.fuldaernachrichten.de\/index.php?rest_route=\/wp\/v2\/users\/1"}],"replies":[{"embeddable":true,"href":"https:\/\/www.fuldaernachrichten.de\/index.php?rest_route=%2Fwp%2Fv2%2Fcomments&post=12174"}],"version-history":[{"count":0,"href":"https:\/\/www.fuldaernachrichten.de\/index.php?rest_route=\/wp\/v2\/posts\/12174\/revisions"}],"wp:attachment":[{"href":"https:\/\/www.fuldaernachrichten.de\/index.php?rest_route=%2Fwp%2Fv2%2Fmedia&parent=12174"}],"wp:term":[{"taxonomy":"category","embeddable":true,"href":"https:\/\/www.fuldaernachrichten.de\/index.php?rest_route=%2Fwp%2Fv2%2Fcategories&post=12174"},{"taxonomy":"post_tag","embeddable":true,"href":"https:\/\/www.fuldaernachrichten.de\/index.php?rest_route=%2Fwp%2Fv2%2Ftags&post=12174"}],"curies":[{"name":"wp","href":"https:\/\/api.w.org\/{rel}","templated":true}]}}