{"id":121686,"date":"2014-03-31T05:52:04","date_gmt":"2014-03-31T05:52:04","guid":{"rendered":"http:\/\/www.fuldaer-nachrichten.de\/?p=121686"},"modified":"2014-03-31T05:52:22","modified_gmt":"2014-03-31T05:52:22","slug":"1-fuldaer-gitarrenfruehling-2014","status":"publish","type":"post","link":"https:\/\/www.fuldaernachrichten.de\/?p=121686","title":{"rendered":"1. Fuldaer Gitarrenfr\u00fchling 2014"},"content":{"rendered":"<p><a href=\"http:\/\/www.fuldaer-nachrichten.de\/wp-content\/uploads\/2014\/03\/02a_FD_Gitarrenfruehling_Plakat_Version_MS_X3_71b3f455a4.jpg\"><img decoding=\"async\" class=\"alignleft size-medium wp-image-122070\" alt=\"02a_FD_Gitarrenfruehling_Plakat_Version_MS_X3_71b3f455a4\" src=\"http:\/\/www.fuldaer-nachrichten.de\/wp-content\/uploads\/2014\/03\/02a_FD_Gitarrenfruehling_Plakat_Version_MS_X3_71b3f455a4-187x265.jpg\" width=\"187\" height=\"265\" srcset=\"https:\/\/www.fuldaernachrichten.de\/wp-content\/uploads\/2014\/03\/02a_FD_Gitarrenfruehling_Plakat_Version_MS_X3_71b3f455a4-187x265.jpg 187w, https:\/\/www.fuldaernachrichten.de\/wp-content\/uploads\/2014\/03\/02a_FD_Gitarrenfruehling_Plakat_Version_MS_X3_71b3f455a4-265x374.jpg 265w, https:\/\/www.fuldaernachrichten.de\/wp-content\/uploads\/2014\/03\/02a_FD_Gitarrenfruehling_Plakat_Version_MS_X3_71b3f455a4-424x600.jpg 424w, https:\/\/www.fuldaernachrichten.de\/wp-content\/uploads\/2014\/03\/02a_FD_Gitarrenfruehling_Plakat_Version_MS_X3_71b3f455a4.jpg 495w\" sizes=\"(max-width: 187px) 100vw, 187px\" \/><\/a>Fulda. Wenn die Aprilsonne die ersten Knospen aus den Zweigen lockt, wird zum ersten Mal der <a href=\"http:\/\/www.fulda.de\/kultur\/musikschule\/fuldaer-gitarrenfruehling.html\" target=\"_blank\">Fuldaer Gitarrenfr\u00fchling<\/a> stattfinden. Der behagliche Marmorsaal im Stadtschloss mit seinen in warmem Rot gehaltenen W\u00e4nden, seinem historischen Keramik-Kachelofen und seiner wunderbaren Akustik ist f\u00fcr die K\u00fcnstler von Weltruf ein perfekt passender Rahmen, um dem Publikum Gitarrenmusik auf h\u00f6chstem Niveau n\u00e4her zu bringen. Drei v\u00f6llig unterschiedliche Charaktere werden in Fulda ihren ganz pers\u00f6nlichen Zugang zur Gitarre in beeindruckender Weise zeigen.<!--more--><\/p>\n<p>Xavier D\u00c3\u00adaz-Latorre haucht der spanischen Barockmusik nicht nur Leben ein, unter seinen H\u00e4nden wird sie zum Leben selbst. Rhythmisch pr\u00e4gnant, klangvoll und opulent pr\u00e4sentiert er alles andere, als verstaubte Kl\u00e4nge. Der aus Bar\u00c3\u00a7elona anreisende Solist hat f\u00fcr die Fuldaer Musikliebhaber neben seinem hochinteressanten Instrument auch eine ganze Menge katalanischen Temperaments im Gep\u00e4ck.<\/p>\n<p>Alvaro Pierri zeichnet sich durch eine unb\u00e4ndige Neugier auf jegliche Art von guter Musik aus. So ist es ganz logisch, dass ein Musiker seines Formats irgendwann auch auf die ganz gro\u00dfen Meister anderer Genres wie etwa die argentinische Tango-LegendeAstor Piazzolla oder den gefeierten kubanischen Komponisten Leo Brouwer trifft. Viele namhafte Komponisten haben f\u00fcr ihn geschrieben. Er wird v\u00f6llig zurecht in einem Atemzug mit John Williams, Julian Bream und Andr\u00e9s Segovia genannt.<\/p>\n<p>Ulli B\u00f6gershausen verk\u00f6rpert gewisserma\u00dfen einen bei Jugendlichen immer relevanter werdenden Zugang zur Musik. Gewieft und gekonnt arrangiert er Popsongs f\u00fcr die Stahlsaitengitarre und beschr\u00e4nkt sich dabei nicht auf das Podium, sondern pr\u00e4sentiert seine Arbeit auch &#8211; p\u00e4dagogisch aufbereitet &#8211; auf YouTube, womit er vor allem in Asien auf enorme Resonanz st\u00f6\u00dft. Als Produzent hat er zahllose Jazz-CDs ver\u00f6ffentlicht, sein Herz aber h\u00e4ngt nach wie vor daran, live im Konzert zu spielen und den direkten Weg ins Herz der Zuh\u00f6rer zu suchen.<\/p>\n<p>Zwei Workshops mit Xavier D\u00c3\u00adaz-Latorre und Ulli B\u00f6gershausen geben ambitionierten Gitarristen die M\u00f6glichkeit, an der k\u00fcnstlerischen Arbeit der Musiker teilzuhaben.<\/p>\n","protected":false},"excerpt":{"rendered":"<div class=\"tmnf_excerpt\"><p>Fulda. Wenn die Aprilsonne die ersten Knospen aus den Zweigen lockt, wird zum ersten Mal der Fuldaer Gitarrenfr\u00fchling stattfinden. Der behagliche Marmorsaal im Stadtschloss mit seinen in warmem Rot gehaltenen W\u00e4nden, seinem historischen Keramik-Kachelofen und seiner wunderbaren Akustik ist f\u00fcr die K\u00fcnstler von Weltruf ein perfekt passender Rahmen, um dem Publikum Gitarrenmusik auf h\u00f6chstem Niveau &hellip;<\/p>\n<\/div>","protected":false},"author":1,"featured_media":0,"comment_status":"closed","ping_status":"closed","sticky":false,"template":"","format":"standard","meta":{"footnotes":""},"categories":[1,44],"tags":[],"class_list":["post-121686","post","type-post","status-publish","format-standard","hentry","category-startseite","category-kultur"],"_links":{"self":[{"href":"https:\/\/www.fuldaernachrichten.de\/index.php?rest_route=\/wp\/v2\/posts\/121686","targetHints":{"allow":["GET"]}}],"collection":[{"href":"https:\/\/www.fuldaernachrichten.de\/index.php?rest_route=\/wp\/v2\/posts"}],"about":[{"href":"https:\/\/www.fuldaernachrichten.de\/index.php?rest_route=\/wp\/v2\/types\/post"}],"author":[{"embeddable":true,"href":"https:\/\/www.fuldaernachrichten.de\/index.php?rest_route=\/wp\/v2\/users\/1"}],"replies":[{"embeddable":true,"href":"https:\/\/www.fuldaernachrichten.de\/index.php?rest_route=%2Fwp%2Fv2%2Fcomments&post=121686"}],"version-history":[{"count":2,"href":"https:\/\/www.fuldaernachrichten.de\/index.php?rest_route=\/wp\/v2\/posts\/121686\/revisions"}],"predecessor-version":[{"id":122071,"href":"https:\/\/www.fuldaernachrichten.de\/index.php?rest_route=\/wp\/v2\/posts\/121686\/revisions\/122071"}],"wp:attachment":[{"href":"https:\/\/www.fuldaernachrichten.de\/index.php?rest_route=%2Fwp%2Fv2%2Fmedia&parent=121686"}],"wp:term":[{"taxonomy":"category","embeddable":true,"href":"https:\/\/www.fuldaernachrichten.de\/index.php?rest_route=%2Fwp%2Fv2%2Fcategories&post=121686"},{"taxonomy":"post_tag","embeddable":true,"href":"https:\/\/www.fuldaernachrichten.de\/index.php?rest_route=%2Fwp%2Fv2%2Ftags&post=121686"}],"curies":[{"name":"wp","href":"https:\/\/api.w.org\/{rel}","templated":true}]}}