{"id":12165,"date":"2008-09-24T01:06:31","date_gmt":"2008-09-23T23:06:31","guid":{"rendered":"http:\/\/www.schoene-nachrichten.de\/?p=12165"},"modified":"2008-09-23T22:36:41","modified_gmt":"2008-09-23T20:36:41","slug":"seniorenfahrt-der-marktgemeinde-burghaun-in-die-baederlandschaft-an-der-fraenkischen-saale","status":"publish","type":"post","link":"https:\/\/www.fuldaernachrichten.de\/?p=12165","title":{"rendered":"Seniorenfahrt der Marktgemeinde Burghaun in die \u201eB\u00e4derlandschaft an der fr\u00e4nkischen Saale\u201c"},"content":{"rendered":"<p><!--[if gte mso 9]><xml> Normal   0         21         false   false   false      DE   X-NONE   X-NONE                                                     MicrosoftInternetExplorer4 <\/xml><![endif]--><!--[if gte mso 9]><xml> <\/xml><![endif]--> <!--[if gte mso 10]>\n\n\n<style>\n&nbsp;\/* Style Definitions *\/\n&nbsp;table.MsoNormalTable\n&nbsp;{mso-style-name:\"Normale Tabelle\";\n&nbsp;mso-tstyle-rowband-size:0;\n&nbsp;mso-tstyle-colband-size:0;\n&nbsp;mso-style-noshow:yes;\n&nbsp;mso-style-priority:99;\n&nbsp;mso-style-qformat:yes;\n&nbsp;mso-style-parent:\"\";\n&nbsp;mso-padding-alt:0cm 5.4pt 0cm 5.4pt;\n&nbsp;mso-para-margin:0cm;\n&nbsp;mso-para-margin-bottom:.0001pt;\n&nbsp;mso-pagination:widow-orphan;\n&nbsp;font-size:11.0pt;\n&nbsp;font-family:\"Calibri\",\"sans-serif\";\n&nbsp;mso-ascii-font-family:Calibri;\n&nbsp;mso-ascii-theme-font:minor-latin;\n&nbsp;mso-fareast-font-family:\"Times New Roman\";\n&nbsp;mso-fareast-theme-font:minor-fareast;\n&nbsp;mso-hansi-font-family:Calibri;\n&nbsp;mso-hansi-theme-font:minor-latin;\n&nbsp;mso-bidi-font-family:\"Times New Roman\";\n&nbsp;mso-bidi-theme-font:minor-bidi;}\n<\/style>\n\n<![endif]--><\/p>\n<p><a rel=\"lightbox[roadtrip]\" href=\"http:\/\/www.schoene-nachrichten.de\/wp-content\/uploads\/2008\/09\/080923-senioren.jpg\" target=\"_blank\"><img decoding=\"async\" class=\"alignnone size-thumbnail wp-image-12166\" title=\"080923-senioren\" src=\"http:\/\/www.schoene-nachrichten.de\/wp-content\/uploads\/2008\/09\/080923-senioren-128x85.jpg\" alt=\"\" hspace=\"5\" width=\"128\" height=\"85\" align=\"left\" \/><\/a><strong>Burghaun. <\/strong>Die 7. Seniorenfahrt der Markgemeinde Burghaun f\u00fchrte am 19. September 2008 in die B\u00e4derlandschaft an der fr\u00e4nkischen Saale. Insgesamt 65 Personen nahmen an der diesj\u00e4hrigen Fahrt begeistert teil.<\/p>\n<p><!--more--><\/p>\n<p><!--[if gte mso 9]><xml> Normal   0         21         false   false   false      DE   X-NONE   X-NONE                                                     MicrosoftInternetExplorer4 <\/xml><![endif]--><!--[if gte mso 9]><xml> <\/xml><![endif]--> <!--[if gte mso 10]>\n\n\n<style>\n \/* Style Definitions *\/\n table.MsoNormalTable\n\t{mso-style-name:\"Normale Tabelle\";\n\tmso-tstyle-rowband-size:0;\n\tmso-tstyle-colband-size:0;\n\tmso-style-noshow:yes;\n\tmso-style-priority:99;\n\tmso-style-qformat:yes;\n\tmso-style-parent:\"\";\n\tmso-padding-alt:0cm 5.4pt 0cm 5.4pt;\n\tmso-para-margin:0cm;\n\tmso-para-margin-bottom:.0001pt;\n\tmso-pagination:widow-orphan;\n\tfont-size:11.0pt;\n\tfont-family:\"Calibri\",\"sans-serif\";\n\tmso-ascii-font-family:Calibri;\n\tmso-ascii-theme-font:minor-latin;\n\tmso-fareast-font-family:\"Times New Roman\";\n\tmso-fareast-theme-font:minor-fareast;\n\tmso-hansi-font-family:Calibri;\n\tmso-hansi-theme-font:minor-latin;\n\tmso-bidi-font-family:\"Times New Roman\";\n\tmso-bidi-theme-font:minor-bidi;}\n<\/style>\n\n<![endif]--><\/p>\n<p>Durch die unwahrscheinlich gro\u00dfe Nachfrage auf das Freizeitangebot der Marktgemeinde Burghaun f\u00fcr unsere Seniorinnen und Senioren war auch diese Seniorenfahrt binnen weniger Stunden restlos ausverkauft. B\u00fcrgermeister Alexander Hohmann freute sich \u00fcber die zahlreiche Teilnahme an der Fahrt an die fr\u00e4nkische Saale. Wie auch in den vergangenen Jahren agierte Wolfgang Christmann als Reisef\u00fchrer der Truppe.<\/p>\n<p>Zun\u00e4chst fand eine Stadtf\u00fchrung durch M\u00fcnnerstadt sowie eine Besichtigung der Magdalenenkirche statt. Bevor es weiter zum Schloss Aschach ging st\u00e4rkten sich alle Reisenden bei einem Mittagstisch im Klostergasthof Maria Bildhausen. Im Kloster wurde die Gruppe fachkundig und mit viel Herz durch Schwester Silvia \u00fcber die Geschichte des Klosters informiert.<\/p>\n<p>Im Garten von Schloss Aschbach hatte man die M\u00f6glichkeit das Anwesen ausgiebig zu besichtigen oder bei einer kleinen Kaffeepause die Seele baumeln zu lassen.<\/p>\n<p>Zum Abschluss der diesj\u00e4hrigen Seniorenfahrt kehrte die Gruppe in den gem\u00fctlichen Gasthof \u201eZum Brunnenfeger&#8221; in Liebhards ein. Der Alleinunterhalter Siggi Rex sorgte den Abend \u00fcber mit seinem Akkordeon f\u00fcr ausgelassene Stimmung bei vielen bekannten heimatlichen Melodien, die die Teilnehmer der Fahrt ohne Ausnahme zum Mitsingen bewegten.<\/p>\n<p>F\u00fcr alle Beteiligten war die diesj\u00e4hrige Seniorenfahrt wieder ein gelungenes Ereignis und f\u00fcr viele wird diese Seniorenfahrt nicht die letzte bleiben.<\/p>\n","protected":false},"excerpt":{"rendered":"<div class=\"tmnf_excerpt\"><p>Burghaun. Die 7. Seniorenfahrt der Markgemeinde Burghaun f\u00fchrte am 19. September 2008 in die B\u00e4derlandschaft an der fr\u00e4nkischen Saale. Insgesamt 65 Personen nahmen an der diesj\u00e4hrigen Fahrt begeistert teil.<\/p>\n<\/div>","protected":false},"author":1,"featured_media":0,"comment_status":"closed","ping_status":"closed","sticky":false,"template":"","format":"standard","meta":{"footnotes":""},"categories":[1],"tags":[],"class_list":["post-12165","post","type-post","status-publish","format-standard","hentry","category-startseite"],"_links":{"self":[{"href":"https:\/\/www.fuldaernachrichten.de\/index.php?rest_route=\/wp\/v2\/posts\/12165","targetHints":{"allow":["GET"]}}],"collection":[{"href":"https:\/\/www.fuldaernachrichten.de\/index.php?rest_route=\/wp\/v2\/posts"}],"about":[{"href":"https:\/\/www.fuldaernachrichten.de\/index.php?rest_route=\/wp\/v2\/types\/post"}],"author":[{"embeddable":true,"href":"https:\/\/www.fuldaernachrichten.de\/index.php?rest_route=\/wp\/v2\/users\/1"}],"replies":[{"embeddable":true,"href":"https:\/\/www.fuldaernachrichten.de\/index.php?rest_route=%2Fwp%2Fv2%2Fcomments&post=12165"}],"version-history":[{"count":0,"href":"https:\/\/www.fuldaernachrichten.de\/index.php?rest_route=\/wp\/v2\/posts\/12165\/revisions"}],"wp:attachment":[{"href":"https:\/\/www.fuldaernachrichten.de\/index.php?rest_route=%2Fwp%2Fv2%2Fmedia&parent=12165"}],"wp:term":[{"taxonomy":"category","embeddable":true,"href":"https:\/\/www.fuldaernachrichten.de\/index.php?rest_route=%2Fwp%2Fv2%2Fcategories&post=12165"},{"taxonomy":"post_tag","embeddable":true,"href":"https:\/\/www.fuldaernachrichten.de\/index.php?rest_route=%2Fwp%2Fv2%2Ftags&post=12165"}],"curies":[{"name":"wp","href":"https:\/\/api.w.org\/{rel}","templated":true}]}}