{"id":121634,"date":"2014-03-26T00:08:56","date_gmt":"2014-03-26T00:08:56","guid":{"rendered":"http:\/\/www.fuldaer-nachrichten.de\/?p=121634"},"modified":"2014-03-27T07:00:49","modified_gmt":"2014-03-27T07:00:49","slug":"weiterbildung-und-qualifizierung-im-landkreis-fulda-informationsbroschuere-erschienen","status":"publish","type":"post","link":"https:\/\/www.fuldaernachrichten.de\/?p=121634","title":{"rendered":"Weiterbildung und Qualifizierung im Landkreis Fulda &#8211; Informationsbrosch\u00fcre erschienen"},"content":{"rendered":"<p><a href=\"http:\/\/www.fuldaer-nachrichten.de\/wp-content\/uploads\/2014\/03\/128-Weiterbildung-und-Qualifizierung-im-Landkreis-Fulda-Infobrosch\u00fcre-Kreisjobcenter-e1395765635144.jpg\"><img fetchpriority=\"high\" decoding=\"async\" class=\"alignnone size-full wp-image-121635\" alt=\"128-Weiterbildung und Qualifizierung im Landkreis Fulda (Infobrosch\u00fcre Kreisjobcenter)\" src=\"http:\/\/www.fuldaer-nachrichten.de\/wp-content\/uploads\/2014\/03\/128-Weiterbildung-und-Qualifizierung-im-Landkreis-Fulda-Infobrosch\u00fcre-Kreisjobcenter-e1395765635144.jpg\" width=\"560\" height=\"420\" \/><\/a><\/p>\n<p>Fulda. Trotz aller Erfolge, die der Landkreis Fulda in den letzten Jahren bei der Bek\u00e4mpfung der Langzeitarbeitslosigkeit erzielt hat, gibt es nach wie vor Menschen, denen es schwer f\u00e4llt, auf dem Arbeitsmarkt Fu\u00df zu fassen. Ihnen gilt das besondere Bem\u00fchen, sie zu aktivieren und zu qualifizieren und auf diese Weise den Weg in die Besch\u00e4ftigung zu erleichtern.<!--more--><\/p>\n<p>Hierzu geh\u00f6rt die Herausgabe einer Informationsbrosch\u00fcre, die in Zusammenarbeit zwischen Kreisjobcenter und mediaprint infoverlag erschienen ist und einen umfassenden Einblick in die Themenbereiche Weiterbildung und Qualifizierung vermittelt. Die Brosch\u00fcre richtet sich an alle \u2013 ob junge Menschen, Familien, Alleinerziehende, Migranten, Menschen mit Behinderung oder \u00c4ltere. Dar\u00fcber hinaus sind wertvolle Informationen \u00fcber den regionalen Arbeitsmarkt und die sozialen Sicherungssysteme enthalten. Die Publikation ist ab sofort kostenlos bei den Dienststellen der Kreisverwaltung sowie in sonstigen \u00f6ffentlichen Einrichtungen erh\u00e4ltlich. Sie kann auch aus dem Internet unter <a href=\"http:\/\/www.landkreis-fulda\">www.landkreis-fulda<\/a> heruntergeladen werden.<\/p>\n<p>Nach Aussage von Landrat Bernd Woide habe sich das 2005 begonnene arbeitsmarktpolitische Experiment der Betreuung und Vermittlung von Langzeitarbeitslosen in alleiniger Verantwortung des Landkreises als einer von urspr\u00fcnglich 69 Optionskommunen bezahlt gemacht. Aufgrund ihrer pr\u00e4zisen Kenntnis der \u00f6rtlichen Strukturen und des regionalen Arbeitsmarktes sei die kommunale Ebene bestens geeignet, wirkungsvolle Hilfen aus einer Hand passgenau anzubieten. Nicht zuletzt durch das gute Zusammenspiel zwischen Verwaltung, Politik und Wirtschaft sowie funktionierende Netzwerke habe der Landkreis Fulda schon seit Jahren immer wieder die niedrigste Arbeitslosenquote in Hessen und zugleich eine best\u00e4ndig hohe Ausbildungsrate.<\/p>\n<p>F\u00fcr die Zukunft gibt Landrat Woide in seinem einleitenden Interview die Devise aus, einerseits den Anteil der Geringqualifizierten unter den Langzeitarbeitslosen durch die Fortf\u00fchrung entsprechender Projekte mit den verschiedenen Kooperationspartner weiter zu verringern und andererseits vor dem Hintergrund des demografischen Wandels s\u00e4mtliche Arbeitskraftpotentiale zu nutzen. Hierzu z\u00e4hle auch die Integration von Menschen mit Vermittlungshemmnissen auf dem Arbeitsmarkt. Zudem m\u00fcssten die Unternehmen in dem Bem\u00fchen unterst\u00fctzt werden, ihren Bedarf an Fachkr\u00e4ften in der Region zu decken. Zus\u00e4tzliche Impulse erhofft sich der Landrat vom Ausbau der Zusammenarbeit zwischen der Hochschule Fulda und der regionalen Wirtschaft.<\/p>\n","protected":false},"excerpt":{"rendered":"<div class=\"tmnf_excerpt\"><p>Fulda. Trotz aller Erfolge, die der Landkreis Fulda in den letzten Jahren bei der Bek\u00e4mpfung der Langzeitarbeitslosigkeit erzielt hat, gibt es nach wie vor Menschen, denen es schwer f\u00e4llt, auf dem Arbeitsmarkt Fu\u00df zu fassen. Ihnen gilt das besondere Bem\u00fchen, sie zu aktivieren und zu qualifizieren und auf diese Weise den Weg in die Besch\u00e4ftigung &hellip;<\/p>\n<\/div>","protected":false},"author":1,"featured_media":0,"comment_status":"closed","ping_status":"closed","sticky":false,"template":"","format":"standard","meta":{"footnotes":""},"categories":[1,53,78],"tags":[],"class_list":["post-121634","post","type-post","status-publish","format-standard","hentry","category-startseite","category-bildung","category-topthema"],"_links":{"self":[{"href":"https:\/\/www.fuldaernachrichten.de\/index.php?rest_route=\/wp\/v2\/posts\/121634","targetHints":{"allow":["GET"]}}],"collection":[{"href":"https:\/\/www.fuldaernachrichten.de\/index.php?rest_route=\/wp\/v2\/posts"}],"about":[{"href":"https:\/\/www.fuldaernachrichten.de\/index.php?rest_route=\/wp\/v2\/types\/post"}],"author":[{"embeddable":true,"href":"https:\/\/www.fuldaernachrichten.de\/index.php?rest_route=\/wp\/v2\/users\/1"}],"replies":[{"embeddable":true,"href":"https:\/\/www.fuldaernachrichten.de\/index.php?rest_route=%2Fwp%2Fv2%2Fcomments&post=121634"}],"version-history":[{"count":1,"href":"https:\/\/www.fuldaernachrichten.de\/index.php?rest_route=\/wp\/v2\/posts\/121634\/revisions"}],"predecessor-version":[{"id":121636,"href":"https:\/\/www.fuldaernachrichten.de\/index.php?rest_route=\/wp\/v2\/posts\/121634\/revisions\/121636"}],"wp:attachment":[{"href":"https:\/\/www.fuldaernachrichten.de\/index.php?rest_route=%2Fwp%2Fv2%2Fmedia&parent=121634"}],"wp:term":[{"taxonomy":"category","embeddable":true,"href":"https:\/\/www.fuldaernachrichten.de\/index.php?rest_route=%2Fwp%2Fv2%2Fcategories&post=121634"},{"taxonomy":"post_tag","embeddable":true,"href":"https:\/\/www.fuldaernachrichten.de\/index.php?rest_route=%2Fwp%2Fv2%2Ftags&post=121634"}],"curies":[{"name":"wp","href":"https:\/\/api.w.org\/{rel}","templated":true}]}}