{"id":12157,"date":"2008-09-24T01:36:06","date_gmt":"2008-09-23T23:36:06","guid":{"rendered":"http:\/\/www.schoene-nachrichten.de\/?p=12157"},"modified":"2008-09-23T22:36:26","modified_gmt":"2008-09-23T20:36:26","slug":"brauhausfest-mit-erntemarkt-zum-herbstanfang-2","status":"publish","type":"post","link":"https:\/\/www.fuldaernachrichten.de\/?p=12157","title":{"rendered":"Brauhausfest mit Erntemarkt zum Herbstanfang"},"content":{"rendered":"<p><!--[if gte mso 9]><xml> Normal   0         21         false   false   false      DE   X-NONE   X-NONE                                                     MicrosoftInternetExplorer4 <\/xml><![endif]--><!--[if gte mso 9]><xml> <\/xml><![endif]--> <!--[if gte mso 10]>\n\n\n\n<style>\n&nbsp;\/* Style Definitions *\/\n&nbsp;table.MsoNormalTable\n&nbsp;{mso-style-name:\"Normale Tabelle\";\n&nbsp;mso-tstyle-rowband-size:0;\n&nbsp;mso-tstyle-colband-size:0;\n&nbsp;mso-style-noshow:yes;\n&nbsp;mso-style-priority:99;\n&nbsp;mso-style-qformat:yes;\n&nbsp;mso-style-parent:\"\";\n&nbsp;mso-padding-alt:0cm 5.4pt 0cm 5.4pt;\n&nbsp;mso-para-margin:0cm;\n&nbsp;mso-para-margin-bottom:.0001pt;\n&nbsp;mso-pagination:widow-orphan;\n&nbsp;font-size:11.0pt;\n&nbsp;font-family:\"Calibri\",\"sans-serif\";\n&nbsp;mso-ascii-font-family:Calibri;\n&nbsp;mso-ascii-theme-font:minor-latin;\n&nbsp;mso-fareast-font-family:\"Times New Roman\";\n&nbsp;mso-fareast-theme-font:minor-fareast;\n&nbsp;mso-hansi-font-family:Calibri;\n&nbsp;mso-hansi-theme-font:minor-latin;\n&nbsp;mso-bidi-font-family:\"Times New Roman\";\n&nbsp;mso-bidi-theme-font:minor-bidi;}\n<\/style>\n\n<![endif]--><\/p>\n<p><!--[if gte mso 9]><xml> Normal   0         21         false   false   false      DE   X-NONE   X-NONE                                                     MicrosoftInternetExplorer4 <\/xml><![endif]--><!--[if gte mso 9]><xml> <\/xml><![endif]--> <!--[if gte mso 10]>\n\n\n\n<style>\n&nbsp;\/* Style Definitions *\/\n&nbsp;table.MsoNormalTable\n&nbsp;{mso-style-name:\"Normale Tabelle\";\n&nbsp;mso-tstyle-rowband-size:0;\n&nbsp;mso-tstyle-colband-size:0;\n&nbsp;mso-style-noshow:yes;\n&nbsp;mso-style-priority:99;\n&nbsp;mso-style-qformat:yes;\n&nbsp;mso-style-parent:\"\";\n&nbsp;mso-padding-alt:0cm 5.4pt 0cm 5.4pt;\n&nbsp;mso-para-margin:0cm;\n&nbsp;mso-para-margin-bottom:.0001pt;\n&nbsp;mso-pagination:widow-orphan;\n&nbsp;font-size:11.0pt;\n&nbsp;font-family:\"Calibri\",\"sans-serif\";\n&nbsp;mso-ascii-font-family:Calibri;\n&nbsp;mso-ascii-theme-font:minor-latin;\n&nbsp;mso-fareast-font-family:\"Times New Roman\";\n&nbsp;mso-fareast-theme-font:minor-fareast;\n&nbsp;mso-hansi-font-family:Calibri;\n&nbsp;mso-hansi-theme-font:minor-latin;\n&nbsp;mso-bidi-font-family:\"Times New Roman\";\n&nbsp;mso-bidi-theme-font:minor-bidi;}\n<\/style>\n\n<![endif]--><\/p>\n<p><a rel=\"lightbox[roadtrip]\" href=\"http:\/\/www.schoene-nachrichten.de\/wp-content\/uploads\/2008\/09\/080923-brau-1.jpg\" target=\"_blank\"><img decoding=\"async\" class=\"alignnone size-thumbnail wp-image-12158\" title=\"080923-brau-1\" src=\"http:\/\/www.schoene-nachrichten.de\/wp-content\/uploads\/2008\/09\/080923-brau-1-128x85.jpg\" alt=\"\" hspace=\"5\" width=\"128\" height=\"85\" align=\"left\" srcset=\"https:\/\/www.fuldaernachrichten.de\/wp-content\/uploads\/2008\/09\/080923-brau-1-128x85.jpg 128w, https:\/\/www.fuldaernachrichten.de\/wp-content\/uploads\/2008\/09\/080923-brau-1.jpg 600w\" sizes=\"(max-width: 128px) 100vw, 128px\" \/><\/a><strong>Fulda. <\/strong><!--[if gte mso 9]><xml> Normal   0         21         false   false   false      DE   X-NONE   X-NONE                                                     MicrosoftInternetExplorer4 <\/xml><![endif]--><!--[if gte mso 9]><xml> <\/xml><![endif]--> <!--[if gte mso 10]>\n\n\n\n<style>\n&nbsp;\/* Style Definitions *\/\n&nbsp;table.MsoNormalTable\n&nbsp;{mso-style-name:\"Normale Tabelle\";\n&nbsp;mso-tstyle-rowband-size:0;\n&nbsp;mso-tstyle-colband-size:0;\n&nbsp;mso-style-noshow:yes;\n&nbsp;mso-style-priority:99;\n&nbsp;mso-style-qformat:yes;\n&nbsp;mso-style-parent:\"\";\n&nbsp;mso-padding-alt:0cm 5.4pt 0cm 5.4pt;\n&nbsp;mso-para-margin:0cm;\n&nbsp;mso-para-margin-bottom:.0001pt;\n&nbsp;mso-pagination:widow-orphan;\n&nbsp;font-size:11.0pt;\n&nbsp;font-family:\"Calibri\",\"sans-serif\";\n&nbsp;mso-ascii-font-family:Calibri;\n&nbsp;mso-ascii-theme-font:minor-latin;\n&nbsp;mso-fareast-font-family:\"Times New Roman\";\n&nbsp;mso-fareast-theme-font:minor-fareast;\n&nbsp;mso-hansi-font-family:Calibri;\n&nbsp;mso-hansi-theme-font:minor-latin;\n&nbsp;mso-bidi-font-family:\"Times New Roman\";\n&nbsp;mso-bidi-theme-font:minor-bidi;}\n<\/style>\n\n<![endif]-->Die hohe Kunst des Bierbrauens wollten Gastronom Jochen Hohmann und das Team um Braumeister Thorsten Susemichel den Besuchern im Rahmen des \u201eBrauhausfestes&#8221; am vergangenen Wochenende im Hohmanns Brauhaus (HBH) am Lotterberg den Besuchern n\u00e4her bringen. Mehrere hundert Interessierte fanden den Weg in den Michelsrombacher Wald um an einer der Brauereif\u00fchrungen teilzunehmen oder gem\u00fctlich \u00fcber den \u201eRh\u00f6ner Regionalmarkt&#8221;, auf dem zahlreiche regionale Direktvermarkter vertreten waren, zu schlendern.(<span style=\"text-decoration: underline;\">Bild:<\/span> Das Brauhausfest und der \u201eRh\u00f6ner Regionalmarkt&#8221; zogen zahlreiche Aussteller und Besucher an.)<!--more--><a rel=\"lightbox[roadtrip]\" href=\"http:\/\/www.schoene-nachrichten.de\/wp-content\/uploads\/2008\/09\/080923-brau-2.jpg\" target=\"_blank\"><img decoding=\"async\" class=\"alignnone size-thumbnail wp-image-12159\" title=\"080923-brau-2\" src=\"http:\/\/www.schoene-nachrichten.de\/wp-content\/uploads\/2008\/09\/080923-brau-2-128x85.jpg\" alt=\"\" hspace=\"5\" width=\"128\" height=\"85\" align=\"left\" srcset=\"https:\/\/www.fuldaernachrichten.de\/wp-content\/uploads\/2008\/09\/080923-brau-2-128x85.jpg 128w, https:\/\/www.fuldaernachrichten.de\/wp-content\/uploads\/2008\/09\/080923-brau-2.jpg 600w\" sizes=\"(max-width: 128px) 100vw, 128px\" \/><\/a>Im M\u00e4rz dieses Jahres er\u00f6ffnete das HBH am Lotterberg seine Pforten, bereits in den Monaten zuvor war in einem Au\u00dfengeb\u00e4ude des ehemaligen \u201eWirtshaus im Michelsrombacher Wald&#8221; eine komplette Brauanlage installiert worden. \u201eViele Besucher wissen nicht, dass wir nicht nur in Fuldas Innenstadt sondern auch hier im Michelsrombacher Wald unser eigenes Bier brauen. Deswegen wollten wir nun unser Brauhaus mit einem z\u00fcnftigen Fest der \u00d6ffentlichkeit vorstellen&#8221;, erkl\u00e4rt HBH-Gesch\u00e4ftsf\u00fchrer Jochen Hohmann. (<span style=\"text-decoration: underline;\">Bild:<\/span> Auch der bekannte \u201eDruide&#8221; aus der Rh\u00f6n geh\u00f6rte zu den Ausstellern des \u201eRh\u00f6ner Regionalmarkts&#8221;.)<\/p>\n<p><a rel=\"lightbox[roadtrip]\" href=\"http:\/\/www.schoene-nachrichten.de\/wp-content\/uploads\/2008\/09\/080923-brau-3.jpg\" target=\"_blank\"><img decoding=\"async\" class=\"alignnone size-thumbnail wp-image-12160\" title=\"080923-brau-3\" src=\"http:\/\/www.schoene-nachrichten.de\/wp-content\/uploads\/2008\/09\/080923-brau-3-128x85.jpg\" alt=\"\" hspace=\"5\" width=\"128\" height=\"85\" align=\"left\" srcset=\"https:\/\/www.fuldaernachrichten.de\/wp-content\/uploads\/2008\/09\/080923-brau-3-128x85.jpg 128w, https:\/\/www.fuldaernachrichten.de\/wp-content\/uploads\/2008\/09\/080923-brau-3.jpg 600w\" sizes=\"(max-width: 128px) 100vw, 128px\" \/><\/a><\/p>\n<p><!--[if gte mso 9]><xml> Normal   0         21         false   false   false      DE   X-NONE   X-NONE                                                     MicrosoftInternetExplorer4 <\/xml><![endif]--><!--[if gte mso 9]><xml> <\/xml><![endif]--> <!--[if gte mso 10]>\n\n\n\n<style>\n&nbsp;\/* Style Definitions *\/\n&nbsp;table.MsoNormalTable\n&nbsp;{mso-style-name:\"Normale Tabelle\";\n&nbsp;mso-tstyle-rowband-size:0;\n&nbsp;mso-tstyle-colband-size:0;\n&nbsp;mso-style-noshow:yes;\n&nbsp;mso-style-priority:99;\n&nbsp;mso-style-qformat:yes;\n&nbsp;mso-style-parent:\"\";\n&nbsp;mso-padding-alt:0cm 5.4pt 0cm 5.4pt;\n&nbsp;mso-para-margin:0cm;\n&nbsp;mso-para-margin-bottom:.0001pt;\n&nbsp;mso-pagination:widow-orphan;\n&nbsp;font-size:11.0pt;\n&nbsp;font-family:\"Calibri\",\"sans-serif\";\n&nbsp;mso-ascii-font-family:Calibri;\n&nbsp;mso-ascii-theme-font:minor-latin;\n&nbsp;mso-fareast-font-family:\"Times New Roman\";\n&nbsp;mso-fareast-theme-font:minor-fareast;\n&nbsp;mso-hansi-font-family:Calibri;\n&nbsp;mso-hansi-theme-font:minor-latin;\n&nbsp;mso-bidi-font-family:\"Times New Roman\";\n&nbsp;mso-bidi-theme-font:minor-bidi;}\n<\/style>\n\n<![endif]-->Braumeister Thorsten Susemichel gab dann auf zahlreichen F\u00fchrungen die wesentlichen Details des Bierbrauens bekannt: \u201eWir haben hier eine Brauanlage mit einer Kapazit\u00e4t von 1000 Litern pro Sud und halten 200000 Liter Lagerkapazit\u00e4t vor.&#8221; So braut er mit seinem Team, bestehend aus dem Brauer Bernhard \u201eBernie&#8221; Wahl und dem Azubi Mario Faulstich nicht nur Hohmanns Hausbiere, wie das Rh\u00f6ner Landbier, das Fuldaer Kellerbier und das HBH Weizenbier, sondern regelm\u00e4\u00dfig auch Saisonbiere. In diesem Jahr wurden so bereits ein Maibock, das leichte und milde \u201eSunshine Bier&#8221;, und ein Bio-Sommerbier gebraut. (<span style=\"text-decoration: underline;\">Bild<\/span><!--[if gte mso 9]><xml> Normal   0         21         false   false   false      DE   X-NONE   X-NONE                                                     MicrosoftInternetExplorer4 <\/xml><![endif]--><!--[if gte mso 9]><xml> <\/xml><![endif]--> <!--[if gte mso 10]>\n\n\n\n<style>\n&nbsp;\/* Style Definitions *\/\n&nbsp;table.MsoNormalTable\n&nbsp;{mso-style-name:\"Normale Tabelle\";\n&nbsp;mso-tstyle-rowband-size:0;\n&nbsp;mso-tstyle-colband-size:0;\n&nbsp;mso-style-noshow:yes;\n&nbsp;mso-style-priority:99;\n&nbsp;mso-style-qformat:yes;\n&nbsp;mso-style-parent:\"\";\n&nbsp;mso-padding-alt:0cm 5.4pt 0cm 5.4pt;\n&nbsp;mso-para-margin:0cm;\n&nbsp;mso-para-margin-bottom:.0001pt;\n&nbsp;mso-pagination:widow-orphan;\n&nbsp;font-size:11.0pt;\n&nbsp;font-family:\"Calibri\",\"sans-serif\";\n&nbsp;mso-ascii-font-family:Calibri;\n&nbsp;mso-ascii-theme-font:minor-latin;\n&nbsp;mso-fareast-font-family:\"Times New Roman\";\n&nbsp;mso-fareast-theme-font:minor-fareast;\n&nbsp;mso-hansi-font-family:Calibri;\n&nbsp;mso-hansi-theme-font:minor-latin;\n&nbsp;mso-bidi-font-family:\"Times New Roman\";\n&nbsp;mso-bidi-theme-font:minor-bidi;}\n<\/style>\n\n<![endif]-->: Das Team des HBH am Lotterberg f\u00fchrte zahlreichen interessierten Besuchern die Brauanlage vor.)<\/p>\n<p><a rel=\"lightbox[roadtrip]\" href=\"http:\/\/www.schoene-nachrichten.de\/wp-content\/uploads\/2008\/09\/080923-brau-4.jpg\" target=\"_blank\"><img loading=\"lazy\" decoding=\"async\" class=\"alignnone size-thumbnail wp-image-12161\" title=\"080923-brau-4\" src=\"http:\/\/www.schoene-nachrichten.de\/wp-content\/uploads\/2008\/09\/080923-brau-4-128x85.jpg\" alt=\"\" hspace=\"5\" width=\"128\" height=\"85\" align=\"left\" srcset=\"https:\/\/www.fuldaernachrichten.de\/wp-content\/uploads\/2008\/09\/080923-brau-4-128x85.jpg 128w, https:\/\/www.fuldaernachrichten.de\/wp-content\/uploads\/2008\/09\/080923-brau-4.jpg 600w\" sizes=\"(max-width: 128px) 100vw, 128px\" \/><\/a><\/p>\n<p><!--[if gte mso 9]><xml> Normal   0         21         false   false   false      DE   X-NONE   X-NONE                                                     MicrosoftInternetExplorer4 <\/xml><![endif]--><!--[if gte mso 9]><xml> <\/xml><![endif]--> <!--[if gte mso 10]>\n\n\n\n<style>\n&nbsp;\/* Style Definitions *\/\n&nbsp;table.MsoNormalTable\n&nbsp;{mso-style-name:\"Normale Tabelle\";\n&nbsp;mso-tstyle-rowband-size:0;\n&nbsp;mso-tstyle-colband-size:0;\n&nbsp;mso-style-noshow:yes;\n&nbsp;mso-style-priority:99;\n&nbsp;mso-style-qformat:yes;\n&nbsp;mso-style-parent:\"\";\n&nbsp;mso-padding-alt:0cm 5.4pt 0cm 5.4pt;\n&nbsp;mso-para-margin:0cm;\n&nbsp;mso-para-margin-bottom:.0001pt;\n&nbsp;mso-pagination:widow-orphan;\n&nbsp;font-size:11.0pt;\n&nbsp;font-family:\"Calibri\",\"sans-serif\";\n&nbsp;mso-ascii-font-family:Calibri;\n&nbsp;mso-ascii-theme-font:minor-latin;\n&nbsp;mso-fareast-font-family:\"Times New Roman\";\n&nbsp;mso-fareast-theme-font:minor-fareast;\n&nbsp;mso-hansi-font-family:Calibri;\n&nbsp;mso-hansi-theme-font:minor-latin;\n&nbsp;mso-bidi-font-family:\"Times New Roman\";\n&nbsp;mso-bidi-theme-font:minor-bidi;}\n<\/style>\n\n<![endif]-->F\u00fcr das Brauhausfest wurde ebenfalls ein eigenes Bier gebraut sowie ein \u201eShowsud angesetzt, anhand dessen der Braumeister und sein Team die Kunst des Brauens erl\u00e4uterten: \u201eEin gutes Bier befindet sich eine Woche im G\u00e4rkeller und muss danach vier Wochen lagern. Das Brauhausfestbier, das wir f\u00fcr das heutige Fest gebraut haben, ist mild gehopft und liegt geschmacklich zwischen unserem Rh\u00f6ner und dem Kellerbier&#8221;, erkl\u00e4rt Braumeister Susemichel. (<span style=\"text-decoration: underline;\">Bild:<\/span> <!--[if gte mso 9]><xml> Normal   0         21         false   false   false      DE   X-NONE   X-NONE                                                     MicrosoftInternetExplorer4 <\/xml><![endif]--><!--[if gte mso 9]><xml> <\/xml><![endif]--> <!--[if gte mso 10]>\n\n\n\n<style>\n&nbsp;\/* Style Definitions *\/\n&nbsp;table.MsoNormalTable\n&nbsp;{mso-style-name:\"Normale Tabelle\";\n&nbsp;mso-tstyle-rowband-size:0;\n&nbsp;mso-tstyle-colband-size:0;\n&nbsp;mso-style-noshow:yes;\n&nbsp;mso-style-priority:99;\n&nbsp;mso-style-qformat:yes;\n&nbsp;mso-style-parent:\"\";\n&nbsp;mso-padding-alt:0cm 5.4pt 0cm 5.4pt;\n&nbsp;mso-para-margin:0cm;\n&nbsp;mso-para-margin-bottom:.0001pt;\n&nbsp;mso-pagination:widow-orphan;\n&nbsp;font-size:11.0pt;\n&nbsp;font-family:\"Calibri\",\"sans-serif\";\n&nbsp;mso-ascii-font-family:Calibri;\n&nbsp;mso-ascii-theme-font:minor-latin;\n&nbsp;mso-fareast-font-family:\"Times New Roman\";\n&nbsp;mso-fareast-theme-font:minor-fareast;\n&nbsp;mso-hansi-font-family:Calibri;\n&nbsp;mso-hansi-theme-font:minor-latin;\n&nbsp;mso-bidi-font-family:\"Times New Roman\";\n&nbsp;mso-bidi-theme-font:minor-bidi;}\n<\/style>\n\n<![endif]-->Dazu wurde eigens ein \u201eShowsud&#8221; angesetzt.)<\/p>\n<p><a rel=\"lightbox[roadtrip]\" href=\"http:\/\/www.schoene-nachrichten.de\/wp-content\/uploads\/2008\/09\/080923-brau-5.jpg\" target=\"_blank\"><img loading=\"lazy\" decoding=\"async\" class=\"alignnone size-thumbnail wp-image-12162\" title=\"080923-brau-5\" src=\"http:\/\/www.schoene-nachrichten.de\/wp-content\/uploads\/2008\/09\/080923-brau-5-128x85.jpg\" alt=\"\" hspace=\"5\" width=\"128\" height=\"85\" align=\"left\" srcset=\"https:\/\/www.fuldaernachrichten.de\/wp-content\/uploads\/2008\/09\/080923-brau-5-128x85.jpg 128w, https:\/\/www.fuldaernachrichten.de\/wp-content\/uploads\/2008\/09\/080923-brau-5.jpg 600w\" sizes=\"(max-width: 128px) 100vw, 128px\" \/><\/a><\/p>\n<p><!--[if gte mso 9]><xml> Normal   0         21         false   false   false      DE   X-NONE   X-NONE                                                     MicrosoftInternetExplorer4 <\/xml><![endif]--><!--[if gte mso 9]><xml> <\/xml><![endif]--> <!--[if gte mso 10]>\n\n\n\n<style>\n&nbsp;\/* Style Definitions *\/\n&nbsp;table.MsoNormalTable\n&nbsp;{mso-style-name:\"Normale Tabelle\";\n&nbsp;mso-tstyle-rowband-size:0;\n&nbsp;mso-tstyle-colband-size:0;\n&nbsp;mso-style-noshow:yes;\n&nbsp;mso-style-priority:99;\n&nbsp;mso-style-qformat:yes;\n&nbsp;mso-style-parent:\"\";\n&nbsp;mso-padding-alt:0cm 5.4pt 0cm 5.4pt;\n&nbsp;mso-para-margin:0cm;\n&nbsp;mso-para-margin-bottom:.0001pt;\n&nbsp;mso-pagination:widow-orphan;\n&nbsp;font-size:11.0pt;\n&nbsp;font-family:\"Calibri\",\"sans-serif\";\n&nbsp;mso-ascii-font-family:Calibri;\n&nbsp;mso-ascii-theme-font:minor-latin;\n&nbsp;mso-fareast-font-family:\"Times New Roman\";\n&nbsp;mso-fareast-theme-font:minor-fareast;\n&nbsp;mso-hansi-font-family:Calibri;\n&nbsp;mso-hansi-theme-font:minor-latin;\n&nbsp;mso-bidi-font-family:\"Times New Roman\";\n&nbsp;mso-bidi-theme-font:minor-bidi;}\n<\/style>\n\n<![endif]--><\/p>\n<p>Auch das Festbier f\u00fcr das HBH-Oktoberfest am ersten Oktoberwochenende sei bereits in Arbeit &#8211; und die Ideen f\u00fcr die \u201eBiersaison&#8221; 2009 werden ebenfalls bereits gesponnen. Abgerundet wurde das Brauhausfest mit 14 Ausstellern auf dem \u201eRh\u00f6ner Regionalmarkt&#8221;, der rund um das Brauhaus auf dem HBH-Gel\u00e4nde stattfand. Dabei ging es den Direktvermarktern nicht um den reinen Verkauf ihrer regionalen Produkte, sondern vor allem auch um Verbraucherinformation.(<span style=\"text-decoration: underline;\">Bild: <\/span><!--[if gte mso 9]><xml> Normal   0         21         false   false   false      DE   X-NONE   X-NONE                                                     MicrosoftInternetExplorer4 <\/xml><![endif]--><!--[if gte mso 9]><xml> <\/xml><![endif]--> <!--[if gte mso 10]>\n\n\n\n<style>\n&nbsp;\/* Style Definitions *\/\n&nbsp;table.MsoNormalTable\n&nbsp;{mso-style-name:\"Normale Tabelle\";\n&nbsp;mso-tstyle-rowband-size:0;\n&nbsp;mso-tstyle-colband-size:0;\n&nbsp;mso-style-noshow:yes;\n&nbsp;mso-style-priority:99;\n&nbsp;mso-style-qformat:yes;\n&nbsp;mso-style-parent:\"\";\n&nbsp;mso-padding-alt:0cm 5.4pt 0cm 5.4pt;\n&nbsp;mso-para-margin:0cm;\n&nbsp;mso-para-margin-bottom:.0001pt;\n&nbsp;mso-pagination:widow-orphan;\n&nbsp;font-size:11.0pt;\n&nbsp;font-family:\"Calibri\",\"sans-serif\";\n&nbsp;mso-ascii-font-family:Calibri;\n&nbsp;mso-ascii-theme-font:minor-latin;\n&nbsp;mso-fareast-font-family:\"Times New Roman\";\n&nbsp;mso-fareast-theme-font:minor-fareast;\n&nbsp;mso-hansi-font-family:Calibri;\n&nbsp;mso-hansi-theme-font:minor-latin;\n&nbsp;mso-bidi-font-family:\"Times New Roman\";\n&nbsp;mso-bidi-theme-font:minor-bidi;}\n<\/style>\n\n<![endif]-->Brauer Benhard \u201eBernie&#8221; Wahl weihte in die Kunst des Bierbrauens ein.)<\/p>\n","protected":false},"excerpt":{"rendered":"<div class=\"tmnf_excerpt\"><p>Fulda. Die hohe Kunst des Bierbrauens wollten Gastronom Jochen Hohmann und das Team um Braumeister Thorsten Susemichel den Besuchern im Rahmen des \u201eBrauhausfestes&#8221; am vergangenen Wochenende im Hohmanns Brauhaus (HBH) am Lotterberg den Besuchern n\u00e4her bringen. Mehrere hundert Interessierte fanden den Weg in den Michelsrombacher Wald um an einer der Brauereif\u00fchrungen teilzunehmen oder gem\u00fctlich \u00fcber &hellip;<\/p>\n<\/div>","protected":false},"author":1,"featured_media":0,"comment_status":"closed","ping_status":"closed","sticky":false,"template":"","format":"standard","meta":{"footnotes":""},"categories":[1,37],"tags":[],"class_list":["post-12157","post","type-post","status-publish","format-standard","hentry","category-startseite","category-essen-und-trinken"],"_links":{"self":[{"href":"https:\/\/www.fuldaernachrichten.de\/index.php?rest_route=\/wp\/v2\/posts\/12157","targetHints":{"allow":["GET"]}}],"collection":[{"href":"https:\/\/www.fuldaernachrichten.de\/index.php?rest_route=\/wp\/v2\/posts"}],"about":[{"href":"https:\/\/www.fuldaernachrichten.de\/index.php?rest_route=\/wp\/v2\/types\/post"}],"author":[{"embeddable":true,"href":"https:\/\/www.fuldaernachrichten.de\/index.php?rest_route=\/wp\/v2\/users\/1"}],"replies":[{"embeddable":true,"href":"https:\/\/www.fuldaernachrichten.de\/index.php?rest_route=%2Fwp%2Fv2%2Fcomments&post=12157"}],"version-history":[{"count":0,"href":"https:\/\/www.fuldaernachrichten.de\/index.php?rest_route=\/wp\/v2\/posts\/12157\/revisions"}],"wp:attachment":[{"href":"https:\/\/www.fuldaernachrichten.de\/index.php?rest_route=%2Fwp%2Fv2%2Fmedia&parent=12157"}],"wp:term":[{"taxonomy":"category","embeddable":true,"href":"https:\/\/www.fuldaernachrichten.de\/index.php?rest_route=%2Fwp%2Fv2%2Fcategories&post=12157"},{"taxonomy":"post_tag","embeddable":true,"href":"https:\/\/www.fuldaernachrichten.de\/index.php?rest_route=%2Fwp%2Fv2%2Ftags&post=12157"}],"curies":[{"name":"wp","href":"https:\/\/api.w.org\/{rel}","templated":true}]}}