{"id":1212,"date":"2007-01-29T01:44:12","date_gmt":"2007-01-29T00:44:12","guid":{"rendered":"http:\/\/www.schoene-nachrichten.de\/?p=1212"},"modified":"2007-01-29T13:57:52","modified_gmt":"2007-01-29T12:57:52","slug":"verstarkung-fur-%e2%80%9eschone-nachrichten%e2%80%9c-mara-maxine-ist-da","status":"publish","type":"post","link":"https:\/\/www.fuldaernachrichten.de\/?p=1212","title":{"rendered":"Verst\u00e4rkung f\u00fcr \u201eSch\u00f6ne Nachrichten\u201c: Mara Maxine ist da!"},"content":{"rendered":"<p><strong>Unsere sch\u00f6nste Nachricht.<\/strong> Die Redaktion hat sich am vergangenen Wochenende nur mit einer einzigen Nachricht besch\u00e4ftigt \u2013 der wohl sch\u00f6nsten dieses Jahres. Sie hei\u00dft Mara Maxine Heydenreich. Das Redaktionsbaby ist mit Idealma\u00dfen ausgestatten und kr\u00e4ftiger Stimme gesegnet. Ein kleines B\u00fcndel Leben, das die Welt in rasanter Geschwindigkeit ver\u00e4ndert und Priorit\u00e4ten auf Anhieb verschoben hat. Die Eltern sind stolz, gl\u00fccklich und v\u00f6llig \u00fcberm\u00fcdet.<\/p>\n<p>\u00c2\u00a0<\/p>\n<p><!--more-->Mara Maxine hat sich bereitwillig mit einem 16-j\u00e4hrigen Volontariat einverstanden erkl\u00e4rt und wird nach etwa 5-j\u00e4hriger Anlernphase erste journalistische Beitr\u00e4ge produzieren. Sollten Sie also k\u00fcnftig Rechtschreib- und andere Fehler entdecken, wenden Sie sich bitte an unsere Volont\u00e4rin.<\/p>\n<p>\u00c2\u00a0<\/p>\n<p><strong>Fotos (3):<\/strong> Papa<\/p>\n<p>\u00c2\u00a0<\/p>\n<p><a title=\"Fotos (3): Max Colin Heydenreich\" href=\"http:\/\/www.schoene-nachrichten.de\/wp-content\/uploads\/2007\/01\/070129_01.jpg\" target=\"_blank\"><img decoding=\"async\" id=\"image1213\" height=\"85\" alt=\"070129_01.jpg\" src=\"http:\/\/www.schoene-nachrichten.de\/wp-content\/uploads\/2007\/01\/070129_01.thumbnail.jpg\" \/><\/a>\u00c2\u00a0<a title=\"Fotos (3): Max Colin Heydenreich\" href=\"http:\/\/www.schoene-nachrichten.de\/wp-content\/uploads\/2007\/01\/070129_02.jpg\" target=\"_blank\"><img decoding=\"async\" id=\"image1214\" height=\"85\" alt=\"070129_02.jpg\" src=\"http:\/\/www.schoene-nachrichten.de\/wp-content\/uploads\/2007\/01\/070129_02.thumbnail.jpg\" \/><\/a>\u00c2\u00a0<a title=\"Fotos (3): Max Colin Heydenreich\" href=\"http:\/\/www.schoene-nachrichten.de\/wp-content\/uploads\/2007\/01\/070129_03.jpg\" target=\"_blank\"><img decoding=\"async\" id=\"image1215\" height=\"85\" alt=\"070129_03.jpg\" src=\"http:\/\/www.schoene-nachrichten.de\/wp-content\/uploads\/2007\/01\/070129_03.thumbnail.jpg\" \/><\/a><\/p>\n<p>\u00c2\u00a0<\/p>\n<p>Wir m\u00f6chten uns bei den Menschen, die uns in den letzten Tagen und Wochen begleitet haben, herzlich bedanken. Vor allem bei den \u00c4rzten, Hebammen und Pflegekr\u00e4ften des Herz-Jesu-Krankenhauses. Insbesondere bei Hebamme Rita Giebel, deren Versiertheit, Souver\u00e4nit\u00e4t und ruhige Gelassenheit uns die Sicherheit gab, bei der Geburt in den besten H\u00e4nden zu sein. Au\u00dferdem bei Dr. R\u00fcdiger Hacker, Chefarzt der An\u00e4sthesie, Frau Dr. Medgalchie, Assistenz\u00e4rztin der Gyn\u00e4kologie, Dr. Dietrich Mosch, Chefarzt der Gyn\u00e4kologie, seinem gesamten \u00c4rzte- und Pflegeteam sowie bei Dr. Andreas Hartung und seinen Arzthelferinnen.<\/p>\n<p>\u00c2\u00a0<\/p>\n<p>Und noch eine Alltagsweisheit zum Schluss: \u201eDie Kinder kennen weder Vergangenheit noch Zukunft, und &#8211; was uns Erwachsenen kaum passieren kann -\u00c2\u00a0 sie genie\u00dfen die Gegenwart.\u201c Jean de la Bruy\u00e8re<\/p>\n","protected":false},"excerpt":{"rendered":"<div class=\"tmnf_excerpt\"><p>Unsere sch\u00f6nste Nachricht. Die Redaktion hat sich am vergangenen Wochenende nur mit einer einzigen Nachricht besch\u00e4ftigt \u2013 der wohl sch\u00f6nsten dieses Jahres. Sie hei\u00dft Mara Maxine Heydenreich. Das Redaktionsbaby ist mit Idealma\u00dfen ausgestatten und kr\u00e4ftiger Stimme gesegnet. Ein kleines B\u00fcndel Leben, das die Welt in rasanter Geschwindigkeit ver\u00e4ndert und Priorit\u00e4ten auf Anhieb verschoben hat. Die &hellip;<\/p>\n<\/div>","protected":false},"author":1,"featured_media":0,"comment_status":"closed","ping_status":"closed","sticky":false,"template":"","format":"standard","meta":{"footnotes":""},"categories":[1,51],"tags":[],"class_list":["post-1212","post","type-post","status-publish","format-standard","hentry","category-startseite","category-medizin"],"_links":{"self":[{"href":"https:\/\/www.fuldaernachrichten.de\/index.php?rest_route=\/wp\/v2\/posts\/1212","targetHints":{"allow":["GET"]}}],"collection":[{"href":"https:\/\/www.fuldaernachrichten.de\/index.php?rest_route=\/wp\/v2\/posts"}],"about":[{"href":"https:\/\/www.fuldaernachrichten.de\/index.php?rest_route=\/wp\/v2\/types\/post"}],"author":[{"embeddable":true,"href":"https:\/\/www.fuldaernachrichten.de\/index.php?rest_route=\/wp\/v2\/users\/1"}],"replies":[{"embeddable":true,"href":"https:\/\/www.fuldaernachrichten.de\/index.php?rest_route=%2Fwp%2Fv2%2Fcomments&post=1212"}],"version-history":[{"count":0,"href":"https:\/\/www.fuldaernachrichten.de\/index.php?rest_route=\/wp\/v2\/posts\/1212\/revisions"}],"wp:attachment":[{"href":"https:\/\/www.fuldaernachrichten.de\/index.php?rest_route=%2Fwp%2Fv2%2Fmedia&parent=1212"}],"wp:term":[{"taxonomy":"category","embeddable":true,"href":"https:\/\/www.fuldaernachrichten.de\/index.php?rest_route=%2Fwp%2Fv2%2Fcategories&post=1212"},{"taxonomy":"post_tag","embeddable":true,"href":"https:\/\/www.fuldaernachrichten.de\/index.php?rest_route=%2Fwp%2Fv2%2Ftags&post=1212"}],"curies":[{"name":"wp","href":"https:\/\/api.w.org\/{rel}","templated":true}]}}