{"id":121015,"date":"2014-03-17T00:09:28","date_gmt":"2014-03-17T00:09:28","guid":{"rendered":"http:\/\/www.fuldaer-nachrichten.de\/?p=121015"},"modified":"2014-03-17T07:44:35","modified_gmt":"2014-03-17T07:44:35","slug":"siegerehrung-des-fuldaer-bewegungschecks-kinder-aus-der-region-bei-ausdauer-weit-vorne","status":"publish","type":"post","link":"https:\/\/www.fuldaernachrichten.de\/?p=121015","title":{"rendered":"Siegerehrung des Fuldaer Bewegungschecks &#8211; Kinder aus der Region bei Ausdauer weit vorne"},"content":{"rendered":"<p><a href=\"http:\/\/www.fuldaer-nachrichten.de\/wp-content\/uploads\/2014\/03\/107-Siegererhrung.jpg\"><img fetchpriority=\"high\" decoding=\"async\" class=\"alignnone size-full wp-image-121016\" alt=\"107-Siegererhrung\" src=\"http:\/\/www.fuldaer-nachrichten.de\/wp-content\/uploads\/2014\/03\/107-Siegererhrung.jpg\" width=\"560\" height=\"360\" \/><\/a><\/p>\n<p>Fulda. Der Sechs-Minuten-Lauf war die Paradedisziplin der Kinder aus dem Landkreis und der Stadt Fulda beim Bewegungs- und Talentcheck. Dort lagen sie mit ihren Ergebnissen weit \u00fcber dem Bundesdurchschnitt und schnitten auch deutlich besser als eine vergleichbare Altersgruppe aus dem chinesischen Shanghai ab.<!--more--><b> <\/b><\/p>\n<p>Als Gr\u00fcnde vermutet Professor Andreas Hohmann von der Universit\u00e4t Bayreuth, der mit seinen studentischen Hilfskr\u00e4ften den Test zur Ermittlung der sportmotorischen Leistungsf\u00e4higkeit im Grundschulalter bei \u00fcber 1.800 Zweitkl\u00e4sslern in der Region durchgef\u00fchrt hat, den naturnahen Bewegungsraum, das Freizeitverhalten der Eltern und ein intaktes Vereinswesen. Gemeinsam mit dem Ersten Kreisbeigeordneten Dr. Heiko Wingenfeld sowie Uwe Marohn von der Sparkasse Fulda und Markus Herzig von der Schwenninger Krankenkasse nahm er die Siegerehrung der sechs erfolgreichsten M\u00e4dchen und Jungen vor.<\/p>\n<p>Erster Kreisbeigeordneter Wingenfeld \u00e4u\u00dferte die Hoffnung, dass der im vergangenen Jahr zum vierten Mal in allen zweiten Klassen angebotene Bewegungscheck den Kindern vor allem Spa\u00df gemacht habe. Sie sollten sich weiterhin sportlich bet\u00e4tigen und vielleicht auch einmal eine andere Sportart ausprobieren, f\u00fcr die sie entsprechend der Empfehlungen des Bewegungschecks m\u00f6glicherweise geeigneter seien. Die Eltern bat er, den sportlichen Werdegang ihrer Kinder auch k\u00fcnftig engagiert zu begleiten. Sein besonderer Dank galt den Sponsoren f\u00fcr die finanzielle Unterst\u00fctzung.<\/p>\n<p>Professor Hohmann unterstrich, dass Fulda mit dem Bewegungscheck zur Modellregion f\u00fcr die Talentsteuerung im Leistungssport werden k\u00f6nnte. Ein \u00e4hnliches Angebot gebe es nur in wenigen Gro\u00dfst\u00e4dten. Nach wie vor landeten zu viele Kinder in der f\u00fcr sie falschen Sportart, wodurch ihre Erfolgsaussichten begrenzt seien. Es gehe aber nicht in erster Linie um eine Bestenauslese, sondern auch um die Bewegungsf\u00f6rderung bei motorischen Defiziten. Sein Appell an die Eltern: \u201eTreiben Sie mit Ihren Kindern gemeinsam Sport, schicken Sie sie zum Spielen nach drau\u00dfen und nutzen Sie die Angebote der Vereine!\u201c<\/p>\n","protected":false},"excerpt":{"rendered":"<div class=\"tmnf_excerpt\"><p>Fulda. Der Sechs-Minuten-Lauf war die Paradedisziplin der Kinder aus dem Landkreis und der Stadt Fulda beim Bewegungs- und Talentcheck. Dort lagen sie mit ihren Ergebnissen weit \u00fcber dem Bundesdurchschnitt und schnitten auch deutlich besser als eine vergleichbare Altersgruppe aus dem chinesischen Shanghai ab.<\/p>\n<\/div>","protected":false},"author":1,"featured_media":0,"comment_status":"closed","ping_status":"closed","sticky":false,"template":"","format":"standard","meta":{"footnotes":""},"categories":[1,46,78],"tags":[],"class_list":["post-121015","post","type-post","status-publish","format-standard","hentry","category-startseite","category-sport","category-topthema"],"_links":{"self":[{"href":"https:\/\/www.fuldaernachrichten.de\/index.php?rest_route=\/wp\/v2\/posts\/121015","targetHints":{"allow":["GET"]}}],"collection":[{"href":"https:\/\/www.fuldaernachrichten.de\/index.php?rest_route=\/wp\/v2\/posts"}],"about":[{"href":"https:\/\/www.fuldaernachrichten.de\/index.php?rest_route=\/wp\/v2\/types\/post"}],"author":[{"embeddable":true,"href":"https:\/\/www.fuldaernachrichten.de\/index.php?rest_route=\/wp\/v2\/users\/1"}],"replies":[{"embeddable":true,"href":"https:\/\/www.fuldaernachrichten.de\/index.php?rest_route=%2Fwp%2Fv2%2Fcomments&post=121015"}],"version-history":[{"count":1,"href":"https:\/\/www.fuldaernachrichten.de\/index.php?rest_route=\/wp\/v2\/posts\/121015\/revisions"}],"predecessor-version":[{"id":121017,"href":"https:\/\/www.fuldaernachrichten.de\/index.php?rest_route=\/wp\/v2\/posts\/121015\/revisions\/121017"}],"wp:attachment":[{"href":"https:\/\/www.fuldaernachrichten.de\/index.php?rest_route=%2Fwp%2Fv2%2Fmedia&parent=121015"}],"wp:term":[{"taxonomy":"category","embeddable":true,"href":"https:\/\/www.fuldaernachrichten.de\/index.php?rest_route=%2Fwp%2Fv2%2Fcategories&post=121015"},{"taxonomy":"post_tag","embeddable":true,"href":"https:\/\/www.fuldaernachrichten.de\/index.php?rest_route=%2Fwp%2Fv2%2Ftags&post=121015"}],"curies":[{"name":"wp","href":"https:\/\/api.w.org\/{rel}","templated":true}]}}