{"id":120608,"date":"2014-03-06T00:15:54","date_gmt":"2014-03-06T00:15:54","guid":{"rendered":"http:\/\/www.fuldaer-nachrichten.de\/?p=120608"},"modified":"2014-03-05T19:47:40","modified_gmt":"2014-03-05T19:47:40","slug":"vollversammlung-der-kreisjugendfeuerwehr-fulda-2014-in-kuenzell","status":"publish","type":"post","link":"https:\/\/www.fuldaernachrichten.de\/?p=120608","title":{"rendered":"Vollversammlung der Kreisjugendfeuerwehr Fulda 2014 in K\u00fcnzell"},"content":{"rendered":"<p><a href=\"http:\/\/www.fuldaer-nachrichten.de\/wp-content\/uploads\/2014\/03\/DSC_0120.jpg\"><img decoding=\"async\" class=\"alignleft size-medium wp-image-120609\" alt=\"DSC_0120\" src=\"http:\/\/www.fuldaer-nachrichten.de\/wp-content\/uploads\/2014\/03\/DSC_0120-265x176.jpg\" width=\"265\" height=\"176\" srcset=\"https:\/\/www.fuldaernachrichten.de\/wp-content\/uploads\/2014\/03\/DSC_0120-265x176.jpg 265w, https:\/\/www.fuldaernachrichten.de\/wp-content\/uploads\/2014\/03\/DSC_0120.jpg 600w\" sizes=\"(max-width: 265px) 100vw, 265px\" \/><\/a>K\u00fcnzell. Die Vollversammlung der Kreisjugendfeuerwehr Fulda fand am 22. Februar 2014 im Gemeindezentrum K\u00fcnzell statt. Anwesend waren 219 F\u00fchrungskr\u00e4fte aus dem gesamten Landkreis . Inhalt der Vollversammlung war der Jahresbericht des Kreisjugendfeuerwehrwartes, Neuwahl des Kreisjugendfeuerwehrausschusses, Ehrungen und Verabschiedungen, Siegerehrung zum Wettbewerb der Jugendfeuerwehr des Jahres sowie das freiwillige soziale Jahr bei der Feuerwehr.<!--more--><\/p>\n<p>Kreisjugendfeuerwehrwart Steffen Hohmann begr\u00fc\u00dfte alle Anwesenden, zahlreiche Ehrenmitglieder und G\u00e4ste. Anschlie\u00dfend \u00fcbernahm Kreisbrandmeister Michael Knoth die Versammlungsf\u00fchrung.<\/p>\n<p><a href=\"http:\/\/www.fuldaer-nachrichten.de\/wp-content\/uploads\/2014\/03\/DSC_0108.jpg\"><img decoding=\"async\" class=\"alignleft size-medium wp-image-120610\" alt=\"DSC_0108\" src=\"http:\/\/www.fuldaer-nachrichten.de\/wp-content\/uploads\/2014\/03\/DSC_0108-265x176.jpg\" width=\"265\" height=\"176\" srcset=\"https:\/\/www.fuldaernachrichten.de\/wp-content\/uploads\/2014\/03\/DSC_0108-265x176.jpg 265w, https:\/\/www.fuldaernachrichten.de\/wp-content\/uploads\/2014\/03\/DSC_0108.jpg 600w\" sizes=\"(max-width: 265px) 100vw, 265px\" \/><\/a>Anschlie\u00dfend stellte der kommissarische stellvertretende Kreisjugendfeuerwehrwart Matthias Kramlinger den Jahresbericht der Feuerwehrnachwuchsorganisation \u00c2\u00a0vor. Zum Jahresende 2013 z\u00e4hlt die Kreisjugendfeuerwehr Fulda 139 Jugendgruppen. Insgesamt sind im Landkreis Fulda 1.872 M\u00e4dchen und Jungen Mitglieder in einer Jugendfeuerwehr. Im Vergleich zum Vorjahr bedeutet das ein Minus von 42 Jugendlichen. Insgesamt 196 Mitglieder sind aus den Jugendfeuerwehren wieder ausgeschieden. In die Einsatzabteilungen sind jedoch 134 Jugendfeuerwehrangeh\u00f6rige \u00fcbernommen worden.<\/p>\n<p><a href=\"http:\/\/www.fuldaer-nachrichten.de\/wp-content\/uploads\/2014\/03\/DSC_0134.jpg\"><img decoding=\"async\" class=\"alignleft size-medium wp-image-120611\" alt=\"DSC_0134\" src=\"http:\/\/www.fuldaer-nachrichten.de\/wp-content\/uploads\/2014\/03\/DSC_0134-265x176.jpg\" width=\"265\" height=\"176\" srcset=\"https:\/\/www.fuldaernachrichten.de\/wp-content\/uploads\/2014\/03\/DSC_0134-265x176.jpg 265w, https:\/\/www.fuldaernachrichten.de\/wp-content\/uploads\/2014\/03\/DSC_0134.jpg 600w\" sizes=\"(max-width: 265px) 100vw, 265px\" \/><\/a>Hier kann die Kreisjugendfeuerwehr Fulda erfreulicherweise ein Plus von 6 Jugendlichen verzeichnen. Die Zahl der Jugendfeuerwehren mit Nachwuchssorgen erh\u00f6hte sich allerdings um 5 Gruppen auf gesamt 50 Jugendfeuerwehren. Deswegen ist es wichtig, dass die Jugendarbeit in den Feuerwehren unterst\u00fctzt wird und somit m\u00f6chte die Kreisjugendfeuerwehr Fulda mit der Aktion &#8220;Partner der Jugendfeuerwehr&#8221; die Arbeitgeber insbesondere f\u00fcr die Zusammenarbeit im Rahmen der Jugendarbeit in der Feuerwehr analog zu der bereits bestehenden Aktion des Deutschen Feuerwehrverbandes &#8220;Partner in der Feuerwehr&#8221; auszeichnen. Denn ohne diesen R\u00fcckhalt funktioniert die Arbeit in der Jugendfeuerwehr nicht. Die Kreisjugendfeuerwehr Fulda konnte auch im Jahr 2013 wieder auf viele erfolgreiche Veranstaltungen zur\u00fcckblicken.<\/p>\n<p><a href=\"http:\/\/www.fuldaer-nachrichten.de\/wp-content\/uploads\/2014\/03\/DSC_0122.jpg\"><img loading=\"lazy\" decoding=\"async\" class=\"alignleft size-medium wp-image-120612\" alt=\"DSC_0122\" src=\"http:\/\/www.fuldaer-nachrichten.de\/wp-content\/uploads\/2014\/03\/DSC_0122-265x176.jpg\" width=\"265\" height=\"176\" srcset=\"https:\/\/www.fuldaernachrichten.de\/wp-content\/uploads\/2014\/03\/DSC_0122-265x176.jpg 265w, https:\/\/www.fuldaernachrichten.de\/wp-content\/uploads\/2014\/03\/DSC_0122.jpg 600w\" sizes=\"(max-width: 265px) 100vw, 265px\" \/><\/a>Zu diesen Veranstaltungen z\u00e4hlte das 39. Tischtennisturnier in\u00c2\u00a0 K\u00fcnzell an der 54 Mannschaften mit 460 Spielern gegeneinander antraten. \u00c2\u00a0Die 13. europ\u00e4ische Leitmesse Rettung und Mobilit\u00e4t -RETTmobil- in Fulda,\u00c2\u00a0 der Bundeswettbewerb der Deutschen Jugendfeuerwehr auf Kreisebene in Tann (Rh\u00f6n) mit insgesamt 43 teilnehmenden Mannschaften, der Kreisjugendfeuerwehrtag in Tann (Rh\u00f6n) mit der l\u00e4ngsten Spielstra\u00dfe im Kreis Fulda, das 45. Kreisjugendfeuerwehrzeltlager zu Beginn der Sommerferien in Ebersburg-Thalau, die Fahrt nach Kroatien zu den Partnerfeuerwehren Halubjan und Zlobin vom 26. Juli bis 06. August, die Leistungsspange der Deutschen Jugendfeuerwehr in Eichenzell-Rothemann mit insgesamt 112 Jugendlichen, die Jugendflamme der Deutschen Jugendfeuerwehr in den Stufen 2 und 3 in Bad Salzschlirf mit insgesamt 85 teilnehmenden Jugendlichen.<\/p>\n<p><a href=\"http:\/\/www.fuldaer-nachrichten.de\/wp-content\/uploads\/2014\/03\/DSC_0020.jpg\"><img loading=\"lazy\" decoding=\"async\" class=\"alignleft size-medium wp-image-120613\" alt=\"DSC_0020\" src=\"http:\/\/www.fuldaer-nachrichten.de\/wp-content\/uploads\/2014\/03\/DSC_0020-265x176.jpg\" width=\"265\" height=\"176\" srcset=\"https:\/\/www.fuldaernachrichten.de\/wp-content\/uploads\/2014\/03\/DSC_0020-265x176.jpg 265w, https:\/\/www.fuldaernachrichten.de\/wp-content\/uploads\/2014\/03\/DSC_0020.jpg 600w\" sizes=\"(max-width: 265px) 100vw, 265px\" \/><\/a>Zus\u00e4tzlich wurden wieder 10 Aus- und Weiterbildungsveranstaltungen f\u00fcr die Jugendfeuerwehrwarte, Jugendgruppenleiter, Betreuer und Jugendliche durchgef\u00fchrt. Neu ins Programm wurde ein Seminar \u201ePower Yoga\u201c und eine Schulung f\u00fcr die Verwaltung der Jugendfeuerwehr in einer Datenbank aufgenommen. Die Verbandseigene Zeitung \u201eFl\u00fcstert\u00fcte\u201c wurde in 2 Ausgaben aufgelegt. Das sogenannte Jugendforum fand unter dem Motto \u201eKaum geh\u00f6rt, wenig integriert, schlecht informiert\u201c im Feuerwehrhaus in Gersfeld-Hettenhausen statt. Hierzu kamen 12 Jugendliche, die mit dem Team \u2013 JUFO und dem B\u00fcrgermeister der Stadt Gersfeld verschiedene Fragen zum Thema Demokratie aufarbeiteten. \u00dcber die Haushaltslage berichtete der Kassierer Julian Mauchel.<\/p>\n<p><b><a href=\"http:\/\/www.fuldaer-nachrichten.de\/wp-content\/uploads\/2014\/03\/DSC_0031.jpg\"><img loading=\"lazy\" decoding=\"async\" class=\"alignleft size-medium wp-image-120614\" alt=\"DSC_0031\" src=\"http:\/\/www.fuldaer-nachrichten.de\/wp-content\/uploads\/2014\/03\/DSC_0031-265x176.jpg\" width=\"265\" height=\"176\" srcset=\"https:\/\/www.fuldaernachrichten.de\/wp-content\/uploads\/2014\/03\/DSC_0031-265x176.jpg 265w, https:\/\/www.fuldaernachrichten.de\/wp-content\/uploads\/2014\/03\/DSC_0031.jpg 600w\" sizes=\"(max-width: 265px) 100vw, 265px\" \/><\/a>Neuwahl des Kreisjugendfeuerwehrausschuss<\/b><\/p>\n<p>Hiernach wurde der\u00c2\u00a0 Kreisjugendfeuerwehrausschuss wie folgt gew\u00e4hlt:<\/p>\n<ul>\n<li>Kreisjugendfeuerwehrwart: Steffen Hohmann, Burghaun Stellvertretender Kreisjugendfeuerwehrwart: Matthias Kramlinger, Bad Salzschlirf<\/li>\n<li>Schriftf\u00fchrerin: Helena Jobst, Hosenfeld-Jossa<\/li>\n<li>Kassenwart: Julian Mauchel, Petersberg-Marbach<\/li>\n<li>Fachbereichsleiter Gro\u00dfveranstaltungen: Julian H\u00fcfner, H\u00fcnfeld-Mackenzell und Pascal M\u00f6ller, Eiterfeld-Leibolz<\/li>\n<li>Fachbereichsleiterin Wettbewerbe, Leistungsspange und Wertungsrichter: Juliane Braun, Gersfeld-Hettenhausen<\/li>\n<li>Fachbereichsleiter Jugendforum: \u00c2\u00a0unbesetzt<br \/>\nKreisjugendsprecher: Fabian Sch\u00fcler, Bad Salzschlirf<\/li>\n<li>Fachbereichsleiterin \u00d6ffentlichkeitsarbeit: Ramona Schwendner, Petersberg-Steinau<br \/>\nFachbereichsleiter Aus-, Fort- und Weiterbildung: unbesetzt<\/li>\n<\/ul>\n<p><b><a href=\"http:\/\/www.fuldaer-nachrichten.de\/wp-content\/uploads\/2014\/03\/DSC_0091.jpg\"><img loading=\"lazy\" decoding=\"async\" class=\"alignleft size-medium wp-image-120615\" alt=\"DSC_0091\" src=\"http:\/\/www.fuldaer-nachrichten.de\/wp-content\/uploads\/2014\/03\/DSC_0091-265x176.jpg\" width=\"265\" height=\"176\" srcset=\"https:\/\/www.fuldaernachrichten.de\/wp-content\/uploads\/2014\/03\/DSC_0091-265x176.jpg 265w, https:\/\/www.fuldaernachrichten.de\/wp-content\/uploads\/2014\/03\/DSC_0091.jpg 600w\" sizes=\"(max-width: 265px) 100vw, 265px\" \/><\/a>Ehrungen und Verabschiedungen<\/b><\/p>\n<p>Verabschiedet wurde aus dem Gremium Annika Mauchel, FBL Wettbewerbe seit 2010, Michaela M\u00f6ller, Schriftf\u00fchrerin seit 2012, Daniel Heil, FBL Gro\u00dfveranstaltung seit 2011 und Frank Lattermann FBL Aus- und Weiterbildung seit 2013. Alle bekamen f\u00fcr ihre geleistete ehrenamtliche T\u00e4tigkeit ein Geschenk \u00fcberreicht.<\/p>\n<p>F\u00fcr die hervorragend geleistete Jugendarbeit in den Jugendfeuerwehren des Landkreises Fulda\u00c2\u00a0\u00c2\u00a0wurde \u00c2\u00a0Melanie Medler aus Fulda-Harmerz mit der Florianmedaille der Hessischen Jugendfeuerwehr in Silber\u00c2\u00a0 geehrt. Die Ehrennadel der Kreisjugendfeuerwehr Fulda in \u201eSilber\u201c bekam Roland Hillenbrand aus Flieden-Buchenrod \u00fcberreicht.<\/p>\n<p><b>Motivationswettbewerb <\/b><\/p>\n<p>Bei dem sogenannten Motivationswettbewerb, der \u00fcber das gesamte Jahr durchgef\u00fchrt wird, sammeln die Gruppen Bonuspunkte f\u00fcr\u00c2\u00a0die Teilnahme an Veranstaltungen auf Kreis- und Gemeindeebene. Diese werden mit Stempeln auf einem Ausweis vermerkt. Die Durchf\u00fchrungen von kulturellen und sozialen Aktivit\u00e4ten im eigenen Ort werden mit Zusatzpunkten belohnt. Auch die Mitglieder werden bewertet. So z\u00e4hlen die weiblichen Mitglieder im F\u00fchrungsteam, Mitglieder mit Migrationshintergrund oder Handicap. Eine aktive Mitgliederwerbung mit \u00d6ffentlichkeitsarbeit oder die Ausrichtung von Veranstaltungen der Kreisjugendfeuerwehr sind ebenfalls von gro\u00dfem Vorteil.<\/p>\n<p>In dem vergangenen Wettbewerbsjahr haben gesamt 11 Jugendfeuerwehren am Motivationswettbewerb der Kreisjugendfeuerwehr Fulda teilgenommen.<\/p>\n<p>Der Gewinn des ersten Platzes, der an H\u00fcnfeld-Mackenzell\/Molzbach ging, ist ein Rundflug mit einem Motorsegelflugzeug von der Wasserkuppe aus und wurde vom Landkreis Fulda gesponsert. Platz zwei, eine Kanutour auf der Fulda wurde durch die Fa. Rh\u00f6n Adventures aus Fulda gespendet und ging an die Jugendfeuerwehr Bad Salzschlirf. Den dritten Platz erreichte die Gruppe\u00c2\u00a0 aus Flieden-Buchenrod, die die Besichtigung eines Kraftwerks von unserem regionalen Stromanbieters \u201eRh\u00f6n Energie\u201c gewonnen haben.<\/p>\n<p><b>Gru\u00dfworte der G\u00e4ste<\/b><\/p>\n<p>Erster Kreisbeigeordneter Dr. Heiko Wingenfeld dankte f\u00fcr die Einladung und sagte, dass die Feuerwehren das gr\u00f6\u00dfte Vertrauen genie\u00dfen, da die Feuerwehren 24 Stunden, rund um die Uhr, helfen. Er betonte, dass der Landkreis Fulda gerne die Jugendfeuerwehr unterst\u00fctzt und das ehrenamtliches Engagement gebraucht wird, selbst dann, wenn die Mitlgliedszahlen sinken. Anschlie\u00dfend \u00fcberbrachte er Gr\u00fc\u00dfe von Bernd Woide, der leider nicht anwesend sein konnte und \u00fcberreichte der Kreisjugendfeuerwehr Fulda einen Scheck \u00fcber 300 Euro im Auftrag der SV Sparkassenversicherung.<\/p>\n<p>Stellvertretender Kreisbrandinspektor (stv. KBI) Bernd Sch\u00e4del \u00fcberbrachte Gr\u00fc\u00dfe der Kreisbrandmeister und der Brandschutzaufsicht. Zwei wichtige Themen hat er angesprochen. Zum Einen, dass der \u00dcbergang von der Jugendfeuerwehr in die Einsatzabteilung sehr schwierig ist und aus diesem Grund die \u00dcbergangsgruppe sehr wichtig ist, mit der die Kreisjugendfeuerwehr Fulda zusammen mit dem Kreisfeuerwehrverband den 3. Platz beim Hessischen Feuerwehrpreis bekommen hat. Man soll den Virus Jugendfeuerwehr weiter einpflanzen. Zudem ist die Arbeit zwischen Jugendfeuerwehrwart und Wehrf\u00fchrung sehr wichtig. Der zweite wichtige Punkt ist das Bundeskinderschutzgesetz, mit dem die Kindeswohlgef\u00e4hrdung verringert werden soll. Momentan wird daran gearbeitet, eine pragmatische L\u00f6sung zu finden, denn in jeder Feuerwehr muss ein Ansprechpartner f\u00fcr dieses Thema gefunden werden.<\/p>\n<p>Der erste Vorsitzende des Kreisfeuerwehrverbandes Lothar Mihm \u00fcberbrachte Gr\u00fc\u00dfe vom Erwachsenenverband. Die Feuerwehr ist immer da, wenn sie gebraucht wird, deshalb ist eine spezielle F\u00f6rderung wichtig, denn es ist nicht selbstverst\u00e4ndlich \u00c4mter zu \u00fcbernehmen. Ein Ehrenamt ist ein wichtiger Baustein und deswegen dankte er allen Jugendfeuerwehren und Jugendfeuerwehrwarten f\u00fcr die geleistete Arbeit. Er gratulierte den Jugendfeuerwehren des Jahres und dankte Steffen Hohmann und dem kompletten Kreisjugendfeuerwehrausschuss.<\/p>\n<p>Michael Kittel, stellvertretender Landesjugendfeuerwehrwart, bedankte sich f\u00fcr die geleistete Arbeit in Fulda. Er erz\u00e4hlte, dass der Mitgliederschwund nicht nur in Fulda, sondern auch in der Landesjugendfeuerwehr Bestand hat. Er dankte den Neugew\u00e4hlten und w\u00fcnscht f\u00fcr die Zukunft viel Erfolg. Au\u00dferdem gratulierte er den Kreisjugendfeuerwehren Fulda, Hersfeld-Rotenburg und Vogelsberg zur Feuerwehr des Monats und lobte die gute Zusammenarbeit \u00fcber die Landesgrenzen hinaus. In diesem Zug verwies er noch auf das 50-j\u00e4hrige Jubil\u00e4um der Hessischen Jugendfeuerwehr im Mai in Marburg-Cappel und w\u00fcnschte anschlie\u00dfend alles Gute f\u00fcr die Zukunft.<\/p>\n<p>B\u00fcrgermeister Peter Meinecke betonte, dass die Jugendfeuerwehr eine wichtige S\u00e4ule in der Feuerwehr ist und er sehr stolz sei, dass die Vollversammlung in K\u00fcnzell stattfindet. Es ist sehr traurig, dass die Mitgliederzahlen zur\u00fcckgehen und immer weniger Jugendliche in die Einsatzabteilung wechseln. Der Beruf des Feuerwehrmannes ist dennoch einer der angesehensten Berufe in Deutschland.<\/p>\n<p>Der Stellvertretender Gemeindebrandinspektor Wolfgang Vogler aus K\u00fcnzell \u00fcberbrachte die herzlichsten Gr\u00fc\u00dfe der Feuerwehren der Gemeinde K\u00fcnzell. Er erz\u00e4hlte, dass es so viele Gr\u00fcnde f\u00fcr den Eintritt in die Feuerwehr gebe und w\u00fcnscht sich in diesem Zuge, dass die Jugendlichen weiter so engagiert bleiben und dankte an dieser Stelle nochmal allen Betreuern und dem Kreisjugendfeuerwehrausschuss f\u00fcr ihre Arbeit.<\/p>\n<p><b>Freiwilliges Soziales Jahr (FSJ) in der Feuerwehr<\/b><\/p>\n<p>Der Landkreis Fulda wird f\u00fcr die Kreisjugendfeuerwehr Fulda wieder eine Stelle f\u00fcr das Freiwillige Soziale Jahr in der (Jugend)Feuerwehr\u00c2\u00a0 \u00c2\u00a0f\u00fcr das Jahr 2014\/2015 anbieten. Informationen hierzu gibt es auf den Internetseiten\u00c2\u00a0 des Landkreises Fulda, www.Landkreis-Fulda.de oder\u00c2\u00a0 der Kreisjugendfeuerwehr Fulda, <a href=\"http:\/\/www.KJF-Fulda.org\">www.KJF-Fulda.org<\/a> \u00c2\u00a0. Der Bewerbungsschluss ist am 15. April 2014 beim Fachdienst Personal und Organisation des Landkreises Fulda.<\/p>\n<div>\n<p>Nachfolgend die Platzierung der Jugendfeuerwehren beim Motivationswettbewerb 2013 :<\/p>\n<\/div>\n<div>\n<ol>\n<li>H\u00fcnfeld-Mackenzell\/Molzbach &#8211; 2575 Punkte<\/li>\n<li>Bad Salzschlirf &#8211; 2075 Punkte<\/li>\n<li>Flieden-Buchenrod &#8211; 2050 Punkte<\/li>\n<li>Gersfeld-Hettenhausen &#8211; 1930 Punkte<\/li>\n<li>Flieden-Stork &#8211; 1905 Punkte<\/li>\n<li>Neuhof-Rommerz &#8211; 1815 Punkte<\/li>\n<li>H\u00fcnfeld-Kirchhasel &#8211; 1770 Punkte<\/li>\n<li>Burghaun-Schlotzau &#8211; 1685 Punkte<\/li>\n<li>Burghaun-Steinbach &#8211; 1520 Punkte<\/li>\n<li>Gersfeld 1- 485 Punkte<br \/>\nDipperz &#8211; 1460 Punkte<\/li>\n<\/ol>\n<\/div>\n<div>\n<p>&nbsp;<\/p>\n<\/div>\n","protected":false},"excerpt":{"rendered":"<div class=\"tmnf_excerpt\"><p>K\u00fcnzell. Die Vollversammlung der Kreisjugendfeuerwehr Fulda fand am 22. Februar 2014 im Gemeindezentrum K\u00fcnzell statt. Anwesend waren 219 F\u00fchrungskr\u00e4fte aus dem gesamten Landkreis . Inhalt der Vollversammlung war der Jahresbericht des Kreisjugendfeuerwehrwartes, Neuwahl des Kreisjugendfeuerwehrausschusses, Ehrungen und Verabschiedungen, Siegerehrung zum Wettbewerb der Jugendfeuerwehr des Jahres sowie das freiwillige soziale Jahr bei der Feuerwehr.<\/p>\n<\/div>","protected":false},"author":1,"featured_media":0,"comment_status":"closed","ping_status":"closed","sticky":false,"template":"","format":"standard","meta":{"footnotes":""},"categories":[1,71],"tags":[],"class_list":["post-120608","post","type-post","status-publish","format-standard","hentry","category-startseite","category-feuerwehr"],"_links":{"self":[{"href":"https:\/\/www.fuldaernachrichten.de\/index.php?rest_route=\/wp\/v2\/posts\/120608","targetHints":{"allow":["GET"]}}],"collection":[{"href":"https:\/\/www.fuldaernachrichten.de\/index.php?rest_route=\/wp\/v2\/posts"}],"about":[{"href":"https:\/\/www.fuldaernachrichten.de\/index.php?rest_route=\/wp\/v2\/types\/post"}],"author":[{"embeddable":true,"href":"https:\/\/www.fuldaernachrichten.de\/index.php?rest_route=\/wp\/v2\/users\/1"}],"replies":[{"embeddable":true,"href":"https:\/\/www.fuldaernachrichten.de\/index.php?rest_route=%2Fwp%2Fv2%2Fcomments&post=120608"}],"version-history":[{"count":2,"href":"https:\/\/www.fuldaernachrichten.de\/index.php?rest_route=\/wp\/v2\/posts\/120608\/revisions"}],"predecessor-version":[{"id":120617,"href":"https:\/\/www.fuldaernachrichten.de\/index.php?rest_route=\/wp\/v2\/posts\/120608\/revisions\/120617"}],"wp:attachment":[{"href":"https:\/\/www.fuldaernachrichten.de\/index.php?rest_route=%2Fwp%2Fv2%2Fmedia&parent=120608"}],"wp:term":[{"taxonomy":"category","embeddable":true,"href":"https:\/\/www.fuldaernachrichten.de\/index.php?rest_route=%2Fwp%2Fv2%2Fcategories&post=120608"},{"taxonomy":"post_tag","embeddable":true,"href":"https:\/\/www.fuldaernachrichten.de\/index.php?rest_route=%2Fwp%2Fv2%2Ftags&post=120608"}],"curies":[{"name":"wp","href":"https:\/\/api.w.org\/{rel}","templated":true}]}}