{"id":120416,"date":"2014-03-04T06:47:41","date_gmt":"2014-03-04T06:47:41","guid":{"rendered":"http:\/\/www.fuldaer-nachrichten.de\/?p=120416"},"modified":"2014-03-04T06:47:41","modified_gmt":"2014-03-04T06:47:41","slug":"buergerinnen-und-buerger-diskutieren-mit-kanzlerin-merkel-ueber-ihre-vorstellungen-von-euro-papolitik-kursteilnehmer-der-kreis-vhs-bei-bertelsmann-stiftung-in-berlin","status":"publish","type":"post","link":"https:\/\/www.fuldaernachrichten.de\/?p=120416","title":{"rendered":"B\u00fcrgerinnen und B\u00fcrger diskutieren mit Kanzlerin Merkel \u00fcber ihre Vorstellungen von Euro-papolitik \/ Kursteilnehmer der Kreis-VHS bei Bertelsmann Stiftung in Berlin"},"content":{"rendered":"<div id=\"attachment_120417\" style=\"width: 275px\" class=\"wp-caption alignleft\"><a href=\"http:\/\/www.fuldaer-nachrichten.de\/wp-content\/uploads\/2014\/03\/088-VHS-Kursteilnehmer-bei-Kanzlerin-e1393846331693.jpg\"><img fetchpriority=\"high\" decoding=\"async\" aria-describedby=\"caption-attachment-120417\" class=\"size-medium wp-image-120417\" alt=\"Unter den Teilnehmer der Zentralveranstaltung des B\u00fcrgerDialogs mit Bundeskanzlerin An-gela Merkel sind auch Fachobersch\u00fclerin Mareike Biedenbach, Volkshochschulleiter Michael Friedrich und Angelika Bott-Werner, Abteilungsleiterin der Eduard-Stieler-Schule. Foto: Listmann\" src=\"http:\/\/www.fuldaer-nachrichten.de\/wp-content\/uploads\/2014\/03\/088-VHS-Kursteilnehmer-bei-Kanzlerin-e1393846331693-265x207.jpg\" width=\"265\" height=\"207\" srcset=\"https:\/\/www.fuldaernachrichten.de\/wp-content\/uploads\/2014\/03\/088-VHS-Kursteilnehmer-bei-Kanzlerin-e1393846331693-265x207.jpg 265w, https:\/\/www.fuldaernachrichten.de\/wp-content\/uploads\/2014\/03\/088-VHS-Kursteilnehmer-bei-Kanzlerin-e1393846331693.jpg 399w\" sizes=\"(max-width: 265px) 100vw, 265px\" \/><\/a><p id=\"caption-attachment-120417\" class=\"wp-caption-text\">Unter den Teilnehmer der Zentralveranstaltung des B\u00fcrgerDialogs mit Bundeskanzlerin An-gela Merkel sind auch Fachobersch\u00fclerin Mareike Biedenbach, Volkshochschulleiter Michael Friedrich und Angelika Bott-Werner, Abteilungsleiterin der Eduard-Stieler-Schule. Foto: Listmann<\/p><\/div>\n<p>Fulda\/Berlin. Mach den Mund auf! Dieser Aufforderung sind rund 1.500 Menschen im vergangenen Jahr gefolgt und haben sich in B\u00fcrgerdialogen \u00fcber europ\u00e4ische Fragen ausgetauscht. Neben 35 weiteren Volkshochschulen war daran auch die VHS des Landkreises Fulda beteiligt. Die Ergebnisse und Vorschl\u00e4ge aus diesen Veranstaltungen diskutiert eine Delegation von B\u00fcrgern am kommenden Donnerstag, 6. M\u00e4rz, mit Bundeskanzlerin Angela Merkel. <!--more--><\/p>\n<p>Ob Sch\u00fclerinnen und Sch\u00fcler, Senioren, VHS-Kursteilnehmer oder Studierende \u2013 aus allen Teilen Deutschlands werden Delegierte in die Hauptstadt fahren, um die erarbeiteten Vorschl\u00e4ge mit Bundeskanzlerin Angela Merkel zu diskutieren. Darunter auch Tamara Hoh-ann, Mareike Biedenbach, Alexandra Rau, Angelika Bott-Werner, Michael Hartung und Michael Friedrich, die vom Eduard-Stieler-Campus Fulda benannt worden sind.<\/p>\n<p>Bei aller Vorfreude nimmt die Studierende Alexandra Rau ihre Aufgabe sehr ernst: \u201eNur wenige bekommen die Chance, mit Frau Merkel \u00fcber Europa zu diskutieren. Daher hoffe ich, dass die Vorschl\u00e4ge \u00fcberzeugend her\u00fcbergebracht werden und die Kanzlerin aufgeschlossen f\u00fcr neue Ideen ist.\u201c Angelika Bott-Werner, Abteilungsleiterin Fachoberschule der Eduard-Stieler-Schule, erinnert sich noch gut an den B\u00fcrgerDialog: \u201eWir haben im Eduard-Stieler-Campus rege diskutiert. Bei so vielen verschiedenen Meinungen kann man sich gut vorstellen, wie schwierig es sein muss, in der Politik einvernehmliche L\u00f6sungen zu finden.\u201c<\/p>\n<p>Bei den Dialogen und der Abschlussveranstaltung steht das Thema \u201eUnser Europa!\u201c mit dem drei Leitfragen im Vordergrund: \u201eIdee Europa \u2013 Was h\u00e4lt uns zusammen?\u201c, \u201eWirtschaft und Soziales \u2013 Wie gehen wir mit der Krise um?\u201c und \u201eGlobale Fragen \u2013 Welche Verantwortung tr\u00e4gt Europa in der Welt?\u201c. Wie wichtig es sei, sich nicht nur mit nationalen, sondern auch mit europ\u00e4ischen und globalen Fragen zu besch\u00e4ftigen, betont Michael Hartung, Schule f\u00fcr Er-wachsene Osthessen, der sich ein starkes politisches Engagement auf allen Ebenen w\u00fcnscht: \u201eNur wenn Europa mit einer Stimme spricht, wird es in der Welt geh\u00f6rt.\u201c<\/p>\n<p>Volkshochschul-Leiter Michael Friedrich, der bei der Begegnung mit der Bundeskanzlerin in Berlin auch die bundesweiter Ergebnisse des Themenbereiches \u201eGlobale Fragen \u2013 Welche Verantwortung tr\u00e4gt Europa in der Welt?\u201c referieren wird, freut sich, dass die Delegierten \u201eden Mund aufmachen\u201c: \u201eEs ist ein wichtiger Bestandteil der demokratischen Gesellschaft, dass B\u00fcrgerinnen und B\u00fcrger ihre Meinung an die Politiker herantragen k\u00f6nnen. B\u00fcrgerdialoge sind da eine sehr direkte M\u00f6glichkeit. Deshalb unterst\u00fctzen und gestalten wir diesen Prozess als Volkshochschule gerne mit. Das ist gelebte Volkshochschularbeit!\u201c<\/p>\n<p>Die Bertelsmann Stiftung hat bereits viele theoretische und praktische Erfahrungen zu B\u00fcr-gerbeteiligung gesammelt. \u201eB\u00fcrgerdialoge erm\u00f6glichen den direkten Austausch zwischen der Bev\u00f6lkerung und den politisch Verantwortlichen. Aus diesem Grund sind solche Diskussions- und Beteiligungsforen eine wichtige Erg\u00e4nzung unserer repr\u00e4sentativen Demokratie. B\u00fcrge-rinnen und B\u00fcrger sch\u00e4tzen sie als fast genauso wirksam und wichtig wie die Abgabe ihrer Stimme bei Wahlen ein\u201c, unterstreicht J\u00f6rg Dr\u00e4ger, Vorstand der Bertelsmann Stiftung.<\/p>\n<p>Info<br \/>\nDas Diskussionsforum B\u00fcrgerDialog ist auf Initiative des Deutschen Volkshochschul-Verbandes (DVV) und der Bertelsmann Stiftung entstanden und wird seit 2012 j\u00e4hrlich an Volkshochschulen im ganzen Bundesgebiet durchgef\u00fchrt. Weitere Info erhalten Interessierte unter www.vhs-buergerdialog.de. Die Veranstaltung mit der Kanzlerin am 6. M\u00e4rz kann via Livestream unter www.bertelsmann-stiftung.de verfolgt werden.<\/p>\n","protected":false},"excerpt":{"rendered":"<div class=\"tmnf_excerpt\"><p>Fulda\/Berlin. Mach den Mund auf! Dieser Aufforderung sind rund 1.500 Menschen im vergangenen Jahr gefolgt und haben sich in B\u00fcrgerdialogen \u00fcber europ\u00e4ische Fragen ausgetauscht. Neben 35 weiteren Volkshochschulen war daran auch die VHS des Landkreises Fulda beteiligt. Die Ergebnisse und Vorschl\u00e4ge aus diesen Veranstaltungen diskutiert eine Delegation von B\u00fcrgern am kommenden Donnerstag, 6. M\u00e4rz, mit &hellip;<\/p>\n<\/div>","protected":false},"author":1,"featured_media":0,"comment_status":"closed","ping_status":"closed","sticky":false,"template":"","format":"standard","meta":{"footnotes":""},"categories":[1,53],"tags":[],"class_list":["post-120416","post","type-post","status-publish","format-standard","hentry","category-startseite","category-bildung"],"_links":{"self":[{"href":"https:\/\/www.fuldaernachrichten.de\/index.php?rest_route=\/wp\/v2\/posts\/120416","targetHints":{"allow":["GET"]}}],"collection":[{"href":"https:\/\/www.fuldaernachrichten.de\/index.php?rest_route=\/wp\/v2\/posts"}],"about":[{"href":"https:\/\/www.fuldaernachrichten.de\/index.php?rest_route=\/wp\/v2\/types\/post"}],"author":[{"embeddable":true,"href":"https:\/\/www.fuldaernachrichten.de\/index.php?rest_route=\/wp\/v2\/users\/1"}],"replies":[{"embeddable":true,"href":"https:\/\/www.fuldaernachrichten.de\/index.php?rest_route=%2Fwp%2Fv2%2Fcomments&post=120416"}],"version-history":[{"count":2,"href":"https:\/\/www.fuldaernachrichten.de\/index.php?rest_route=\/wp\/v2\/posts\/120416\/revisions"}],"predecessor-version":[{"id":120442,"href":"https:\/\/www.fuldaernachrichten.de\/index.php?rest_route=\/wp\/v2\/posts\/120416\/revisions\/120442"}],"wp:attachment":[{"href":"https:\/\/www.fuldaernachrichten.de\/index.php?rest_route=%2Fwp%2Fv2%2Fmedia&parent=120416"}],"wp:term":[{"taxonomy":"category","embeddable":true,"href":"https:\/\/www.fuldaernachrichten.de\/index.php?rest_route=%2Fwp%2Fv2%2Fcategories&post=120416"},{"taxonomy":"post_tag","embeddable":true,"href":"https:\/\/www.fuldaernachrichten.de\/index.php?rest_route=%2Fwp%2Fv2%2Ftags&post=120416"}],"curies":[{"name":"wp","href":"https:\/\/api.w.org\/{rel}","templated":true}]}}