{"id":120413,"date":"2014-03-04T06:40:09","date_gmt":"2014-03-04T06:40:09","guid":{"rendered":"http:\/\/www.fuldaer-nachrichten.de\/?p=120413"},"modified":"2014-03-04T06:40:09","modified_gmt":"2014-03-04T06:40:09","slug":"erstmals-hessenweiter-praktiker-treff-des-netzwerks-lebensraum-feldflur-25-hektar-an-bauflaeche-im-landkreis-fulda","status":"publish","type":"post","link":"https:\/\/www.fuldaernachrichten.de\/?p=120413","title":{"rendered":"Erstmals hessenweiter Praktiker-Treff des Netzwerks Lebensraum Feldflur \/ 25 Hektar An-baufl\u00e4che im Landkreis Fulda"},"content":{"rendered":"<div id=\"attachment_120414\" style=\"width: 275px\" class=\"wp-caption alignleft\"><a href=\"http:\/\/www.fuldaer-nachrichten.de\/wp-content\/uploads\/2014\/03\/087-Praktiketreff-Biogas-aus-Wildpflanzen.jpg\"><img fetchpriority=\"high\" decoding=\"async\" aria-describedby=\"caption-attachment-120414\" class=\"size-medium wp-image-120414\" alt=\"Die Netzwerkpartner Werner Kuhn, Rieke Trittin und Dr. Nikolaus Bretschneider-Herrmann (v.l.n.r.) pr\u00e4sentierten auf dem Praktiker-Treff auch das neue Hinweisschild f\u00fcr Projektfl\u00e4chen. Foto: Sudbrock\" src=\"http:\/\/www.fuldaer-nachrichten.de\/wp-content\/uploads\/2014\/03\/087-Praktiketreff-Biogas-aus-Wildpflanzen-265x198.jpg\" width=\"265\" height=\"198\" srcset=\"https:\/\/www.fuldaernachrichten.de\/wp-content\/uploads\/2014\/03\/087-Praktiketreff-Biogas-aus-Wildpflanzen-265x198.jpg 265w, https:\/\/www.fuldaernachrichten.de\/wp-content\/uploads\/2014\/03\/087-Praktiketreff-Biogas-aus-Wildpflanzen.jpg 600w\" sizes=\"(max-width: 265px) 100vw, 265px\" \/><\/a><p id=\"caption-attachment-120414\" class=\"wp-caption-text\">Die Netzwerkpartner Werner Kuhn, Rieke Trittin und Dr. Nikolaus Bretschneider-Herrmann (v.l.n.r.) pr\u00e4sentierten auf dem Praktiker-Treff auch das neue Hinweisschild f\u00fcr Projektfl\u00e4chen. Foto: Sudbrock<\/p><\/div>\n<p>Fulda. Ein reger Erfahrungsaustausch \u00fcber den Anbau von Wildpflanzen zur Nutzung in Biogasanlagen stand im Mittelpunkt eines ersten hessenweiten Praktiker-Treffs des Netzwerks Lebensraum Feldflur. Gastgeber war der Landkreis Fulda.<!--more--><\/p>\n<p>Rieke Trittin vom Fachdienst Natur und Landschaft der Kreisverwaltung erkl\u00e4rte, dass derzeit im Landkreis etwa 25 Hektar Wildpflanzen von zehn verschiedenen Landwirten und Biogas-anlagenbetreibern angebaut w\u00fcrden. Dies stelle eine aus \u00f6kologischer Sicht wertvolle Erg\u00e4nzung zu den bereits etablierten Energiepflanzen dar. Schwerpunkte in Hessen seien neben dem Landkreis Fulda auch die Wetterau sowie die Bereiche Darmstadt und Limburg.<\/p>\n<p>Dr. Nikolaus Bretschneider-Herrmann vom Landesjagdverband Hessen, hessenweiter An-sprechpartner des Projekts, erl\u00e4uterte die potentiellen M\u00f6glichkeiten zur Einbringung von Wildpflanzenmischungen in das neue hessische Programm f\u00fcr Agrarumwelt- und Land-schaftspflegema\u00dfnahmen (HALM) sowie gegebenenfalls zur Anrechnung bei den ab dem Jahr 2015 umzusetzenden Greening-Ma\u00dfnahmen im Rahmen der gemeinsamen Agrarpolitik der Europ\u00e4ischen Union.<\/p>\n<p>Hauptreferent war Werner Kuhn, Landwirt aus G\u00fcntersleben und Mitbegr\u00fcnder des Wildpflanzenanbaus. Laut seinen Ausf\u00fchrungen sei ein wichtiges Thema die Entwicklung der Mischung im ersten Standjahr. Um Probleme durch sehr w\u00fcchsige einj\u00e4hrige Pflanzen zu vermeiden, werde jetzt ein Aussaatverfahren im Sp\u00e4tsommer in die Stoppel getestet, womit die Bodenverwundung minimiert und die Wasserversorgung des Saatguts verbessert werden k\u00f6nne.<\/p>\n<p>Man erhoffe sich hiervon eine gute Entwicklung des Staudenbestands bis zum darauffolgen-den Sommer, um eine erfolgreiche Ernte zu erm\u00f6glichen, so Kuhn. Ohnehin sei die Wahl des Erntezeitpunkts ein weiteres zentrales Thema. Dieser entscheide dar\u00fcber, wie hoch der Methanertrag ausfalle. Auch h\u00e4tten Bodenproben gezeigt, dass Wildpflanzen viel Stickstoff aus dem Boden in die Wurzeln einlagern und so mithelfen k\u00f6nnten, Nitratauswaschungen zu vermeiden.<\/p>\n<p>In der anschlie\u00dfenden Diskussion brachten die Teilnehmer ihre Erfahrungen ein. Ende M\u00e4rz wird eine Feldrundfahrt, voraussichtlich im Landkreis Fulda, angeboten. An der Feldrundfahrt oder am Projekt Interessierte k\u00f6nnen sich an Frau Trittin, Telefon (0661)6006-746, oder Herrn Dr. Bretschneider-Herrmann, Telefon (06172)9996-110, wenden. Allgemeine Informa-tionen sowie Praxisempfehlungen zum Anbauverfahren unter www.lebensraum-brache.de.<\/p>\n","protected":false},"excerpt":{"rendered":"<div class=\"tmnf_excerpt\"><p>Fulda. Ein reger Erfahrungsaustausch \u00fcber den Anbau von Wildpflanzen zur Nutzung in Biogasanlagen stand im Mittelpunkt eines ersten hessenweiten Praktiker-Treffs des Netzwerks Lebensraum Feldflur. Gastgeber war der Landkreis Fulda.<\/p>\n<\/div>","protected":false},"author":1,"featured_media":0,"comment_status":"closed","ping_status":"closed","sticky":false,"template":"","format":"standard","meta":{"footnotes":""},"categories":[1,52],"tags":[],"class_list":["post-120413","post","type-post","status-publish","format-standard","hentry","category-startseite","category-umwelt"],"_links":{"self":[{"href":"https:\/\/www.fuldaernachrichten.de\/index.php?rest_route=\/wp\/v2\/posts\/120413","targetHints":{"allow":["GET"]}}],"collection":[{"href":"https:\/\/www.fuldaernachrichten.de\/index.php?rest_route=\/wp\/v2\/posts"}],"about":[{"href":"https:\/\/www.fuldaernachrichten.de\/index.php?rest_route=\/wp\/v2\/types\/post"}],"author":[{"embeddable":true,"href":"https:\/\/www.fuldaernachrichten.de\/index.php?rest_route=\/wp\/v2\/users\/1"}],"replies":[{"embeddable":true,"href":"https:\/\/www.fuldaernachrichten.de\/index.php?rest_route=%2Fwp%2Fv2%2Fcomments&post=120413"}],"version-history":[{"count":3,"href":"https:\/\/www.fuldaernachrichten.de\/index.php?rest_route=\/wp\/v2\/posts\/120413\/revisions"}],"predecessor-version":[{"id":120446,"href":"https:\/\/www.fuldaernachrichten.de\/index.php?rest_route=\/wp\/v2\/posts\/120413\/revisions\/120446"}],"wp:attachment":[{"href":"https:\/\/www.fuldaernachrichten.de\/index.php?rest_route=%2Fwp%2Fv2%2Fmedia&parent=120413"}],"wp:term":[{"taxonomy":"category","embeddable":true,"href":"https:\/\/www.fuldaernachrichten.de\/index.php?rest_route=%2Fwp%2Fv2%2Fcategories&post=120413"},{"taxonomy":"post_tag","embeddable":true,"href":"https:\/\/www.fuldaernachrichten.de\/index.php?rest_route=%2Fwp%2Fv2%2Ftags&post=120413"}],"curies":[{"name":"wp","href":"https:\/\/api.w.org\/{rel}","templated":true}]}}