{"id":120405,"date":"2014-03-03T04:53:06","date_gmt":"2014-03-03T04:53:06","guid":{"rendered":"http:\/\/www.fuldaer-nachrichten.de\/?p=120405"},"modified":"2014-03-02T17:54:57","modified_gmt":"2014-03-02T17:54:57","slug":"tolle-stimmung-beim-vereinsfasching-in-wuestensachsen","status":"publish","type":"post","link":"https:\/\/www.fuldaernachrichten.de\/?p=120405","title":{"rendered":"Tolle Stimmung beim Vereinsfasching in W\u00fcstensachsen"},"content":{"rendered":"<p align=\"left\"><a href=\"http:\/\/www.fuldaer-nachrichten.de\/wp-content\/uploads\/2014\/03\/DSC04827.jpg\"><img fetchpriority=\"high\" decoding=\"async\" class=\"alignleft size-medium wp-image-120407\" alt=\"DSC04827\" src=\"http:\/\/www.fuldaer-nachrichten.de\/wp-content\/uploads\/2014\/03\/DSC04827-265x198.jpg\" width=\"265\" height=\"198\" srcset=\"https:\/\/www.fuldaernachrichten.de\/wp-content\/uploads\/2014\/03\/DSC04827-265x198.jpg 265w, https:\/\/www.fuldaernachrichten.de\/wp-content\/uploads\/2014\/03\/DSC04827.jpg 600w\" sizes=\"(max-width: 265px) 100vw, 265px\" \/><\/a><strong>Ehrenberg\/W\u00fcstensachsen.<\/strong> Zum sechsten Mal veranstalteten die Vereinsgemeinschaft W\u00fcstensachsen die gro\u00dfe Faschingssitzung im Ehrenberger B\u00fcrgerhaus. Nach der Begr\u00fc\u00dfung durch Ortsvorsteher Thomas Keidel f\u00fchrte Helmut Vey durch das \u00fcber vierst\u00fcndige Programm. Mit den T\u00e4nzen Piraten und Feuer &amp; Eis er\u00f6ffnete die Kinder-Showtanzgruppe das Programm bevor zwei Wartende mit Christina Gr\u00f6sch und Jessica Ullrich das Warten bis zum Einlass zur Faschingssitzung auf Korn nahmen. Nach dem Streetdance und Street Homies berichtete Thomas R\u00f6der von seinen Erlebnissen beim Urlaub auf dem Bauernhof.<!--more--><\/p>\n<p align=\"left\">Unter dem Titel Geheimnis bot die Kirmesgesellschaft mit Gaby K\u00f6gel Becherakrobatik bevor es zur Schunkelrunde mit Olli an der Orgel ging. Danach begeisterte die Rh\u00f6nklub Kinderfreizeit mit dem Tanz Hipster Mix, bevor die drei Trauerschnallen Ruth R\u00f6der, Edith R\u00f6der und Susanne Reutter so einiges aus dem Dorfgeschehen zu berichten hatten und die Gymnastikgruppe mit dem Tanz Sabes que te Gusta Bailar das n\u00e4rrische Publikum begeisterte.<\/p>\n<p align=\"left\">Mit dem St\u00fcck Jeep &amp; Jolanda boten Christof und Ruth R\u00f6der ein bunter Mix aus Gesang und Wortspiel um in Not geratene Bratwurstgriller. Die Se\u00e4ssemer Brandkappele zeigte auf wie es beim Vereinsausflug mit einer Billig-Air-Line zugeht. Das Pilotenteam Joachim Vey und Margit R\u00f6der hatten hierzu einiges zu berichten. Zum Finale lud dann Olli an der Orgel zur gro\u00dfen Polonaise ein bevor er zum Tanz bis weit nach Mitternacht aufspielte.<\/p>\n<p align=\"left\"><a href=\"http:\/\/www.fuldaer-nachrichten.de\/wp-content\/uploads\/2014\/03\/DSC04861.jpg\"><img decoding=\"async\" class=\"alignnone size-medium wp-image-120409\" alt=\"DSC04861\" src=\"http:\/\/www.fuldaer-nachrichten.de\/wp-content\/uploads\/2014\/03\/DSC04861-265x198.jpg\" width=\"265\" height=\"198\" srcset=\"https:\/\/www.fuldaernachrichten.de\/wp-content\/uploads\/2014\/03\/DSC04861-265x198.jpg 265w, https:\/\/www.fuldaernachrichten.de\/wp-content\/uploads\/2014\/03\/DSC04861.jpg 600w\" sizes=\"(max-width: 265px) 100vw, 265px\" \/><\/a> <a href=\"http:\/\/www.fuldaer-nachrichten.de\/wp-content\/uploads\/2014\/03\/DSC04850.jpg\"><img decoding=\"async\" class=\"alignnone size-medium wp-image-120408\" alt=\"DSC04850\" src=\"http:\/\/www.fuldaer-nachrichten.de\/wp-content\/uploads\/2014\/03\/DSC04850-265x198.jpg\" width=\"265\" height=\"198\" srcset=\"https:\/\/www.fuldaernachrichten.de\/wp-content\/uploads\/2014\/03\/DSC04850-265x198.jpg 265w, https:\/\/www.fuldaernachrichten.de\/wp-content\/uploads\/2014\/03\/DSC04850.jpg 600w\" sizes=\"(max-width: 265px) 100vw, 265px\" \/><\/a><\/p>\n<p align=\"left\"><a href=\"http:\/\/www.fuldaer-nachrichten.de\/wp-content\/uploads\/2014\/03\/DSC04830.jpg\"><img loading=\"lazy\" decoding=\"async\" alt=\"DSC04830\" src=\"http:\/\/www.fuldaer-nachrichten.de\/wp-content\/uploads\/2014\/03\/DSC04830-198x265.jpg\" width=\"198\" height=\"265\" \/><\/a><\/p>\n","protected":false},"excerpt":{"rendered":"<div class=\"tmnf_excerpt\"><p>Ehrenberg\/W\u00fcstensachsen. Zum sechsten Mal veranstalteten die Vereinsgemeinschaft W\u00fcstensachsen die gro\u00dfe Faschingssitzung im Ehrenberger B\u00fcrgerhaus. Nach der Begr\u00fc\u00dfung durch Ortsvorsteher Thomas Keidel f\u00fchrte Helmut Vey durch das \u00fcber vierst\u00fcndige Programm. Mit den T\u00e4nzen Piraten und Feuer &amp; Eis er\u00f6ffnete die Kinder-Showtanzgruppe das Programm bevor zwei Wartende mit Christina Gr\u00f6sch und Jessica Ullrich das Warten bis zum &hellip;<\/p>\n<\/div>","protected":false},"author":1,"featured_media":0,"comment_status":"closed","ping_status":"closed","sticky":false,"template":"","format":"standard","meta":{"footnotes":""},"categories":[1],"tags":[],"class_list":["post-120405","post","type-post","status-publish","format-standard","hentry","category-startseite"],"_links":{"self":[{"href":"https:\/\/www.fuldaernachrichten.de\/index.php?rest_route=\/wp\/v2\/posts\/120405","targetHints":{"allow":["GET"]}}],"collection":[{"href":"https:\/\/www.fuldaernachrichten.de\/index.php?rest_route=\/wp\/v2\/posts"}],"about":[{"href":"https:\/\/www.fuldaernachrichten.de\/index.php?rest_route=\/wp\/v2\/types\/post"}],"author":[{"embeddable":true,"href":"https:\/\/www.fuldaernachrichten.de\/index.php?rest_route=\/wp\/v2\/users\/1"}],"replies":[{"embeddable":true,"href":"https:\/\/www.fuldaernachrichten.de\/index.php?rest_route=%2Fwp%2Fv2%2Fcomments&post=120405"}],"version-history":[{"count":3,"href":"https:\/\/www.fuldaernachrichten.de\/index.php?rest_route=\/wp\/v2\/posts\/120405\/revisions"}],"predecessor-version":[{"id":120412,"href":"https:\/\/www.fuldaernachrichten.de\/index.php?rest_route=\/wp\/v2\/posts\/120405\/revisions\/120412"}],"wp:attachment":[{"href":"https:\/\/www.fuldaernachrichten.de\/index.php?rest_route=%2Fwp%2Fv2%2Fmedia&parent=120405"}],"wp:term":[{"taxonomy":"category","embeddable":true,"href":"https:\/\/www.fuldaernachrichten.de\/index.php?rest_route=%2Fwp%2Fv2%2Fcategories&post=120405"},{"taxonomy":"post_tag","embeddable":true,"href":"https:\/\/www.fuldaernachrichten.de\/index.php?rest_route=%2Fwp%2Fv2%2Ftags&post=120405"}],"curies":[{"name":"wp","href":"https:\/\/api.w.org\/{rel}","templated":true}]}}