{"id":120398,"date":"2014-03-04T06:44:54","date_gmt":"2014-03-04T06:44:54","guid":{"rendered":"http:\/\/www.fuldaer-nachrichten.de\/?p=120398"},"modified":"2014-03-04T06:44:54","modified_gmt":"2014-03-04T06:44:54","slug":"ostermarkt-in-der-alten-kirche-in-sargenzell","status":"publish","type":"post","link":"https:\/\/www.fuldaernachrichten.de\/?p=120398","title":{"rendered":"Ostermarkt in der \u201eAlten Kirche in Sargenzell\u201c"},"content":{"rendered":"<p>Sargenzell. Die \u201eAlte Kirche in Sargenzell\u201c ist nun schon seit vielen Jahren \u00c2\u00a0weit \u00fcber die Grenzen Hessens hinaus bekannt. Der Grund hierf\u00fcr liegt in den vielen Aktionen, die der F\u00f6rderverein das Jahr \u00fcber hier durchf\u00fchrt. Nicht nur der allj\u00e4hrliche Fr\u00fcchteteppich und die Krippenausstellung locken viele tausend Besucher an, sondern auch der Ostermarkt findet regen Zuspruch. Buntes Treiben, fr\u00f6hliche Menschen, nette Gespr\u00e4che, Gaumen- und Sinnesfreude, all dies bietet der Ostermarkt.<!--more--><\/p>\n<p>F\u00fcr all jene, die sich an ausgefallenen Dekorationsst\u00fccken erfreuen, ein originelles Ostergeschenk suchen, oder sich einfach nur an traditionell sch\u00f6nen Dingen erfreuen wollen, bietet der Ostermarkt in der Alten Kirche in Sargenzell eine gute Gelegenheit.<\/p>\n<p>Zahlreiche Aussteller bieten am Samstag, 05. April 2014 von 11.00 \u2013 18.00 Uhr und am Sonntag, 06. April \u00c2\u00a0von 11.00 \u2013 18.00 Uhr ihre \u201eSch\u00e4tze\u201c an. U.a. religi\u00f6se Buchmalereien, Osterkerzen, Wachseier, Wachteleierkr\u00e4nze, Trockengestecke, geflochtene K\u00f6rbe, Tonarbeiten, Batikeier,\u00c2\u00a0 u.v.m. Nicht zu vergessen, die an diesen Tagen angebotenen Osterfladen und Osterl\u00e4mmer, die immer gerne f\u00fcr den Kaffeetisch gekauft werden.<\/p>\n<p>Um den K\u00fcnstlern bei der Arbeit zuzuschauen, sich Anregungen f\u00fcr seine eigene Kreativit\u00e4t zu holen oder auch nur zu erfahren, wie viele Techniken es gibt um Eier zu bemalen, zu verzieren oder zu gestalten ist hier Gelegenheit.<\/p>\n<p>Wer nicht so k\u00fcnstlerisch begabt ist, um solche Kunstwerke herzustellen, findet hier mit Sicherheit etwas was er sich selbst oder seinen Lieben schenken kann.<\/p>\n","protected":false},"excerpt":{"rendered":"<div class=\"tmnf_excerpt\"><p>Sargenzell. Die \u201eAlte Kirche in Sargenzell\u201c ist nun schon seit vielen Jahren \u00c2\u00a0weit \u00fcber die Grenzen Hessens hinaus bekannt. Der Grund hierf\u00fcr liegt in den vielen Aktionen, die der F\u00f6rderverein das Jahr \u00fcber hier durchf\u00fchrt. Nicht nur der allj\u00e4hrliche Fr\u00fcchteteppich und die Krippenausstellung locken viele tausend Besucher an, sondern auch der Ostermarkt findet regen Zuspruch. &hellip;<\/p>\n<\/div>","protected":false},"author":1,"featured_media":0,"comment_status":"closed","ping_status":"closed","sticky":false,"template":"","format":"standard","meta":{"footnotes":""},"categories":[1],"tags":[],"class_list":["post-120398","post","type-post","status-publish","format-standard","hentry","category-startseite"],"_links":{"self":[{"href":"https:\/\/www.fuldaernachrichten.de\/index.php?rest_route=\/wp\/v2\/posts\/120398","targetHints":{"allow":["GET"]}}],"collection":[{"href":"https:\/\/www.fuldaernachrichten.de\/index.php?rest_route=\/wp\/v2\/posts"}],"about":[{"href":"https:\/\/www.fuldaernachrichten.de\/index.php?rest_route=\/wp\/v2\/types\/post"}],"author":[{"embeddable":true,"href":"https:\/\/www.fuldaernachrichten.de\/index.php?rest_route=\/wp\/v2\/users\/1"}],"replies":[{"embeddable":true,"href":"https:\/\/www.fuldaernachrichten.de\/index.php?rest_route=%2Fwp%2Fv2%2Fcomments&post=120398"}],"version-history":[{"count":2,"href":"https:\/\/www.fuldaernachrichten.de\/index.php?rest_route=\/wp\/v2\/posts\/120398\/revisions"}],"predecessor-version":[{"id":120451,"href":"https:\/\/www.fuldaernachrichten.de\/index.php?rest_route=\/wp\/v2\/posts\/120398\/revisions\/120451"}],"wp:attachment":[{"href":"https:\/\/www.fuldaernachrichten.de\/index.php?rest_route=%2Fwp%2Fv2%2Fmedia&parent=120398"}],"wp:term":[{"taxonomy":"category","embeddable":true,"href":"https:\/\/www.fuldaernachrichten.de\/index.php?rest_route=%2Fwp%2Fv2%2Fcategories&post=120398"},{"taxonomy":"post_tag","embeddable":true,"href":"https:\/\/www.fuldaernachrichten.de\/index.php?rest_route=%2Fwp%2Fv2%2Ftags&post=120398"}],"curies":[{"name":"wp","href":"https:\/\/api.w.org\/{rel}","templated":true}]}}