{"id":120394,"date":"2014-03-04T06:45:43","date_gmt":"2014-03-04T06:45:43","guid":{"rendered":"http:\/\/www.fuldaer-nachrichten.de\/?p=120394"},"modified":"2014-03-04T06:45:43","modified_gmt":"2014-03-04T06:45:43","slug":"weltgebetstag-2014-hoffnung-fuer-aegyptens-frauen","status":"publish","type":"post","link":"https:\/\/www.fuldaernachrichten.de\/?p=120394","title":{"rendered":"Weltgebetstag 2014: Hoffnung f\u00fcr \u00c4gyptens Frauen"},"content":{"rendered":"<p><strong>Fulda.<\/strong> Am Freitag, den 7. M\u00e4rz 2014, feiern Menschen rund um den Erdball \u00f6kumenische Gottesdienste zum Internationalen Weltgebetstag von Frauen f\u00fcr Frauen, M\u00e4nner und Kinder. In Zeiten politischer und gesellschaftlicher Umbr\u00fcche kommt der Weltgebetstag 2014 aus \u00c4gypten. Mitten im \u201eArabischen Fr\u00fchling\u201c verfassten die Frauen des \u00e4gyptischen Weltgebetstagskomitees ihren Gottesdienst. Ihre Bitten und Visionen sind hochaktuell: Alle Menschen in \u00c4gypten, christlich und muslimisch, sollen erleben, dass sich Frieden und Gerechtigkeit Bahn brechen, wie Wasserstr\u00f6me in der W\u00fcste! (Jes 41,18ff.) Gottesdienste finden zu unterschiedlichen Zeiten und an verschiedenen Orten statt:<!--more--><\/p>\n<p>15.00 Uhr\u00c2\u00a0 Matth\u00e4uskirche Tr\u00e4tzhof<br \/>\n15.00 Uhr\u00c2\u00a0 St. Nikolaus und Valentin\u00c2\u00a0 Steinhaus<br \/>\n16.00 Uhr\u00c2\u00a0 Heilig Geist<br \/>\n16.00 Uhr\u00c2\u00a0 Lutherkirche Fulda<br \/>\n19.00 Uhr\u00c2\u00a0 Friedenskirche Bronnzell<br \/>\n17.00 Uhr\u00c2\u00a0 St. Antonius K\u00fcnzell<br \/>\n17.00 Uhr\u00c2\u00a0 St. Hubertus Oberrode<br \/>\n17.00 Uhr\u00c2\u00a0 Kreuzkirche Neuenberg<br \/>\n17.00 Uhr\u00c2\u00a0 An St. Johann\u00c2\u00a0 Petersberg<br \/>\n15.30 Uhr\u00c2\u00a0 Vers\u00f6hnungskirche Aschenberg<br \/>\n18.00 Uhr\u00c2\u00a0 Bonhoeffergemeinde Petersberg<br \/>\n18.00 Uhr\u00c2\u00a0 Kapelle St\u00e4dt. Klinikum<br \/>\n18.30 Uhr\u00c2\u00a0 St. Aegidius &#8211; Marbach<br \/>\n18.30 Uhr\u00c2\u00a0 St. Peter und Paul Eichenzell<br \/>\n19.00 Uhr\u00c2\u00a0 St. Peter und Paul &#8211; Hosenfeld<br \/>\nsowie am 05.03.2014 15.00 Uhr im Wohnstift Mediana.<\/p>\n","protected":false},"excerpt":{"rendered":"<div class=\"tmnf_excerpt\"><p>Fulda. Am Freitag, den 7. M\u00e4rz 2014, feiern Menschen rund um den Erdball \u00f6kumenische Gottesdienste zum Internationalen Weltgebetstag von Frauen f\u00fcr Frauen, M\u00e4nner und Kinder. In Zeiten politischer und gesellschaftlicher Umbr\u00fcche kommt der Weltgebetstag 2014 aus \u00c4gypten. Mitten im \u201eArabischen Fr\u00fchling\u201c verfassten die Frauen des \u00e4gyptischen Weltgebetstagskomitees ihren Gottesdienst. Ihre Bitten und Visionen sind hochaktuell: &hellip;<\/p>\n<\/div>","protected":false},"author":1,"featured_media":0,"comment_status":"closed","ping_status":"closed","sticky":false,"template":"","format":"standard","meta":{"footnotes":""},"categories":[1,50],"tags":[],"class_list":["post-120394","post","type-post","status-publish","format-standard","hentry","category-startseite","category-kirche"],"_links":{"self":[{"href":"https:\/\/www.fuldaernachrichten.de\/index.php?rest_route=\/wp\/v2\/posts\/120394","targetHints":{"allow":["GET"]}}],"collection":[{"href":"https:\/\/www.fuldaernachrichten.de\/index.php?rest_route=\/wp\/v2\/posts"}],"about":[{"href":"https:\/\/www.fuldaernachrichten.de\/index.php?rest_route=\/wp\/v2\/types\/post"}],"author":[{"embeddable":true,"href":"https:\/\/www.fuldaernachrichten.de\/index.php?rest_route=\/wp\/v2\/users\/1"}],"replies":[{"embeddable":true,"href":"https:\/\/www.fuldaernachrichten.de\/index.php?rest_route=%2Fwp%2Fv2%2Fcomments&post=120394"}],"version-history":[{"count":2,"href":"https:\/\/www.fuldaernachrichten.de\/index.php?rest_route=\/wp\/v2\/posts\/120394\/revisions"}],"predecessor-version":[{"id":120452,"href":"https:\/\/www.fuldaernachrichten.de\/index.php?rest_route=\/wp\/v2\/posts\/120394\/revisions\/120452"}],"wp:attachment":[{"href":"https:\/\/www.fuldaernachrichten.de\/index.php?rest_route=%2Fwp%2Fv2%2Fmedia&parent=120394"}],"wp:term":[{"taxonomy":"category","embeddable":true,"href":"https:\/\/www.fuldaernachrichten.de\/index.php?rest_route=%2Fwp%2Fv2%2Fcategories&post=120394"},{"taxonomy":"post_tag","embeddable":true,"href":"https:\/\/www.fuldaernachrichten.de\/index.php?rest_route=%2Fwp%2Fv2%2Ftags&post=120394"}],"curies":[{"name":"wp","href":"https:\/\/api.w.org\/{rel}","templated":true}]}}