{"id":120392,"date":"2014-03-04T00:13:11","date_gmt":"2014-03-04T00:13:11","guid":{"rendered":"http:\/\/www.fuldaer-nachrichten.de\/?p=120392"},"modified":"2014-03-04T19:47:40","modified_gmt":"2014-03-04T19:47:40","slug":"familien-leben-mit-krebs-informationsveranstaltung","status":"publish","type":"post","link":"https:\/\/www.fuldaernachrichten.de\/?p=120392","title":{"rendered":"Familien leben \u2013 mit Krebs! Informationsveranstaltung"},"content":{"rendered":"<p>Fulda. Die Diagnose Krebs ver\u00e4ndert nicht nur f\u00fcr Erwachsene das Leben pl\u00f6tzlich. Auch Kinder und Jugendliche leiden unter den Folgen eines solch einschneidenden Ereignisses. Aufgaben und Rollen innerhalb der Familie verschieben sich, lieb gewordene famili\u00e4re Gewohnheiten wie Reisen, Kinobesuche oder gemeinsames Kochen werden auf Grund der Therapiefolgen zur\u00fcckgestellt.<!--more--><\/p>\n<p>Diese normalen Begleiterscheinungen bei einer Krebserkrankung in der Familie k\u00f6nnen bei den Kindern und Jugendlichen Verhaltensver\u00e4nderungen bewirken. Sie werden verschlossener, \u00e4ngstlicher oder auch aggressiver. Und f\u00fcr die Eltern ergeben sich Fragestellungen, die neu und unbekannt sind: Wie kl\u00e4rt man Kinder und Jugendliche \u00fcber die Erkrankung und ihre Behandlung auf? Wie spricht man \u00fcber Prognosen, die notwendigen Behandlungen, Nebenwirkungen der Therapie? Brauchen Kinder und Jugendliche Schonung, was k\u00f6nnen sie verkraften und verarbeiten?<\/p>\n<p>Zu diesen Themen und Fragen bietet die ambulante Psychosoziale Krebsberatungsstelle Fulda in Zusammenarbeit mit der Beratungsstelle f\u00fcr Eltern, Kinder und Jugendliche am Freitag, 14. M\u00e4rz, um 15.00 Uhr in den R\u00e4umen der Beratungsstelle f\u00fcr Eltern, Kinder und Jugendliche, Marienstr 5, in Fulda eine Informationsveranstaltung f\u00fcr Eltern an. Dazu sind alle Interessierten herzlich eingeladen. Anmeldungen nimmt das Sekretariat der Beratungsstelle f\u00fcr Eltern, Kinder und Jugendliche unter Telefon (0661)9015780 entgegen.<\/p>\n","protected":false},"excerpt":{"rendered":"<div class=\"tmnf_excerpt\"><p>Fulda. Die Diagnose Krebs ver\u00e4ndert nicht nur f\u00fcr Erwachsene das Leben pl\u00f6tzlich. Auch Kinder und Jugendliche leiden unter den Folgen eines solch einschneidenden Ereignisses. Aufgaben und Rollen innerhalb der Familie verschieben sich, lieb gewordene famili\u00e4re Gewohnheiten wie Reisen, Kinobesuche oder gemeinsames Kochen werden auf Grund der Therapiefolgen zur\u00fcckgestellt.<\/p>\n<\/div>","protected":false},"author":1,"featured_media":0,"comment_status":"closed","ping_status":"closed","sticky":false,"template":"","format":"standard","meta":{"footnotes":""},"categories":[1,51],"tags":[],"class_list":["post-120392","post","type-post","status-publish","format-standard","hentry","category-startseite","category-medizin"],"_links":{"self":[{"href":"https:\/\/www.fuldaernachrichten.de\/index.php?rest_route=\/wp\/v2\/posts\/120392","targetHints":{"allow":["GET"]}}],"collection":[{"href":"https:\/\/www.fuldaernachrichten.de\/index.php?rest_route=\/wp\/v2\/posts"}],"about":[{"href":"https:\/\/www.fuldaernachrichten.de\/index.php?rest_route=\/wp\/v2\/types\/post"}],"author":[{"embeddable":true,"href":"https:\/\/www.fuldaernachrichten.de\/index.php?rest_route=\/wp\/v2\/users\/1"}],"replies":[{"embeddable":true,"href":"https:\/\/www.fuldaernachrichten.de\/index.php?rest_route=%2Fwp%2Fv2%2Fcomments&post=120392"}],"version-history":[{"count":3,"href":"https:\/\/www.fuldaernachrichten.de\/index.php?rest_route=\/wp\/v2\/posts\/120392\/revisions"}],"predecessor-version":[{"id":120552,"href":"https:\/\/www.fuldaernachrichten.de\/index.php?rest_route=\/wp\/v2\/posts\/120392\/revisions\/120552"}],"wp:attachment":[{"href":"https:\/\/www.fuldaernachrichten.de\/index.php?rest_route=%2Fwp%2Fv2%2Fmedia&parent=120392"}],"wp:term":[{"taxonomy":"category","embeddable":true,"href":"https:\/\/www.fuldaernachrichten.de\/index.php?rest_route=%2Fwp%2Fv2%2Fcategories&post=120392"},{"taxonomy":"post_tag","embeddable":true,"href":"https:\/\/www.fuldaernachrichten.de\/index.php?rest_route=%2Fwp%2Fv2%2Ftags&post=120392"}],"curies":[{"name":"wp","href":"https:\/\/api.w.org\/{rel}","templated":true}]}}