{"id":120388,"date":"2014-03-02T09:01:56","date_gmt":"2014-03-02T09:01:56","guid":{"rendered":"http:\/\/www.fuldaer-nachrichten.de\/?p=120388"},"modified":"2014-03-01T14:03:46","modified_gmt":"2014-03-01T14:03:46","slug":"excel-grundkurs-teil-2-vhs-kurs-beginnt-am-dienstag-11-maerz-um-18-uhr-im-georg-stieler-haus","status":"publish","type":"post","link":"https:\/\/www.fuldaernachrichten.de\/?p=120388","title":{"rendered":"Excel-Grundkurs Teil 2 &#8211; VHS-Kurs beginnt am Dienstag, 11. M\u00e4rz, um 18 Uhr im Georg-Stieler-Haus"},"content":{"rendered":"<p>Fulda. F\u00fcr Absolventen des Kurses Tabellenkalkulation mit Microsoft Excel Teil 1 sowie f\u00fcr Praktiker, die ihr Wissen auffrischen, systematisieren und erweitern wollen, bietet die Volkshochschule des Landkreises Fulda einen Excel-Grundkurs Teil 2 an. <!--more--><\/p>\n<p>Die Teilnehmer erlernen das Arbeiten mit grundlegenden und fortgeschrittenen Funktionen aus den Bereichen Mathematik, Statistik, Finanzmathematik; verschachtelte Funktionen; Aufbau und Formatierung von Diagrammen und einiges mehr. Der Kurs beginnt am Dienstag, 11. M\u00e4rz, um 18 Uhr im Georg-Stieler-Haus, Gallasiniring 1, in Fulda. Informationen und vorherige Anmeldung im Internet unter <a href=\"http:\/\/www.vhs-fulda.de\">www.vhs-fulda.de <\/a>oder bei der VHS-Gesch\u00e4ftsstelle, Telefon (0661)25199-0.<\/p>\n","protected":false},"excerpt":{"rendered":"<div class=\"tmnf_excerpt\"><p>Fulda. F\u00fcr Absolventen des Kurses Tabellenkalkulation mit Microsoft Excel Teil 1 sowie f\u00fcr Praktiker, die ihr Wissen auffrischen, systematisieren und erweitern wollen, bietet die Volkshochschule des Landkreises Fulda einen Excel-Grundkurs Teil 2 an.<\/p>\n<\/div>","protected":false},"author":1,"featured_media":0,"comment_status":"closed","ping_status":"closed","sticky":false,"template":"","format":"standard","meta":{"footnotes":""},"categories":[1,53],"tags":[],"class_list":["post-120388","post","type-post","status-publish","format-standard","hentry","category-startseite","category-bildung"],"_links":{"self":[{"href":"https:\/\/www.fuldaernachrichten.de\/index.php?rest_route=\/wp\/v2\/posts\/120388","targetHints":{"allow":["GET"]}}],"collection":[{"href":"https:\/\/www.fuldaernachrichten.de\/index.php?rest_route=\/wp\/v2\/posts"}],"about":[{"href":"https:\/\/www.fuldaernachrichten.de\/index.php?rest_route=\/wp\/v2\/types\/post"}],"author":[{"embeddable":true,"href":"https:\/\/www.fuldaernachrichten.de\/index.php?rest_route=\/wp\/v2\/users\/1"}],"replies":[{"embeddable":true,"href":"https:\/\/www.fuldaernachrichten.de\/index.php?rest_route=%2Fwp%2Fv2%2Fcomments&post=120388"}],"version-history":[{"count":1,"href":"https:\/\/www.fuldaernachrichten.de\/index.php?rest_route=\/wp\/v2\/posts\/120388\/revisions"}],"predecessor-version":[{"id":120389,"href":"https:\/\/www.fuldaernachrichten.de\/index.php?rest_route=\/wp\/v2\/posts\/120388\/revisions\/120389"}],"wp:attachment":[{"href":"https:\/\/www.fuldaernachrichten.de\/index.php?rest_route=%2Fwp%2Fv2%2Fmedia&parent=120388"}],"wp:term":[{"taxonomy":"category","embeddable":true,"href":"https:\/\/www.fuldaernachrichten.de\/index.php?rest_route=%2Fwp%2Fv2%2Fcategories&post=120388"},{"taxonomy":"post_tag","embeddable":true,"href":"https:\/\/www.fuldaernachrichten.de\/index.php?rest_route=%2Fwp%2Fv2%2Ftags&post=120388"}],"curies":[{"name":"wp","href":"https:\/\/api.w.org\/{rel}","templated":true}]}}