{"id":120348,"date":"2014-03-01T00:14:48","date_gmt":"2014-03-01T00:14:48","guid":{"rendered":"http:\/\/www.fuldaer-nachrichten.de\/?p=120348"},"modified":"2014-02-28T17:02:44","modified_gmt":"2014-02-28T17:02:44","slug":"gassner-jr-mayrhofer-starten-in-der-deutschen-rallye-meisterschaft","status":"publish","type":"post","link":"https:\/\/www.fuldaernachrichten.de\/?p=120348","title":{"rendered":"Gassner jr. \/ Mayrhofer starten in der Deutschen Rallye Meisterschaft"},"content":{"rendered":"<p><a href=\"http:\/\/www.fuldaer-nachrichten.de\/wp-content\/uploads\/2014\/02\/GassnerJr_0114_MarcoMayrhofer.jpg\"><img decoding=\"async\" class=\"alignleft size-medium wp-image-120349\" alt=\"GassnerJr_0114_MarcoMayrhofer\" src=\"http:\/\/www.fuldaer-nachrichten.de\/wp-content\/uploads\/2014\/02\/GassnerJr_0114_MarcoMayrhofer-265x176.jpg\" width=\"265\" height=\"176\" srcset=\"https:\/\/www.fuldaernachrichten.de\/wp-content\/uploads\/2014\/02\/GassnerJr_0114_MarcoMayrhofer-265x176.jpg 265w, https:\/\/www.fuldaernachrichten.de\/wp-content\/uploads\/2014\/02\/GassnerJr_0114_MarcoMayrhofer.jpg 600w\" sizes=\"(max-width: 265px) 100vw, 265px\" \/><\/a> Nach langer Planung und vielen Verhandlungen steht es fest: Das Team Gassner jr. \/ Mayrhofer startet 2014 mit einem Mitsubishi Lancer Evo X R4 aus dem Hause Gassner-Motorsport in der neuen Deutschen Rallye Meisterschaft (DRM). \u201eNachdem wir im letzten Jahr keine komplette Meisterschaft gefahren sind, sondern einzeln ausgew\u00e4hlte L\u00e4ufe im In \u2013 und Ausland erfolgreich bestritten haben, wollte ich heuer unbedingt wieder um eine Troph\u00e4e k\u00e4mpfen.\u201c, so der 25-j\u00e4hrige, \u201eMit dem Start in der Europameisterschaft hat es leider nicht geklappt, aber die Deutsche Rallye Meisterschaft ist eine neue Herausforderung. Durch die Umstrukturierung stehen heuer insgesamt 14 L\u00e4ufe auf dem Programm, wovon acht L\u00e4ufe (vier je Halbjahr) gewertet werden. Unser Plan ist es, bei vier L\u00e4ufen im ersten Halbjahr dabei zu sein und dann sehen wir weiter.\u201c<!--more--><\/p>\n<p>Um das Fahrzeug optisch vom Vorjahr abzuheben, wurde dem Evo ein neues Outfit spendiert. Dieses Design ist an Jenes von 2009 angelehnt. Im besagten Jahr gewann Gassner jr. als bislang j\u00fcngster Fahrer die deutsche Rallye Meisterschaft.<\/p>\n<p><a href=\"http:\/\/www.fuldaer-nachrichten.de\/wp-content\/uploads\/2014\/02\/GassnerJr_0114_GassnerMotorsport.jpg\"><img decoding=\"async\" class=\"alignleft size-medium wp-image-120350\" alt=\"GassnerJr_0114_GassnerMotorsport\" src=\"http:\/\/www.fuldaer-nachrichten.de\/wp-content\/uploads\/2014\/02\/GassnerJr_0114_GassnerMotorsport-265x176.jpg\" width=\"265\" height=\"176\" srcset=\"https:\/\/www.fuldaernachrichten.de\/wp-content\/uploads\/2014\/02\/GassnerJr_0114_GassnerMotorsport-265x176.jpg 265w, https:\/\/www.fuldaernachrichten.de\/wp-content\/uploads\/2014\/02\/GassnerJr_0114_GassnerMotorsport.jpg 600w\" sizes=\"(max-width: 265px) 100vw, 265px\" \/><\/a>Zus\u00e4tzlich zur neuen Optik ist eine weitere Ver\u00e4nderung zu verzeichnen, denn mit dem Unternehmen HOVA Maschinenbau GmbH aus \u00d6sterreich konnte die Liste der Unterst\u00fctzer des Teams f\u00fcr 2014 weiter ausgebaut werden. \u201eMich freut es riesig, dass wir neben den bekannten Sponsoren wie Ravenol, HJS, Ralliart und den zahlreichen Ausr\u00fcstungspartnern, noch eine neue erfolgreiche Firma an Bord holen konnten!\u201c, sagt Hermann.<\/p>\n<p>Der Start in die Saison 2014 naht mit gro\u00dfen Schritten. Voller Motivation wird das Duo am 07.-08. M\u00e4rz mit der Saarland Pfalz Rallye &#8211; welche im Gebiet von Sankt Wendel abgehalten wird \u2013 die Bestzeitenjagd er\u00f6ffnen.<\/p>\n<p>Gassner jr. wird direkt aus Finnland vom Lancer Evolution Wintertraining, dass von Uwe Nittel initiiert wird, anreisen und muss sich schnell von Eis auf Asphalt umstellen. \u201eDas wird bestimmt nicht einfach, vor allem weil es vor der Rallye keinen Shakedown zum warmfahren gibt. Aber ich bin zuversichtlich, dass mir die Anpassung sowohl an das Auto als auch an den Untergrund rasch gelingen wird.\u201c<\/p>\n<p>Bereits Ende M\u00e4rz, vom 28. &#8211; 29.03, steht mit der Wikinger Rallye im Norden Deutschlands der zweite Einsatz am Programm. Neuland sowohl f\u00fcr den Fahrer als auch f\u00fcr die Beifahrerin. \u201eWir sind gut vorbereitet und freuen uns riesig die Saison mit zwei sch\u00f6nen Rallyes beginnen zu d\u00fcrfen. Den ersten Meisterschaftsl\u00e4ufen blicken wir somit zuversichtlich entgegen!\u201c, freut sich Mayrhofer.<\/p>\n","protected":false},"excerpt":{"rendered":"<div class=\"tmnf_excerpt\"><p>Nach langer Planung und vielen Verhandlungen steht es fest: Das Team Gassner jr. \/ Mayrhofer startet 2014 mit einem Mitsubishi Lancer Evo X R4 aus dem Hause Gassner-Motorsport in der neuen Deutschen Rallye Meisterschaft (DRM). \u201eNachdem wir im letzten Jahr keine komplette Meisterschaft gefahren sind, sondern einzeln ausgew\u00e4hlte L\u00e4ufe im In \u2013 und Ausland erfolgreich &hellip;<\/p>\n<\/div>","protected":false},"author":1,"featured_media":0,"comment_status":"closed","ping_status":"closed","sticky":false,"template":"","format":"standard","meta":{"footnotes":""},"categories":[1,35],"tags":[],"class_list":["post-120348","post","type-post","status-publish","format-standard","hentry","category-startseite","category-auto"],"_links":{"self":[{"href":"https:\/\/www.fuldaernachrichten.de\/index.php?rest_route=\/wp\/v2\/posts\/120348","targetHints":{"allow":["GET"]}}],"collection":[{"href":"https:\/\/www.fuldaernachrichten.de\/index.php?rest_route=\/wp\/v2\/posts"}],"about":[{"href":"https:\/\/www.fuldaernachrichten.de\/index.php?rest_route=\/wp\/v2\/types\/post"}],"author":[{"embeddable":true,"href":"https:\/\/www.fuldaernachrichten.de\/index.php?rest_route=\/wp\/v2\/users\/1"}],"replies":[{"embeddable":true,"href":"https:\/\/www.fuldaernachrichten.de\/index.php?rest_route=%2Fwp%2Fv2%2Fcomments&post=120348"}],"version-history":[{"count":2,"href":"https:\/\/www.fuldaernachrichten.de\/index.php?rest_route=\/wp\/v2\/posts\/120348\/revisions"}],"predecessor-version":[{"id":120368,"href":"https:\/\/www.fuldaernachrichten.de\/index.php?rest_route=\/wp\/v2\/posts\/120348\/revisions\/120368"}],"wp:attachment":[{"href":"https:\/\/www.fuldaernachrichten.de\/index.php?rest_route=%2Fwp%2Fv2%2Fmedia&parent=120348"}],"wp:term":[{"taxonomy":"category","embeddable":true,"href":"https:\/\/www.fuldaernachrichten.de\/index.php?rest_route=%2Fwp%2Fv2%2Fcategories&post=120348"},{"taxonomy":"post_tag","embeddable":true,"href":"https:\/\/www.fuldaernachrichten.de\/index.php?rest_route=%2Fwp%2Fv2%2Ftags&post=120348"}],"curies":[{"name":"wp","href":"https:\/\/api.w.org\/{rel}","templated":true}]}}