{"id":120340,"date":"2014-03-01T00:11:12","date_gmt":"2014-03-01T00:11:12","guid":{"rendered":"http:\/\/www.fuldaer-nachrichten.de\/?p=120340"},"modified":"2014-02-28T17:07:17","modified_gmt":"2014-02-28T17:07:17","slug":"erste-frau-an-der-spitze-des-regierungspraesidiums-darmstadt-ist-in-suedhessen-fest-verwurzelt","status":"publish","type":"post","link":"https:\/\/www.fuldaernachrichten.de\/?p=120340","title":{"rendered":"\u201eErste Frau an der Spitze des Regierungspr\u00e4sidiums Darmstadt ist in S\u00fcdhessen fest verwurzelt\u201c"},"content":{"rendered":"<p>Wiesbaden\/Darmstadt. Das Regierungspr\u00e4sidium Darmstadt hat seit eine neue Leitung. Brigitte Lindscheid wurde als erste Frau in dieser Funktion, durch Innenminister Peter Beuth als Regierungspr\u00e4sidentin in ihr Amt eingef\u00fchrt. Die bisherige Darmst\u00e4dter Stadtr\u00e4tin \u00fcbernimmt damit die Nachfolge von Johannes Baron, der gleichzeitig verabschiedet wurde. \u201eIch freue mich, dass mit Brigitte Lindscheid eine S\u00fcdhessin, die in der kommunalen Familie verwurzelt ist und das Haupt- und Ehrenamt gleicherma\u00dfen kennt, diese wichtige Aufgabe \u00fcbernimmt\u201c, sagte Innenminister Peter Beuth. Zugleich dankte der Minister dem bisherigen Amtsinhaber f\u00fcr seine erfolgreiche Arbeit in den vergangenen fast f\u00fcnf Jahren, mit der er sich \u00fcber die Region hinaus gro\u00dfen Respekt und Anerkennung erworben habe.<!--more--><\/p>\n<p>Innenminister Peter Beuth betonte in seiner Ansprache die besondere Bedeutung des Regierungspr\u00e4sidiums Darmstadt, das mit seinen 1500 Besch\u00e4ftigten an elf Standorten eine F\u00fclle an wichtigen Aufgaben, in einer der bedeutendsten Wirtschaftsregionen Europas, verantworte. \u201eBrigitte Lindscheid ist als Regierungspr\u00e4sidentin nicht nur \u00e2\u20ac\u0161Chefin\u00e2\u20ac\u02dc einer gro\u00dfen Beh\u00f6rde. Sie ist damit Schnittstelle zwischen Politik und Verwaltung. Ihre vorherige T\u00e4tigkeit als hauptamtliche Stadtr\u00e4tin in Darmstadt kommt ihr dabei sicher ebenso zugute, wie die Verwurzelung in der Region. Dabei z\u00e4hlt die Kommunalaufsicht \u00fcber die Landkreise, die kreisfreien St\u00e4dte und die Sonderstatusst\u00e4dte ebenso zu den Aufgaben des Regierungspr\u00e4sidiums wie die Regionalplanung, das Ausl\u00e4nderrecht, Arbeits- und Umweltschutzma\u00dfnahmen sowie die Bearbeitung von B\u00fcrgerantr\u00e4gen zu baulichen Schallschutzma\u00dfnahmen \u2013 und damit nenne ich nur einige der Themengebiete\u201c, so Innenminister Peter Beuth.<\/p>\n<p>Der Innenminister bedankte sich in seiner Ansprache auch bei dem scheidenden Regierungspr\u00e4sidenten f\u00fcr seine ausgezeichnete Arbeit in den letzten Jahren. \u201eDie Arbeit des scheidenden Regierungspr\u00e4sidenten Johannes Baron war durch Entschlussfreudigkeit, Geradlinigkeit, Durchsetzungsverm\u00f6gen und Fingerspitzengef\u00fchl gepr\u00e4gt. Diese Charaktereigenschaften haben den Regierungspr\u00e4sidenten nicht nur bei den Mitarbeiterinnen und Mitarbeitern, sondern vor allem drau\u00dfen im Regierungsbezirk Darmstadt zu einem Ansprechpartner gemacht, dem Anerkennung und Wertsch\u00e4tzung entgegengebracht wurde\u201c, unterstrich der Minister.<\/p>\n<p>In seiner Rede f\u00fchrte Peter Beuth aus, dass die Funktion eines Regierungspr\u00e4sidenten \u2013 dem Willen des Gesetzgebers folgend \u2013 die eines politischen Beamten ist und somit der stattfindende Amtswechsel eine Folge der demokratischen Mehrheitsentscheidung der Landtagswahl vom September des vergangenen Jahres.<\/p>\n<p>Der neuen Regierungspr\u00e4sidentin Brigitte Lindscheid w\u00fcnschte der Hessische Innenminister einen guten Start im neuen Amt und verband damit die Zuversicht, dass durch den nahtlosen Wechsel die erfolgreiche Arbeit des Regierungspr\u00e4sidiums Darmstadt in der gewohnt vertrauensvollen Art fortgesetzt wird. Dem scheidenden Regierungspr\u00e4sidenten Johannes Baron w\u00fcnschte er f\u00fcr seinen weiteren Lebensweg, pers\u00f6nlich und beruflich, alles Gute.<\/p>\n","protected":false},"excerpt":{"rendered":"<div class=\"tmnf_excerpt\"><p>Wiesbaden\/Darmstadt. Das Regierungspr\u00e4sidium Darmstadt hat seit eine neue Leitung. Brigitte Lindscheid wurde als erste Frau in dieser Funktion, durch Innenminister Peter Beuth als Regierungspr\u00e4sidentin in ihr Amt eingef\u00fchrt. Die bisherige Darmst\u00e4dter Stadtr\u00e4tin \u00fcbernimmt damit die Nachfolge von Johannes Baron, der gleichzeitig verabschiedet wurde. \u201eIch freue mich, dass mit Brigitte Lindscheid eine S\u00fcdhessin, die in der &hellip;<\/p>\n<\/div>","protected":false},"author":1,"featured_media":0,"comment_status":"closed","ping_status":"closed","sticky":false,"template":"","format":"standard","meta":{"footnotes":""},"categories":[1],"tags":[],"class_list":["post-120340","post","type-post","status-publish","format-standard","hentry","category-startseite"],"_links":{"self":[{"href":"https:\/\/www.fuldaernachrichten.de\/index.php?rest_route=\/wp\/v2\/posts\/120340","targetHints":{"allow":["GET"]}}],"collection":[{"href":"https:\/\/www.fuldaernachrichten.de\/index.php?rest_route=\/wp\/v2\/posts"}],"about":[{"href":"https:\/\/www.fuldaernachrichten.de\/index.php?rest_route=\/wp\/v2\/types\/post"}],"author":[{"embeddable":true,"href":"https:\/\/www.fuldaernachrichten.de\/index.php?rest_route=\/wp\/v2\/users\/1"}],"replies":[{"embeddable":true,"href":"https:\/\/www.fuldaernachrichten.de\/index.php?rest_route=%2Fwp%2Fv2%2Fcomments&post=120340"}],"version-history":[{"count":2,"href":"https:\/\/www.fuldaernachrichten.de\/index.php?rest_route=\/wp\/v2\/posts\/120340\/revisions"}],"predecessor-version":[{"id":120371,"href":"https:\/\/www.fuldaernachrichten.de\/index.php?rest_route=\/wp\/v2\/posts\/120340\/revisions\/120371"}],"wp:attachment":[{"href":"https:\/\/www.fuldaernachrichten.de\/index.php?rest_route=%2Fwp%2Fv2%2Fmedia&parent=120340"}],"wp:term":[{"taxonomy":"category","embeddable":true,"href":"https:\/\/www.fuldaernachrichten.de\/index.php?rest_route=%2Fwp%2Fv2%2Fcategories&post=120340"},{"taxonomy":"post_tag","embeddable":true,"href":"https:\/\/www.fuldaernachrichten.de\/index.php?rest_route=%2Fwp%2Fv2%2Ftags&post=120340"}],"curies":[{"name":"wp","href":"https:\/\/api.w.org\/{rel}","templated":true}]}}