{"id":120335,"date":"2014-03-01T00:20:40","date_gmt":"2014-03-01T00:20:40","guid":{"rendered":"http:\/\/www.fuldaer-nachrichten.de\/?p=120335"},"modified":"2014-02-28T17:08:33","modified_gmt":"2014-02-28T17:08:33","slug":"trend-messe-fulda-ist-ausgebucht-besucher-erwartet-ein-breites-informations-und-erlebnisangebot","status":"publish","type":"post","link":"https:\/\/www.fuldaernachrichten.de\/?p=120335","title":{"rendered":"trend-messe Fulda ist ausgebucht \u2013 Besucher erwartet ein breites Informations- und Erlebnisangebot"},"content":{"rendered":"<p><a href=\"http:\/\/www.fuldaer-nachrichten.de\/wp-content\/uploads\/2014\/02\/DSC_8603.jpg\"><img decoding=\"async\" class=\"alignleft size-medium wp-image-120336\" alt=\"DSC_8603\" src=\"http:\/\/www.fuldaer-nachrichten.de\/wp-content\/uploads\/2014\/02\/DSC_8603-265x176.jpg\" width=\"265\" height=\"176\" srcset=\"https:\/\/www.fuldaernachrichten.de\/wp-content\/uploads\/2014\/02\/DSC_8603-265x176.jpg 265w, https:\/\/www.fuldaernachrichten.de\/wp-content\/uploads\/2014\/02\/DSC_8603.jpg 600w\" sizes=\"(max-width: 265px) 100vw, 265px\" \/><\/a> Fulda. In wenigen Wochen er\u00f6ffnet die zweite trend-messe auf dem Messegel\u00e4nde der Fulda Galerie. Die durchf\u00fchrende Ausstellungsgesellschaft\u00c2\u00a0 Kinold hat bereits alle Messefl\u00e4chen vermietet, sodass vom 20. bis 23. M\u00e4rz die Besucher auf einem erweiterten Messegel\u00e4nde ein noch umfangreicheres Informations- und Erlebnisangebot vorfinden werden.<!--more--><\/p>\n<p><a href=\"http:\/\/www.fuldaer-nachrichten.de\/wp-content\/uploads\/2014\/02\/Rushmore-Lineup2.jpg\"><img decoding=\"async\" class=\"alignleft size-medium wp-image-120338\" alt=\"Rushmore Lineup2\" src=\"http:\/\/www.fuldaer-nachrichten.de\/wp-content\/uploads\/2014\/02\/Rushmore-Lineup2-265x176.jpg\" width=\"265\" height=\"176\" srcset=\"https:\/\/www.fuldaernachrichten.de\/wp-content\/uploads\/2014\/02\/Rushmore-Lineup2-265x176.jpg 265w, https:\/\/www.fuldaernachrichten.de\/wp-content\/uploads\/2014\/02\/Rushmore-Lineup2.jpg 600w\" sizes=\"(max-width: 265px) 100vw, 265px\" \/><\/a>\u00dcber 220 Aussteller werden sich beteiligen, die Ihr Sortiment und Dienstleistungsangebot zu den Themen Hausbau, Renovierung und Sanierung, Energie und Heiztechnik, Garten, Wohnen und Einrichten sowie Finanzierung und Planung pr\u00e4sentieren. Alle Kfz-Freunde k\u00f6nnen sich auf ein breiteres Angebot bei den Automobilen freuen, darunter werden auch mehrere Elektrofahrzeuge von Tesla zu sehen sein, die in Sachen Design und Leistung neue Ma\u00dfst\u00e4be im Bereich umweltfreundliche Autos setzen. Dazu wird es am ersten Messetag eine Sternfahrt mehrerer Tesla-Fahrer geben, die aus ganz Deutschland mit Ihren Elektromobilen zur Messe fahren, um sie dort auszustellen. Zum Thema Elektromobilit\u00e4t wird es auch einen Segway-Parcour f\u00fcr Testfahrten geben. Erstmals ist Harley Davidson aus Fulda mit der neuen Modellpalette der kultigen Zweir\u00e4der auf der trend-messe pr\u00e4sent und l\u00e4sst damit das Herz aller Motorrad-Fans h\u00f6her schlagen.<\/p>\n<p>Auch auf das Thema Ausbildung wird diesmal ein Schwerpunkt auf Messe gelegt. Um jungen Messebesuchern, die kurz vor dem Berufseinstieg stehen, die M\u00f6glichkeit zu geben, eine T\u00e4tigkeit erst einmal auszuprobieren, organisiert die Kreishandwerkerschaft Fulda zusammen mit dem Bildungszentrum der osthessischen Bauwirtschaft (Lehrbauhalle) eine ganze Messehalle mit \u00dcbungswerkst\u00e4tten. Hier k\u00f6nnen Interessierte selbst Hand anlegen und unter Anleitung selbst Mauerstein aufeinander setzen, Holz abschleifen und bei vielen anderen handwerklichen T\u00e4tigkeiten aktiv werden. Einige ausstellende Unternehmen bieten auch Ausbildungspl\u00e4tze an und suchen auf trend-messe gezielt nach Nachwuchskr\u00e4ften. Messebesucher bis einschlie\u00dflich 17 Jahre haben zudem freien Eintritt.<\/p>\n<p><a href=\"http:\/\/www.fuldaer-nachrichten.de\/wp-content\/uploads\/2014\/02\/Moe_BM_Zapfen.jpg\"><img decoding=\"async\" class=\"alignleft size-medium wp-image-120337\" alt=\"Moe_BM_Zapfen\" src=\"http:\/\/www.fuldaer-nachrichten.de\/wp-content\/uploads\/2014\/02\/Moe_BM_Zapfen-265x176.jpg\" width=\"265\" height=\"176\" srcset=\"https:\/\/www.fuldaernachrichten.de\/wp-content\/uploads\/2014\/02\/Moe_BM_Zapfen-265x176.jpg 265w, https:\/\/www.fuldaernachrichten.de\/wp-content\/uploads\/2014\/02\/Moe_BM_Zapfen.jpg 600w\" sizes=\"(max-width: 265px) 100vw, 265px\" \/><\/a>Neu ist ebenfalls die Erlebnisgastronomie, die von der M\u00f6nchshof Brauerei aus Kulmbach ausgerichtet wird. Hier werden im gem\u00fctlichen Biergarten leckere Gerichte zu familienfreundlichen Preisen serviert. Ebenso k\u00f6nnen die Besucher in der BrauMeisterei von M\u00f6nchshof beim Bierbrauen \u00fcber die Schulter sehen, sich \u00fcber die Besonderheiten und eingesetzten Rohstoffe informieren und Bier f\u00fcr zuhause in stilechten Ein-Liter-B\u00fcgelverschlussflaschen selbst zapfen.<\/p>\n<p>Die trend-messe bietet dieses Mal also nicht nur ein breites Angebot f\u00fcr Hausbauer, Heimwerker und Energiesparer, Auto- und Motorrad-Freunde, sondern auch ein Erlebnis f\u00fcr die ganze Familie mit vielen Gewinnspielen, speziellem Kinderunterhaltungsangeboten und kostenloser Kinderbetreuung.<\/p>\n<p><b>trend-messe Fulda auf der Fulda Galerie, 20. \u2013 23. M\u00e4rz 2014, \u00d6ffnungszeiten: 10 \u2013 18 Uhr<\/b><\/p>\n","protected":false},"excerpt":{"rendered":"<div class=\"tmnf_excerpt\"><p>Fulda. In wenigen Wochen er\u00f6ffnet die zweite trend-messe auf dem Messegel\u00e4nde der Fulda Galerie. Die durchf\u00fchrende Ausstellungsgesellschaft\u00c2\u00a0 Kinold hat bereits alle Messefl\u00e4chen vermietet, sodass vom 20. bis 23. M\u00e4rz die Besucher auf einem erweiterten Messegel\u00e4nde ein noch umfangreicheres Informations- und Erlebnisangebot vorfinden werden.<\/p>\n<\/div>","protected":false},"author":1,"featured_media":0,"comment_status":"closed","ping_status":"closed","sticky":false,"template":"","format":"standard","meta":{"footnotes":""},"categories":[1,29],"tags":[],"class_list":["post-120335","post","type-post","status-publish","format-standard","hentry","category-startseite","category-politik"],"_links":{"self":[{"href":"https:\/\/www.fuldaernachrichten.de\/index.php?rest_route=\/wp\/v2\/posts\/120335","targetHints":{"allow":["GET"]}}],"collection":[{"href":"https:\/\/www.fuldaernachrichten.de\/index.php?rest_route=\/wp\/v2\/posts"}],"about":[{"href":"https:\/\/www.fuldaernachrichten.de\/index.php?rest_route=\/wp\/v2\/types\/post"}],"author":[{"embeddable":true,"href":"https:\/\/www.fuldaernachrichten.de\/index.php?rest_route=\/wp\/v2\/users\/1"}],"replies":[{"embeddable":true,"href":"https:\/\/www.fuldaernachrichten.de\/index.php?rest_route=%2Fwp%2Fv2%2Fcomments&post=120335"}],"version-history":[{"count":2,"href":"https:\/\/www.fuldaernachrichten.de\/index.php?rest_route=\/wp\/v2\/posts\/120335\/revisions"}],"predecessor-version":[{"id":120372,"href":"https:\/\/www.fuldaernachrichten.de\/index.php?rest_route=\/wp\/v2\/posts\/120335\/revisions\/120372"}],"wp:attachment":[{"href":"https:\/\/www.fuldaernachrichten.de\/index.php?rest_route=%2Fwp%2Fv2%2Fmedia&parent=120335"}],"wp:term":[{"taxonomy":"category","embeddable":true,"href":"https:\/\/www.fuldaernachrichten.de\/index.php?rest_route=%2Fwp%2Fv2%2Fcategories&post=120335"},{"taxonomy":"post_tag","embeddable":true,"href":"https:\/\/www.fuldaernachrichten.de\/index.php?rest_route=%2Fwp%2Fv2%2Ftags&post=120335"}],"curies":[{"name":"wp","href":"https:\/\/api.w.org\/{rel}","templated":true}]}}