{"id":120333,"date":"2014-03-01T00:13:49","date_gmt":"2014-03-01T00:13:49","guid":{"rendered":"http:\/\/www.fuldaer-nachrichten.de\/?p=120333"},"modified":"2014-02-28T17:10:39","modified_gmt":"2014-02-28T17:10:39","slug":"black-and-white-gegensaetze-ziehen-sich-an-caritas-werkstaetten-feierten-fastnacht","status":"publish","type":"post","link":"https:\/\/www.fuldaernachrichten.de\/?p=120333","title":{"rendered":"\u201eBlack and White \u2013 Gegens\u00e4tze ziehen sich an\u201c!  &#8211; Caritas-Werkst\u00e4tten feierten Fastnacht"},"content":{"rendered":"<p>Fulda. Unter dem Motto \u201eBlack and White \u2013 Gegens\u00e4tze ziehen sich an\u201c begeisterten die Caritas-Werkst\u00e4tten Fulda G\u00e4ste, Mitarbeiterinnen und Mitarbeiter w\u00e4hrend der traditionellen Fastnachtsveranstaltung im voll besetzten B\u00fcrgerhaus in Haimbach. Nach der Begr\u00fc\u00dfung durch das Prinzenpaar \u201ePrinzessin Barbara vom schnellen Karton\u201c und \u201ePrinz Thomas dem Spezialisten f\u00fcr Alumontage\u201c f\u00fchrte der Faschingspr\u00e4sident der Caritas- Werkst\u00e4tten Emil Herbst durch das bunte Programm. Die Mitarbeiterinnen und Mitarbeiter der Werkst\u00e4tten feierten bei ausgelassener Stimmung zur Musik der \u201eDammersfeld Buben\u201c.<!--more--><\/p>\n<p>Er\u00f6ffnet wurde das Programm durch eine gelungene \u201eBlack an White\u201c- Choreografie des Personals. Danach begeisterten die Garde der Werkst\u00e4tten sowie \u201eDie Flotten Flitzer\u201c mit Ihrer Darbietung im Rollstuhl die Zuschauer. Ihr Comeback auf der B\u00fchne feierten die \u201eSunnyboys 2014\u201c mit einem stimmungsgeladenen Tanz.<\/p>\n<p>Als G\u00e4ste begr\u00fc\u00dften die Mitarbeiterinnen und Mitarbeiter der Caritas-Werkst\u00e4tten die Lausbuben und die Juniorengarde des FFCK mit ihrem Hofmarschall Christina die IVXX. Von Rhythmus und Herzlichkeit mit ihrer Adjutantin Sarah Bech. Auch der amtierende Westendmarshall Sascha XX. mit seiner Westendlady Julia von Karius und Baktus reihte sich wieder zum Abschluss des n\u00e4rrischen Nachmittags mit ein.<\/p>\n","protected":false},"excerpt":{"rendered":"<div class=\"tmnf_excerpt\"><p>Fulda. Unter dem Motto \u201eBlack and White \u2013 Gegens\u00e4tze ziehen sich an\u201c begeisterten die Caritas-Werkst\u00e4tten Fulda G\u00e4ste, Mitarbeiterinnen und Mitarbeiter w\u00e4hrend der traditionellen Fastnachtsveranstaltung im voll besetzten B\u00fcrgerhaus in Haimbach. Nach der Begr\u00fc\u00dfung durch das Prinzenpaar \u201ePrinzessin Barbara vom schnellen Karton\u201c und \u201ePrinz Thomas dem Spezialisten f\u00fcr Alumontage\u201c f\u00fchrte der Faschingspr\u00e4sident der Caritas- Werkst\u00e4tten Emil &hellip;<\/p>\n<\/div>","protected":false},"author":1,"featured_media":0,"comment_status":"closed","ping_status":"closed","sticky":false,"template":"","format":"standard","meta":{"footnotes":""},"categories":[1,44],"tags":[],"class_list":["post-120333","post","type-post","status-publish","format-standard","hentry","category-startseite","category-kultur"],"_links":{"self":[{"href":"https:\/\/www.fuldaernachrichten.de\/index.php?rest_route=\/wp\/v2\/posts\/120333","targetHints":{"allow":["GET"]}}],"collection":[{"href":"https:\/\/www.fuldaernachrichten.de\/index.php?rest_route=\/wp\/v2\/posts"}],"about":[{"href":"https:\/\/www.fuldaernachrichten.de\/index.php?rest_route=\/wp\/v2\/types\/post"}],"author":[{"embeddable":true,"href":"https:\/\/www.fuldaernachrichten.de\/index.php?rest_route=\/wp\/v2\/users\/1"}],"replies":[{"embeddable":true,"href":"https:\/\/www.fuldaernachrichten.de\/index.php?rest_route=%2Fwp%2Fv2%2Fcomments&post=120333"}],"version-history":[{"count":2,"href":"https:\/\/www.fuldaernachrichten.de\/index.php?rest_route=\/wp\/v2\/posts\/120333\/revisions"}],"predecessor-version":[{"id":120373,"href":"https:\/\/www.fuldaernachrichten.de\/index.php?rest_route=\/wp\/v2\/posts\/120333\/revisions\/120373"}],"wp:attachment":[{"href":"https:\/\/www.fuldaernachrichten.de\/index.php?rest_route=%2Fwp%2Fv2%2Fmedia&parent=120333"}],"wp:term":[{"taxonomy":"category","embeddable":true,"href":"https:\/\/www.fuldaernachrichten.de\/index.php?rest_route=%2Fwp%2Fv2%2Fcategories&post=120333"},{"taxonomy":"post_tag","embeddable":true,"href":"https:\/\/www.fuldaernachrichten.de\/index.php?rest_route=%2Fwp%2Fv2%2Ftags&post=120333"}],"curies":[{"name":"wp","href":"https:\/\/api.w.org\/{rel}","templated":true}]}}