{"id":120302,"date":"2014-03-01T00:14:11","date_gmt":"2014-03-01T00:14:11","guid":{"rendered":"http:\/\/www.fuldaer-nachrichten.de\/?p=120302"},"modified":"2014-02-28T17:23:02","modified_gmt":"2014-02-28T17:23:02","slug":"12-bewohnerprinzenpaar-im-fliedener-alten-und-pflegeheim-inthronisiert","status":"publish","type":"post","link":"https:\/\/www.fuldaernachrichten.de\/?p=120302","title":{"rendered":"12. Bewohnerprinzenpaar im Fliedener Alten- und Pflegeheim inthronisiert"},"content":{"rendered":"<p align=\"left\"><a href=\"http:\/\/www.fuldaer-nachrichten.de\/wp-content\/uploads\/2014\/02\/BILD7116-crop.jpg\"><img decoding=\"async\" class=\"alignleft size-medium wp-image-120303\" alt=\"BILD7116-crop\" src=\"http:\/\/www.fuldaer-nachrichten.de\/wp-content\/uploads\/2014\/02\/BILD7116-crop-265x182.jpg\" width=\"265\" height=\"182\" srcset=\"https:\/\/www.fuldaernachrichten.de\/wp-content\/uploads\/2014\/02\/BILD7116-crop-265x182.jpg 265w, https:\/\/www.fuldaernachrichten.de\/wp-content\/uploads\/2014\/02\/BILD7116-crop.jpg 600w\" sizes=\"(max-width: 265px) 100vw, 265px\" \/><\/a>Flieden. Prinz Erich \u201eder Rocker vom Kilian\u201c nahm sich Prinzessin Ute \u201eDie pflegende Hand\u201c als Prinzessin und regiert seit heute n\u00e4rrisch als 12. Prinzenpaar \u00fcber das Fliedener Alten- und Pflegeheim St. Katharina und die Tagespflege St Josef. Durch ein buntes Programm mit Tanzeinlagen, B\u00fcttenvortr\u00e4gen und Showeinlagen, das von Mitarbeitern und Freunden des Hauses gestaltet wurde, moderierte Heimleiter Oliver Krah als Sitzungspr\u00e4sident. Zum Finale hielt das Prinzenpaar des Fliedener Carnevalsvereins nebst Hofstaat Einzug und hatte die Kindergarde, das Kinderprinzenpaar und ein Pr\u00e4sent f\u00fcr die Heimbewohner im Gep\u00e4ck.<\/p>\n","protected":false},"excerpt":{"rendered":"<div class=\"tmnf_excerpt\"><p>Flieden. Prinz Erich \u201eder Rocker vom Kilian\u201c nahm sich Prinzessin Ute \u201eDie pflegende Hand\u201c als Prinzessin und regiert seit heute n\u00e4rrisch als 12. Prinzenpaar \u00fcber das Fliedener Alten- und Pflegeheim St. Katharina und die Tagespflege St Josef. Durch ein buntes Programm mit Tanzeinlagen, B\u00fcttenvortr\u00e4gen und Showeinlagen, das von Mitarbeitern und Freunden des Hauses gestaltet wurde, &hellip;<\/p>\n<\/div>","protected":false},"author":1,"featured_media":0,"comment_status":"closed","ping_status":"closed","sticky":false,"template":"","format":"standard","meta":{"footnotes":""},"categories":[1],"tags":[],"class_list":["post-120302","post","type-post","status-publish","format-standard","hentry","category-startseite"],"_links":{"self":[{"href":"https:\/\/www.fuldaernachrichten.de\/index.php?rest_route=\/wp\/v2\/posts\/120302","targetHints":{"allow":["GET"]}}],"collection":[{"href":"https:\/\/www.fuldaernachrichten.de\/index.php?rest_route=\/wp\/v2\/posts"}],"about":[{"href":"https:\/\/www.fuldaernachrichten.de\/index.php?rest_route=\/wp\/v2\/types\/post"}],"author":[{"embeddable":true,"href":"https:\/\/www.fuldaernachrichten.de\/index.php?rest_route=\/wp\/v2\/users\/1"}],"replies":[{"embeddable":true,"href":"https:\/\/www.fuldaernachrichten.de\/index.php?rest_route=%2Fwp%2Fv2%2Fcomments&post=120302"}],"version-history":[{"count":2,"href":"https:\/\/www.fuldaernachrichten.de\/index.php?rest_route=\/wp\/v2\/posts\/120302\/revisions"}],"predecessor-version":[{"id":120382,"href":"https:\/\/www.fuldaernachrichten.de\/index.php?rest_route=\/wp\/v2\/posts\/120302\/revisions\/120382"}],"wp:attachment":[{"href":"https:\/\/www.fuldaernachrichten.de\/index.php?rest_route=%2Fwp%2Fv2%2Fmedia&parent=120302"}],"wp:term":[{"taxonomy":"category","embeddable":true,"href":"https:\/\/www.fuldaernachrichten.de\/index.php?rest_route=%2Fwp%2Fv2%2Fcategories&post=120302"},{"taxonomy":"post_tag","embeddable":true,"href":"https:\/\/www.fuldaernachrichten.de\/index.php?rest_route=%2Fwp%2Fv2%2Ftags&post=120302"}],"curies":[{"name":"wp","href":"https:\/\/api.w.org\/{rel}","templated":true}]}}