{"id":120295,"date":"2014-03-03T00:17:05","date_gmt":"2014-03-03T00:17:05","guid":{"rendered":"http:\/\/www.fuldaer-nachrichten.de\/?p=120295"},"modified":"2014-02-28T17:21:50","modified_gmt":"2014-02-28T17:21:50","slug":"lebendige-faschingskultur-im-altenpflegeheim-st-josef","status":"publish","type":"post","link":"https:\/\/www.fuldaernachrichten.de\/?p=120295","title":{"rendered":"Lebendige Faschingskultur im Altenpflegeheim St. Josef"},"content":{"rendered":"<p><a href=\"http:\/\/www.fuldaer-nachrichten.de\/wp-content\/uploads\/2014\/02\/Foto-1-Sitzungspr\u00e4sident-e1393570634514.jpg\"><img decoding=\"async\" class=\"alignleft size-medium wp-image-120296\" alt=\"Foto 1 - Sitzungspr\u00e4sident\" src=\"http:\/\/www.fuldaer-nachrichten.de\/wp-content\/uploads\/2014\/02\/Foto-1-Sitzungspr\u00e4sident-e1393570634514-176x265.jpg\" width=\"176\" height=\"265\" \/><\/a>Fulda. W\u00fcrdevoll hat sich Manfred van den Brock auf dem Pr\u00e4sidentenstuhl\u00c2\u00a0 positioniert und\u00c2\u00a0 schaut wohlwollend\u00c2\u00a0 in die Runde seiner Mitbewohnerinnen und -bewohner des\u00c2\u00a0 Caritas-Altenpflegeheim St. Josef. Soeben wurde der 74\u00c2\u00a0 J\u00e4hrige von Einrichtungsleiter Oliver Trousil dem erwartungsvollen Publikum als der neue Sitzungspr\u00e4sident der Faschingsfeierlichkeiten in St. Josef vorgestellt. Nicht etwa, dass er neu w\u00e4re auf dem Gebiet \u2013 van den Brock war bereits 33 Jahre lang Sitzungspr\u00e4sident beim traditionellen Nachthemdenball der Caritas-Wohnheime.\u00c2\u00a0 Im M\u00e4rz vergangenen Jahres entschied\u00c2\u00a0 er sich\u00c2\u00a0 wg.\u00c2\u00a0 den zunehmenden Einschr\u00e4nkungen durch seine Parkinson Erkrankung\u00c2\u00a0 ins\u00c2\u00a0 Altenpflegeheim St. Josef zu ziehen. Schon damals hegte er den Wunsch, das\u00c2\u00a0 Amt, das er immer mit leidenschaftlichem Engagement und gro\u00dfem rhetorischem\u00c2\u00a0\u00c2\u00a0 Geschick ausgef\u00fcllt hatte,\u00c2\u00a0 auch in seinem neuen\u00c2\u00a0 Zuhause wieder \u00fcbernehmen\u00c2\u00a0 zu k\u00f6nnen.<!--more--><\/p>\n<p><i>\u201eSuper\u201c<\/i> freut sich Kerstin Herber, die seit Jahren als ehrenamtliche <a href=\"http:\/\/www.fuldaer-nachrichten.de\/wp-content\/uploads\/2014\/02\/Foto-5-Sitzungspr\u00e4sident-Prinz-Heinz-Co-Pr\u00e4sidentin.jpg\"><img decoding=\"async\" class=\"alignleft size-medium wp-image-120300\" alt=\"Foto 5 - Sitzungspr\u00e4sident-Prinz Heinz-Co Pr\u00e4sidentin\" src=\"http:\/\/www.fuldaer-nachrichten.de\/wp-content\/uploads\/2014\/02\/Foto-5-Sitzungspr\u00e4sident-Prinz-Heinz-Co-Pr\u00e4sidentin-265x176.jpg\" width=\"265\" height=\"176\" \/><\/a>Faschingsbeauftragte des Hauses die jecken Feierlichkeiten ma\u00dfgeblich mitgestaltet\u00c2\u00a0 <i>\u201edas kann doch nur gut sein f\u00fcr unser Haus, wenn ein echter Karnevalsprofi die Feier mitgestaltet.\u201c\u00c2\u00a0 <\/i>Die 31 j\u00e4hrige Altenpflegerin\u00c2\u00a0 ist\u00c2\u00a0 selbst\u00c2\u00a0 fest verwurzelt in der Fuldaer Karnevalskultur und sch\u00e4tzt es besonders, wenn die Seniorinnen und Senioren des Pflegeheims, in dem sie auch hauptamtlich arbeitet, sich\u00c2\u00a0 engagieren und ihre F\u00e4higkeiten und Ideen bei den Festen einbringen. So moderiert sie in diesem Jahr die Faschingsfeier in St. Josef als Co-Pr\u00e4sidentin gemeinsam mit Manfred van den Brock. Zum diesj\u00e4hrigen Tollit\u00e4ten \u2013Team z\u00e4hlt\u00c2\u00a0 au\u00dferdem noch \u201ePrinz Heinz von der n\u00e4rrischen Station\u201c. Der 69 j\u00e4hrige Heinz Strohbach lebt seit 3 Jahren im Josefsheim. Er hat schon in den vergangenen Jahren die Faschingsfeiern\u00c2\u00a0 begeistert\u00c2\u00a0 mitgestaltet und freut sich in diesem Jahr besonders \u00fcber sein Prinzenamt und den Ehrenplatz in der Mitte der Elferratsmitglieder, die allesamt zur Bewohnerschaft des Pflegeheims geh\u00f6ren. Hand in Hand arbeitet das professionelle Faschingsteam bei der\u00c2\u00a0 Ank\u00fcndigung\u00c2\u00a0 und W\u00fcrdigung\u00c2\u00a0 der Beitr\u00e4ge und Akteure. Und diese sind zahlreich:<\/p>\n<p>So freut sich die Bewohnerschaft von St. Josef\u00c2\u00a0 auch in diesem Jahr\u00c2\u00a0 \u00fcber\u00c2\u00a0 den Einzug der Tanzgarden der Bachrainer Feuerwehr, Abteilung Fastnacht, so wie\u00c2\u00a0 \u00fcber\u00c2\u00a0 den Besuch der Harmerzer Musketiere\u00c2\u00a0 mit einer\u00c2\u00a0 Vorf\u00fchrung der Tanzsternchen.<\/p>\n<p><a href=\"http:\/\/www.fuldaer-nachrichten.de\/wp-content\/uploads\/2014\/02\/Foto-4-Tanzgarde-HOBIFA.jpg\"><img decoding=\"async\" class=\"alignleft size-medium wp-image-120299\" alt=\"Foto 4 - Tanzgarde HOBIFA\" src=\"http:\/\/www.fuldaer-nachrichten.de\/wp-content\/uploads\/2014\/02\/Foto-4-Tanzgarde-HOBIFA-265x176.jpg\" width=\"265\" height=\"176\" srcset=\"https:\/\/www.fuldaernachrichten.de\/wp-content\/uploads\/2014\/02\/Foto-4-Tanzgarde-HOBIFA-265x176.jpg 265w, https:\/\/www.fuldaernachrichten.de\/wp-content\/uploads\/2014\/02\/Foto-4-Tanzgarde-HOBIFA.jpg 600w\" sizes=\"(max-width: 265px) 100vw, 265px\" \/><\/a>Kr\u00f6nender H\u00f6hepunkt des n\u00e4rrischen Treibens ist dann der Einzug der HoBiFa\u00c2\u00a0 mit Prinzenpaar, Prinzenmariechen\u00c2\u00a0 gesamtem Hofstaat und Tanzgarde. F\u00fcr\u00c2\u00a0 die professionellen Karnevalisten ist es Ehrensache,\u00c2\u00a0 der Faschingsfeier in St. Josef Jahr f\u00fcr Jahr einen Besuch abzustatten und das bestens gelaunte Publikum\u00c2\u00a0 mit\u00c2\u00a0\u00c2\u00a0 minuti\u00f6s einstudierten T\u00e4nzen zu begl\u00fccken. <i>\u201eDer Besuch der Faschingsfeier im Josefsheim<\/i>\u201c so Uwe Trapp, Pr\u00e4sident der Hofbieberer\u00c2\u00a0 Fastnacht\u00c2\u00a0 Gesellschaft (HoBiFa)\u00c2\u00a0 an das St. Josefs Publikum\u00c2\u00a0 <i>\u201eist f\u00fcr\u00c2\u00a0 uns jedes Jahr\u00c2\u00a0 selbstverst\u00e4ndlich! Es g\u00e4be f\u00fcr uns nur einen Grund nicht mehr zu kommen \u2013 wenn Sie uns nicht mehr wollen\u201c.<\/i> Diesen Grund wird die Bewohner- und Mitarbeiterschaft von St. Josef dem erfahrenen Fastnachtler in absehbarer Zeit nicht liefern. Darauf lassen allein schon die strahlenden Gesichter der\u00c2\u00a0 schwungvoll zu den T\u00e4nzen der Jugendlichen schunkelnden Seniorinnen und Senioren schlie\u00dfen.<\/p>\n<p><a href=\"http:\/\/www.fuldaer-nachrichten.de\/wp-content\/uploads\/2014\/02\/Foto-3-feiernde-Bewohner.jpg\"><img loading=\"lazy\" decoding=\"async\" class=\"alignleft size-medium wp-image-120298\" alt=\"Foto 3 - feiernde Bewohner\" src=\"http:\/\/www.fuldaer-nachrichten.de\/wp-content\/uploads\/2014\/02\/Foto-3-feiernde-Bewohner-265x176.jpg\" width=\"265\" height=\"176\" srcset=\"https:\/\/www.fuldaernachrichten.de\/wp-content\/uploads\/2014\/02\/Foto-3-feiernde-Bewohner-265x176.jpg 265w, https:\/\/www.fuldaernachrichten.de\/wp-content\/uploads\/2014\/02\/Foto-3-feiernde-Bewohner.jpg 600w\" sizes=\"(max-width: 265px) 100vw, 265px\" \/><\/a><i>\u201eDas\u00c2\u00a0<\/i><i> Ziel, eine Atmosph\u00e4re zu schaffen\u201c,<\/i> res\u00fcmiert Einrichtungsleiter Oliver Trousil, <i>\u201e in der Bewohne\/innen, Mitarbeiter\/innen, Angeh\u00f6rige und ehrenamtlich Engagierte aus den Vereinen , ihre Ideen und F\u00e4higkeiten miteinander teilen und w\u00fcrdigen, ist zur Bereicherung aller Beteiligten bei dieser Feier einmal mehr gelungen.<\/i><b> <\/b><\/p>\n","protected":false},"excerpt":{"rendered":"<div class=\"tmnf_excerpt\"><p>Fulda. W\u00fcrdevoll hat sich Manfred van den Brock auf dem Pr\u00e4sidentenstuhl\u00c2\u00a0 positioniert und\u00c2\u00a0 schaut wohlwollend\u00c2\u00a0 in die Runde seiner Mitbewohnerinnen und -bewohner des\u00c2\u00a0 Caritas-Altenpflegeheim St. Josef. Soeben wurde der 74\u00c2\u00a0 J\u00e4hrige von Einrichtungsleiter Oliver Trousil dem erwartungsvollen Publikum als der neue Sitzungspr\u00e4sident der Faschingsfeierlichkeiten in St. Josef vorgestellt. Nicht etwa, dass er neu w\u00e4re auf &hellip;<\/p>\n<\/div>","protected":false},"author":1,"featured_media":0,"comment_status":"closed","ping_status":"closed","sticky":false,"template":"","format":"standard","meta":{"footnotes":""},"categories":[1,44],"tags":[],"class_list":["post-120295","post","type-post","status-publish","format-standard","hentry","category-startseite","category-kultur"],"_links":{"self":[{"href":"https:\/\/www.fuldaernachrichten.de\/index.php?rest_route=\/wp\/v2\/posts\/120295","targetHints":{"allow":["GET"]}}],"collection":[{"href":"https:\/\/www.fuldaernachrichten.de\/index.php?rest_route=\/wp\/v2\/posts"}],"about":[{"href":"https:\/\/www.fuldaernachrichten.de\/index.php?rest_route=\/wp\/v2\/types\/post"}],"author":[{"embeddable":true,"href":"https:\/\/www.fuldaernachrichten.de\/index.php?rest_route=\/wp\/v2\/users\/1"}],"replies":[{"embeddable":true,"href":"https:\/\/www.fuldaernachrichten.de\/index.php?rest_route=%2Fwp%2Fv2%2Fcomments&post=120295"}],"version-history":[{"count":2,"href":"https:\/\/www.fuldaernachrichten.de\/index.php?rest_route=\/wp\/v2\/posts\/120295\/revisions"}],"predecessor-version":[{"id":120381,"href":"https:\/\/www.fuldaernachrichten.de\/index.php?rest_route=\/wp\/v2\/posts\/120295\/revisions\/120381"}],"wp:attachment":[{"href":"https:\/\/www.fuldaernachrichten.de\/index.php?rest_route=%2Fwp%2Fv2%2Fmedia&parent=120295"}],"wp:term":[{"taxonomy":"category","embeddable":true,"href":"https:\/\/www.fuldaernachrichten.de\/index.php?rest_route=%2Fwp%2Fv2%2Fcategories&post=120295"},{"taxonomy":"post_tag","embeddable":true,"href":"https:\/\/www.fuldaernachrichten.de\/index.php?rest_route=%2Fwp%2Fv2%2Ftags&post=120295"}],"curies":[{"name":"wp","href":"https:\/\/api.w.org\/{rel}","templated":true}]}}