{"id":120268,"date":"2014-03-01T00:09:11","date_gmt":"2014-03-01T00:09:11","guid":{"rendered":"http:\/\/www.fuldaer-nachrichten.de\/?p=120268"},"modified":"2014-02-27T15:58:52","modified_gmt":"2014-02-27T15:58:52","slug":"topthema-bild-grundschule-mackenzell-bietet-viel-sport-und-zuckerfreien-vormittag-eltern-unterstuetzen-zahlreiche-projekte","status":"publish","type":"post","link":"https:\/\/www.fuldaernachrichten.de\/?p=120268","title":{"rendered":"Grundschule Mackenzell bietet viel Sport und zuckerfreien Vormittag &#8211; Eltern unterst\u00fctzen zahlreiche Projekte"},"content":{"rendered":"<p>H\u00fcnfeld. Nicht nur in Sotchi haben die Athleten in den vergangenen Tagen um olympisches Edelmetall gek\u00e4mpft, sondern auch an der Grundschule im H\u00fcnfelder Stadtteil Mackenzell. Anfang der vergangenen Woche durften die 60 Sch\u00fcler ihr K\u00f6nnen an verschiedenen Sportstationen beweisen. \u201eDas hat hier schon Tradition. Alle zwei Jahre findet bei uns der Olympische Tag statt\u201c, erkl\u00e4rt Schulleiterin Ulrike B\u00f6nsch.<!--more--><b> <\/b><\/p>\n<p>Im Mittelpunkt stand nicht die sportliche Leistung, sondern der Fokus richtete sich prim\u00e4r auf die Gemeinschaft und den Spa\u00df an der sportlichen Bewegung. Das deckt sich mit der Vorgabe der vier Lehrkr\u00e4fte, die die Jungen und M\u00e4dchen in insgesamt drei Klassen unterrichten (die 1. und 2. Klasse sind kombiniert). \u201eDie Kinder sollen sich wohl f\u00fchlen und in einem angenehmen Klima lernen\u201c, erkl\u00e4rt B\u00f6nsch. Die reine Wissensvermittlung stehe an zweiter Stelle. Wichtiger sei es, den Sch\u00fclern Kompetenzen beizubringen, die sie im sp\u00e4teren Leben br\u00e4uchten. \u201eBei uns soll man das Leben lernen\u201c, betont die 44-J\u00e4hrige. Dazu geben sie und ihre Kolleginnen den Kleinen das R\u00fcstzeug mit auf den sp\u00e4teren Weg. Motto: Es ist nicht wichtig zu wissen, wie viele Kilo eine Tonne hat. Wichtiger ist zu wissen, wo man die richtige Antwort findet.<\/p>\n<p>Die engen famili\u00e4ren Bande bieten im H\u00fcnfelder Stadtteil den idealen N\u00e4hrboden f\u00fcr ein harmonisches und intensives Miteinander an der Grundschule. Alle Kinder kommen aus Mackenzell und sind deshalb nicht auf den Schulbus angewiesen. B\u00f6nsch, die seit dem Jahr 2003 als Schulleiterin die F\u00e4den zieht, lobt das Engagement vieler Eltern, die sich teilweise sogar frei nehmen, um selbst mit Hand anzulegen und Projekte zu erm\u00f6glichen, die aufgrund der geringen Lehreranzahl sonst nicht realisierbar w\u00e4ren.<\/p>\n<p>Schwerpunkte im Schulalltag bilden \u201eBewegung\u201c sowie \u201eGesunde Ern\u00e4hrung\u201c dar. Unter dem Stichwort \u201ezuckerfreier Vormittag\u201c werden die Sch\u00fcler f\u00fcr ein gesundes und ausgewogenes Fr\u00fchst\u00fcck sensibilisiert, bei dem S\u00fc\u00dfigkeiten nur eine Ausnahme darstellen. Mineralwasser ist das g\u00e4ngige Getr\u00e4nk.<\/p>\n<p>\u201eWir achten darauf, dass sich die Kinder regelm\u00e4\u00dfig im Klassenraum und auf dem Schulhof austoben k\u00f6nnen\u201c, so B\u00f6nsch. Laufen, H\u00fcpfen und Springen sollen die Sauerstoffzufuhr optimieren und die Konzentrationsf\u00e4higkeit steigern. Eine Kooperation mit dem H\u00fcnfelder Tennisverein gestattet es den Sch\u00fclern, fr\u00fchzeitig zu Schl\u00e4ger und Ball zu greifen und eine m\u00f6gliche Begabung f\u00fcr den Umgang mit der gelben Filzkugel zu entdecken.<\/p>\n<p>Projekte und zus\u00e4tzliche Veranstaltungen ziehen sich wie Perlen an einer Kette durch das Mackenzeller Schuljahr. Schulfeste, Projektwochen, Radfahrausbildung, Wanderungen und Unterrichtsg\u00e4nge durch den beschaulichen Stadtteil erg\u00e4nzen das traditionelle Angebot. Im Herbst fand eine Schm\u00f6kerwoche statt, um den Nachwuchs f\u00fcr B\u00fccher zu begeistern und geladenen Autoren zu lauschen \u2013 mit gro\u00dfem Erfolg, wie die Schulleiterin begeistert anmerkt. Anfang Juni sind die Hobbyforscher zum Experimentieren aufgerufen. Bereits am Faschingsdienstag verwandelt sich die Grundschule in eine kleine Narrenhochburg.<\/p>\n<p>Auch die neuen Medien kommen in Mackenzell nicht zu kurz. Im Computerraum machen die Dritt- und Viertkl\u00e4ssler ihre ersten Gehversuche am PC. Der F\u00f6rderverein versorgt die Eltern dar\u00fcber hinaus mit Tipps zum sinnvollen Umgang mit Internet und Co. Ein Werkraum, eine kleine Turnhalle und ein Betreuungsraum runden die Infrastruktur der Grundschule ab. Die Vormittagsbetreuung endet momentan um 13.30 Uhr, die Pl\u00e4ne f\u00fcr eine Nachmittagsbetreuung liegen augenblicklich auf Eis \u2013 im famili\u00e4r gepr\u00e4gten Mackenzell d\u00fcrfte das zu verschmerzen sein.<\/p>\n","protected":false},"excerpt":{"rendered":"<div class=\"tmnf_excerpt\"><p>H\u00fcnfeld. Nicht nur in Sotchi haben die Athleten in den vergangenen Tagen um olympisches Edelmetall gek\u00e4mpft, sondern auch an der Grundschule im H\u00fcnfelder Stadtteil Mackenzell. Anfang der vergangenen Woche durften die 60 Sch\u00fcler ihr K\u00f6nnen an verschiedenen Sportstationen beweisen. \u201eDas hat hier schon Tradition. Alle zwei Jahre findet bei uns der Olympische Tag statt\u201c, erkl\u00e4rt &hellip;<\/p>\n<\/div>","protected":false},"author":1,"featured_media":120280,"comment_status":"closed","ping_status":"closed","sticky":false,"template":"","format":"standard","meta":{"footnotes":""},"categories":[1,53,78],"tags":[],"class_list":["post-120268","post","type-post","status-publish","format-standard","has-post-thumbnail","hentry","category-startseite","category-bildung","category-topthema"],"_links":{"self":[{"href":"https:\/\/www.fuldaernachrichten.de\/index.php?rest_route=\/wp\/v2\/posts\/120268","targetHints":{"allow":["GET"]}}],"collection":[{"href":"https:\/\/www.fuldaernachrichten.de\/index.php?rest_route=\/wp\/v2\/posts"}],"about":[{"href":"https:\/\/www.fuldaernachrichten.de\/index.php?rest_route=\/wp\/v2\/types\/post"}],"author":[{"embeddable":true,"href":"https:\/\/www.fuldaernachrichten.de\/index.php?rest_route=\/wp\/v2\/users\/1"}],"replies":[{"embeddable":true,"href":"https:\/\/www.fuldaernachrichten.de\/index.php?rest_route=%2Fwp%2Fv2%2Fcomments&post=120268"}],"version-history":[{"count":5,"href":"https:\/\/www.fuldaernachrichten.de\/index.php?rest_route=\/wp\/v2\/posts\/120268\/revisions"}],"predecessor-version":[{"id":120284,"href":"https:\/\/www.fuldaernachrichten.de\/index.php?rest_route=\/wp\/v2\/posts\/120268\/revisions\/120284"}],"wp:featuredmedia":[{"embeddable":true,"href":"https:\/\/www.fuldaernachrichten.de\/index.php?rest_route=\/wp\/v2\/media\/120280"}],"wp:attachment":[{"href":"https:\/\/www.fuldaernachrichten.de\/index.php?rest_route=%2Fwp%2Fv2%2Fmedia&parent=120268"}],"wp:term":[{"taxonomy":"category","embeddable":true,"href":"https:\/\/www.fuldaernachrichten.de\/index.php?rest_route=%2Fwp%2Fv2%2Fcategories&post=120268"},{"taxonomy":"post_tag","embeddable":true,"href":"https:\/\/www.fuldaernachrichten.de\/index.php?rest_route=%2Fwp%2Fv2%2Ftags&post=120268"}],"curies":[{"name":"wp","href":"https:\/\/api.w.org\/{rel}","templated":true}]}}