{"id":120181,"date":"2014-02-27T00:13:46","date_gmt":"2014-02-27T00:13:46","guid":{"rendered":"http:\/\/www.fuldaer-nachrichten.de\/?p=120181"},"modified":"2014-02-26T17:51:16","modified_gmt":"2014-02-26T17:51:16","slug":"gleisarbeiten-zwischen-fulda-bronzell-und-fulda-hauptbahnhof","status":"publish","type":"post","link":"https:\/\/www.fuldaernachrichten.de\/?p=120181","title":{"rendered":"Gleisarbeiten zwischen Fulda-Bronzell und Fulda Hauptbahnhof"},"content":{"rendered":"<p>Fulda. Aufgrund von Gleisarbeiten im Auftrag der Deutschen Bahn AG kommt es von Sonnabend, 1. M\u00e4rz 2014, bis Montag, 31. M\u00e4rz 2014, jeweils an den Wochenenden entlang der Bahnstrecke zwischen Fulda-Bronzell und Fulda Hauptbahnhof zu Beeintr\u00e4chtigungen. Die Arbeiten werden tags\u00fcber sowie in der Nacht ausgef\u00fchrt. Betroffen ist davon auch der Bahn\u00fcbergang an der Schimmelstra\u00dfe in Fulda-Bronzell, der w\u00e4hrend der Arbeiten gesperrt wird. F\u00fcr den genannten Zeitraum bittet die Deutsche Bahn AG alle Betroffenen, insbesondere die Anwohner, um Verst\u00e4ndnis f\u00fcr die durch Baumaschinen und Sicherungsma\u00dfnahmen verbundenen Unannehmlichkeiten wie Staub und L\u00e4rm. Die Deutsche Bahn AG ist bestrebt, die Beeintr\u00e4chtigungen so gering wie m\u00f6glich zu halten.<\/p>\n","protected":false},"excerpt":{"rendered":"<div class=\"tmnf_excerpt\"><p>Fulda. Aufgrund von Gleisarbeiten im Auftrag der Deutschen Bahn AG kommt es von Sonnabend, 1. M\u00e4rz 2014, bis Montag, 31. M\u00e4rz 2014, jeweils an den Wochenenden entlang der Bahnstrecke zwischen Fulda-Bronzell und Fulda Hauptbahnhof zu Beeintr\u00e4chtigungen. Die Arbeiten werden tags\u00fcber sowie in der Nacht ausgef\u00fchrt. Betroffen ist davon auch der Bahn\u00fcbergang an der Schimmelstra\u00dfe in &hellip;<\/p>\n<\/div>","protected":false},"author":1,"featured_media":0,"comment_status":"closed","ping_status":"closed","sticky":false,"template":"","format":"standard","meta":{"footnotes":""},"categories":[1,35],"tags":[],"class_list":["post-120181","post","type-post","status-publish","format-standard","hentry","category-startseite","category-auto"],"_links":{"self":[{"href":"https:\/\/www.fuldaernachrichten.de\/index.php?rest_route=\/wp\/v2\/posts\/120181","targetHints":{"allow":["GET"]}}],"collection":[{"href":"https:\/\/www.fuldaernachrichten.de\/index.php?rest_route=\/wp\/v2\/posts"}],"about":[{"href":"https:\/\/www.fuldaernachrichten.de\/index.php?rest_route=\/wp\/v2\/types\/post"}],"author":[{"embeddable":true,"href":"https:\/\/www.fuldaernachrichten.de\/index.php?rest_route=\/wp\/v2\/users\/1"}],"replies":[{"embeddable":true,"href":"https:\/\/www.fuldaernachrichten.de\/index.php?rest_route=%2Fwp%2Fv2%2Fcomments&post=120181"}],"version-history":[{"count":1,"href":"https:\/\/www.fuldaernachrichten.de\/index.php?rest_route=\/wp\/v2\/posts\/120181\/revisions"}],"predecessor-version":[{"id":120182,"href":"https:\/\/www.fuldaernachrichten.de\/index.php?rest_route=\/wp\/v2\/posts\/120181\/revisions\/120182"}],"wp:attachment":[{"href":"https:\/\/www.fuldaernachrichten.de\/index.php?rest_route=%2Fwp%2Fv2%2Fmedia&parent=120181"}],"wp:term":[{"taxonomy":"category","embeddable":true,"href":"https:\/\/www.fuldaernachrichten.de\/index.php?rest_route=%2Fwp%2Fv2%2Fcategories&post=120181"},{"taxonomy":"post_tag","embeddable":true,"href":"https:\/\/www.fuldaernachrichten.de\/index.php?rest_route=%2Fwp%2Fv2%2Ftags&post=120181"}],"curies":[{"name":"wp","href":"https:\/\/api.w.org\/{rel}","templated":true}]}}