{"id":120179,"date":"2014-02-28T00:12:17","date_gmt":"2014-02-28T00:12:17","guid":{"rendered":"http:\/\/www.fuldaer-nachrichten.de\/?p=120179"},"modified":"2014-02-26T17:49:55","modified_gmt":"2014-02-26T17:49:55","slug":"trainingsbeginn-kreuzkirche-fulda","status":"publish","type":"post","link":"https:\/\/www.fuldaernachrichten.de\/?p=120179","title":{"rendered":"Trainingsbeginn Kreuzkirche Fulda"},"content":{"rendered":"<p>Fulda. Am Samstag, 15. M\u00e4rz 2014, 10.00 Uhr, startet die Evangelische Kreuzkirche, Fulda-Neuenberg, mit einem Angebot f\u00fcr Laufanf\u00e4nger. \u201eAm 24. Mai 2014 ist Challengelauf. In 10 Wochen ist auch jeder Anf\u00e4nger fit, die rund 6 km-Strecke durchzulaufen\u201c, ist L\u00e4ufer Pfarrer Stefan B\u00fcrger zuversichtlich. Daf\u00fcr bietet Lauftrainer Hartmut Ruppenthal ein kostenloses und erprobtes Trainingsprogramm. Dreimal w\u00f6chentlich trifft man sich an der Kreuzkirche (montags und donnerstags, 18 Uhr, samstags 10 Uhr), um langsam zu beginnen und sich von Woche zu Woche bis zum Challengelauf zu steigern. \u201eJeden und jede nehmen wir mit, auch die nicht so Schnellen und Konditionsstarken, selbstverst\u00e4ndlich f\u00fcr uns als Kirche und unabh\u00e4ngig von Alter und Konfession\u201c, so Trainer Ruppenthal. Auch fortgeschrittene L\u00e4ufer sind willkommen. Sie laufen zur gleichen Zeit in anderer Gruppe. (www.kreuzkirche-fulda.de)<\/p>\n","protected":false},"excerpt":{"rendered":"<div class=\"tmnf_excerpt\"><p>Fulda. Am Samstag, 15. M\u00e4rz 2014, 10.00 Uhr, startet die Evangelische Kreuzkirche, Fulda-Neuenberg, mit einem Angebot f\u00fcr Laufanf\u00e4nger. \u201eAm 24. Mai 2014 ist Challengelauf. In 10 Wochen ist auch jeder Anf\u00e4nger fit, die rund 6 km-Strecke durchzulaufen\u201c, ist L\u00e4ufer Pfarrer Stefan B\u00fcrger zuversichtlich. Daf\u00fcr bietet Lauftrainer Hartmut Ruppenthal ein kostenloses und erprobtes Trainingsprogramm. Dreimal w\u00f6chentlich &hellip;<\/p>\n<\/div>","protected":false},"author":1,"featured_media":0,"comment_status":"closed","ping_status":"closed","sticky":false,"template":"","format":"standard","meta":{"footnotes":""},"categories":[1,50],"tags":[],"class_list":["post-120179","post","type-post","status-publish","format-standard","hentry","category-startseite","category-kirche"],"_links":{"self":[{"href":"https:\/\/www.fuldaernachrichten.de\/index.php?rest_route=\/wp\/v2\/posts\/120179","targetHints":{"allow":["GET"]}}],"collection":[{"href":"https:\/\/www.fuldaernachrichten.de\/index.php?rest_route=\/wp\/v2\/posts"}],"about":[{"href":"https:\/\/www.fuldaernachrichten.de\/index.php?rest_route=\/wp\/v2\/types\/post"}],"author":[{"embeddable":true,"href":"https:\/\/www.fuldaernachrichten.de\/index.php?rest_route=\/wp\/v2\/users\/1"}],"replies":[{"embeddable":true,"href":"https:\/\/www.fuldaernachrichten.de\/index.php?rest_route=%2Fwp%2Fv2%2Fcomments&post=120179"}],"version-history":[{"count":1,"href":"https:\/\/www.fuldaernachrichten.de\/index.php?rest_route=\/wp\/v2\/posts\/120179\/revisions"}],"predecessor-version":[{"id":120180,"href":"https:\/\/www.fuldaernachrichten.de\/index.php?rest_route=\/wp\/v2\/posts\/120179\/revisions\/120180"}],"wp:attachment":[{"href":"https:\/\/www.fuldaernachrichten.de\/index.php?rest_route=%2Fwp%2Fv2%2Fmedia&parent=120179"}],"wp:term":[{"taxonomy":"category","embeddable":true,"href":"https:\/\/www.fuldaernachrichten.de\/index.php?rest_route=%2Fwp%2Fv2%2Fcategories&post=120179"},{"taxonomy":"post_tag","embeddable":true,"href":"https:\/\/www.fuldaernachrichten.de\/index.php?rest_route=%2Fwp%2Fv2%2Ftags&post=120179"}],"curies":[{"name":"wp","href":"https:\/\/api.w.org\/{rel}","templated":true}]}}